{"id":3313,"date":"2018-07-06T20:45:26","date_gmt":"2018-07-06T20:45:26","guid":{"rendered":"http:\/\/palavradeamorpalavra.sallep.net\/?p=3313"},"modified":"2022-11-17T20:28:11","modified_gmt":"2022-11-17T20:28:11","slug":"um-profeta-so-e-desprezado-na-sua-terra","status":"publish","type":"post","link":"https:\/\/palavradeamorpalavra.sallep.net\/?p=3313","title":{"rendered":"\u00abUm profeta s\u00f3 \u00e9 desprezado na sua terra&#8230;"},"content":{"rendered":"<p><a href=\"http:\/\/palavradeamorpalavra.sallep.net\/wp-content\/uploads\/2018\/07\/37bb-\u00abUm-profeta-s\u00f3-\u00e9-desprezado-na-sua-terra....gif\"><img fetchpriority=\"high\" decoding=\"async\" class=\"aligncenter size-full wp-image-3314\" src=\"http:\/\/palavradeamorpalavra.sallep.net\/wp-content\/uploads\/2018\/07\/37bb-\u00abUm-profeta-s\u00f3-\u00e9-desprezado-na-sua-terra....gif\" alt=\"37bb- \u00abUm profeta s\u00f3 \u00e9 desprezado na sua terra...\" width=\"510\" height=\"383\" \/><\/a><\/p>\n<p><strong>\u00a0&#8211;\u00a0<em>A<\/em>\u00a0<em>PALAVRA, Refletida<\/em>\u00a0ao ritmo Lit\u00fargico &#8211;<\/strong><\/p>\n<p><em>(Ciclo B \u2013 Domingo 14 do T. Comum)<\/em><\/p>\n<p><strong><em>\u00a0<\/em><\/strong><\/p>\n<p><strong><em>\u201c<\/em><\/strong><strong><em>Jesus dirigiu-Se \u00e0 sua terra\u2026 Quando chegou o s\u00e1bado, come\u00e7ou a ensinar na sinagoga \u2026 E ficavam perplexos a seu respeito. Jesus disse-lhes: <u>\u00abUm profeta s\u00f3 \u00e9 desprezado na sua terra<\/u>, entre os seus parentes e em sua casa\u00bb. E n\u00e3o podia ali fazer qualquer milagre; apenas curou alguns doentes, impondo-lhes as m\u00e3os. Estava admirado com a falta de f\u00e9 daquela gente\u201d. (Mc 6,<\/em><\/strong><strong><em>1-2.4-5 <\/em><\/strong><strong><em>\/ 3\u00aa L.). <\/em><\/strong><\/p>\n<p>&nbsp;<\/p>\n<p>Foi esta a primeira vez que Jesus \u2013 na sua vida p\u00fablica \u2013 voltou \u00e0 sua terra, Nazar\u00e9. E deve ter sido a primeira e a \u00fanica, a julgar pelo que lemos tamb\u00e9m neste relato <em>(\u00abDe onde Lhe vem tudo isto?&#8230; N\u00e3o \u00e9 Ele o carpinteiro, filho de Maria, e irm\u00e3o de Tiago, de Jos\u00e9, de Judas e de Sim\u00e3o? E n\u00e3o est\u00e3o as suas irm\u00e3s aqui entre n\u00f3s?\u00bb\u2026<\/em>). Mas sobretudo pelo que aconteceu no fim, e que <em>Lucas<\/em> regista na <em>\u2018passagem paralela\u2019<\/em> deste epis\u00f3dio <em>(Lc 4,<\/em><em>29<\/em><em>)<\/em>. A\u00ed se diz que aqueles conterr\u00e2neos, indignados, <em>\u201cquiseram despenh\u00e1-l\u2019O por um precip\u00edcio\u201d<\/em>\u2026 Por\u00e9m, antes de abandonar a sua terra, sem poder fazer milagres pela sua falta de f\u00e9, <em>\u201ccurou alguns doentes impondo-lhes as m\u00e3os\u201d<\/em>. Com certeza que <em>estes<\/em> seriam dos mais esquecidos e abandonados da aldeia, mas de uma <em>f\u00e9 simples! <\/em><\/p>\n<p>&nbsp;<\/p>\n<p>A \u2013 Afinal, e para resumir toda esta situa\u00e7\u00e3o, ficou famosa a afirma\u00e7\u00e3o de Jesus: \u00abUm profeta s\u00f3 \u00e9 desprezado na sua terra\u2026\u00bb; ou, pelo menos, \u00abn\u00e3o \u00e9 bem recebido\u00bb. Isto, a que pode ser devido?<\/p>\n<p>B \u2013 Podemos pensar que, em primeiro lugar, alguma gente est\u00e1 cheia de \u201cpreconceitos\u201d. Achavam <em>\u201ca sabedoria que Jesus manifestava\u201d<\/em> como \u2018n\u00e3o normal\u2019 \u2013 na sua opini\u00e3o! \u2013 tendo em conta o percurso da vida de Jesus na sua aldeia. (<em>Se afinal <\/em>\u2013 pensavam eles &#8211; <em>era como \u2018um de n\u00f3s\u2019!<\/em>).<\/p>\n<p>A \u2013 \u00c9 evidente que, enquanto os <em>indiv\u00edduos,<\/em> ou os <em>grupos,<\/em> n\u00e3o se libertem de <em>preconceitos<\/em> acerca das outras pessoas (ou de seja l\u00e1 o que for) estar\u00e3o <em>fechados<\/em> a toda e qualquer verdade nova.<\/p>\n<p>B \u2013 H\u00e1, no entanto, al\u00e9m do <em>preconceito<\/em>, uma outra causa para explicar isso de fechar os olhos \u00e0 luz e se opor \u00e0 real e patente verdade. \u00c9 <em>apoiar-se<\/em> apenas no material, <em>apostar<\/em> s\u00f3 \u201cna carne\u201d\u2026<\/p>\n<p>A \u2013 Dir-se-ia, ent\u00e3o, que ficamos fechados ao Esp\u00edrito e ao espiritual, de maneira que s\u00f3 contaria para n\u00f3s o que vemos ou tocamos, e os la\u00e7os sangu\u00edneos ou carnais. Ou seja: <em>\u00e9 o carpinteiro\u2026 filho de Maria\u2026 primo-irm\u00e3o de Tiago, de Jos\u00e9, de Sim\u00e3o, de Judas<\/em>\u2026 e da outra <em>parentela<\/em>\u2026<\/p>\n<p>B \u2013 Apenas e s\u00f3 conta \u2013 para esses tais \u2013 a dimens\u00e3o <em>esp\u00e1cio-temporal<\/em> e\/ou \u2018f\u00edsico-qu\u00edmica\u2019\u2026 Mas a <em>Escritura<\/em> \u00e9 <em>reiterativa, clara e radical<\/em> neste sentido. Tem express\u00f5es deste teor: <em>\u00abAi daquele homem que se apoia apenas no homem, na carne, e n\u00e3o no Senhor Deus!\u00bb<\/em>. [cf. Jr 17; Is 2; \u2026].<\/p>\n<p>&nbsp;<\/p>\n<p style=\"text-align: right;\"><u>A\/B<\/u>: <strong>Ningu\u00e9m pode presumir ou orgulhar-se de estar livre de preconceitos\u2026<\/strong><\/p>\n<p style=\"text-align: right;\"><strong>Tu, Jesus, que conheces esta realidade nas pessoas, e foste v\u00edtima dela muitas vezes,<\/strong><\/p>\n<p style=\"text-align: right;\"><strong>envolve-nos e penetra-nos com a luz do Teu Esp\u00edrito, que desfaz toda a falsidade&#8230;<\/strong><\/p>\n<p style=\"text-align: right;\"><strong>Nunca sejamos n\u00f3s daqueles indiv\u00edduos, sobre os que nos alertam as<em> Escrituras<\/em>,<\/strong><\/p>\n<p style=\"text-align: right;\"><strong>os tais <em>\u201chomens que se apoiam apenas e s\u00f3 noutros homens\u201d <\/em>em vez de em Deus!<\/strong><\/p>\n<p style=\"text-align: right;\"><strong>E que saibamos, Jesus, p\u00f4r <em>os la\u00e7os<\/em> humanos e de sangue no lugar pr\u00f3prio.\u00a0 <\/strong><\/p>\n<p><strong>\u00a0\u00a0 \u00a0\u00a0\u00a0<\/strong><\/p>\n<p>\/\/ <em>PARA uma outra REFLEX\u00c3O ALARGADA:<\/em> <a href=\"http:\/\/palavradeamorpalavra.sallep.net\">http:\/\/palavradeamorpalavra.sallep.net<\/a><\/p>\n","protected":false},"excerpt":{"rendered":"<p>\u00a0&#8211;\u00a0A\u00a0PALAVRA, Refletida\u00a0ao ritmo Lit\u00fargico &#8211; (Ciclo B \u2013 Domingo 14 do T. Comum) \u00a0 \u201cJesus dirigiu-Se \u00e0 sua terra\u2026 Quando chegou o s\u00e1bado, come\u00e7ou a ensinar na sinagoga \u2026 E ficavam perplexos a seu respeito. Jesus disse-lhes: \u00abUm profeta s\u00f3 \u00e9 desprezado na sua terra, entre os seus parentes e em sua casa\u00bb. E n\u00e3o [&hellip;]<\/p>\n","protected":false},"author":2,"featured_media":0,"comment_status":"open","ping_status":"open","sticky":false,"template":"","format":"standard","meta":{"footnotes":""},"categories":[6],"tags":[],"class_list":["post-3313","post","type-post","status-publish","format-standard","hentry","category-refletida","has-post-title","has-post-date","has-post-category","has-post-tag","has-post-comment","has-post-author",""],"builder_content":"","_links":{"self":[{"href":"https:\/\/palavradeamorpalavra.sallep.net\/index.php?rest_route=\/wp\/v2\/posts\/3313","targetHints":{"allow":["GET"]}}],"collection":[{"href":"https:\/\/palavradeamorpalavra.sallep.net\/index.php?rest_route=\/wp\/v2\/posts"}],"about":[{"href":"https:\/\/palavradeamorpalavra.sallep.net\/index.php?rest_route=\/wp\/v2\/types\/post"}],"author":[{"embeddable":true,"href":"https:\/\/palavradeamorpalavra.sallep.net\/index.php?rest_route=\/wp\/v2\/users\/2"}],"replies":[{"embeddable":true,"href":"https:\/\/palavradeamorpalavra.sallep.net\/index.php?rest_route=%2Fwp%2Fv2%2Fcomments&post=3313"}],"version-history":[{"count":1,"href":"https:\/\/palavradeamorpalavra.sallep.net\/index.php?rest_route=\/wp\/v2\/posts\/3313\/revisions"}],"predecessor-version":[{"id":3315,"href":"https:\/\/palavradeamorpalavra.sallep.net\/index.php?rest_route=\/wp\/v2\/posts\/3313\/revisions\/3315"}],"wp:attachment":[{"href":"https:\/\/palavradeamorpalavra.sallep.net\/index.php?rest_route=%2Fwp%2Fv2%2Fmedia&parent=3313"}],"wp:term":[{"taxonomy":"category","embeddable":true,"href":"https:\/\/palavradeamorpalavra.sallep.net\/index.php?rest_route=%2Fwp%2Fv2%2Fcategories&post=3313"},{"taxonomy":"post_tag","embeddable":true,"href":"https:\/\/palavradeamorpalavra.sallep.net\/index.php?rest_route=%2Fwp%2Fv2%2Ftags&post=3313"}],"curies":[{"name":"wp","href":"https:\/\/api.w.org\/{rel}","templated":true}]}}