{"id":3333,"date":"2018-07-14T11:54:14","date_gmt":"2018-07-14T11:54:14","guid":{"rendered":"http:\/\/palavradeamorpalavra.sallep.net\/?p=3333"},"modified":"2022-11-17T19:09:12","modified_gmt":"2022-11-17T19:09:12","slug":"foi-o-senhor-que-me-disse-vai-profetizar","status":"publish","type":"post","link":"https:\/\/palavradeamorpalavra.sallep.net\/?p=3333","title":{"rendered":"\u00abFoi o Senhor que me disse &#8211; &#8216;Vai profetizar&#8230;"},"content":{"rendered":"<p><a href=\"http:\/\/palavradeamorpalavra.sallep.net\/wp-content\/uploads\/2018\/07\/38bb-\u00abFoi-o-Senhor-que-me-disse-Vai-profetizar...-1.jpg\"><img fetchpriority=\"high\" decoding=\"async\" class=\"aligncenter size-full wp-image-3330\" src=\"http:\/\/palavradeamorpalavra.sallep.net\/wp-content\/uploads\/2018\/07\/38bb-\u00abFoi-o-Senhor-que-me-disse-Vai-profetizar...-1.jpg\" alt=\"38bb- \u00abFoi o Senhor que me disse - 'Vai profetizar...\" width=\"300\" height=\"338\" srcset=\"https:\/\/palavradeamorpalavra.sallep.net\/wp-content\/uploads\/2018\/07\/38bb-\u00abFoi-o-Senhor-que-me-disse-Vai-profetizar...-1.jpg 300w, https:\/\/palavradeamorpalavra.sallep.net\/wp-content\/uploads\/2018\/07\/38bb-\u00abFoi-o-Senhor-que-me-disse-Vai-profetizar...-1-266x300.jpg 266w, https:\/\/palavradeamorpalavra.sallep.net\/wp-content\/uploads\/2018\/07\/38bb-\u00abFoi-o-Senhor-que-me-disse-Vai-profetizar...-1-398x448.jpg 398w\" sizes=\"(max-width: 300px) 100vw, 300px\" \/><\/a><\/p>\n<p><strong>&#8211;\u00a0<em>A<\/em>\u00a0<em>PALAVRA, Refletida<\/em>\u00a0ao ritmo Lit\u00fargico &#8211;<\/strong><\/p>\n<p><em>(Ciclo B \u2013 Domingo 15 do T. Comum)<\/em><\/p>\n<p><strong><em>\u00a0<\/em><\/strong><\/p>\n<p><strong><em>\u201c<\/em><\/strong><strong><em>Amasias, sacerdote de Betel, disse a Am\u00f3s: \u00abSai daqui, vidente \u2026 N\u00e3o continues a profetizar aqui em Betel, que \u00e9 o santu\u00e1rio real, o templo do reino\u00bb. Am\u00f3s respondeu a Amasias: \u00abEu n\u00e3o era profeta, nem filho de profeta. Era pastor de gado e cultivava sic\u00f3moros. <u>Foi o Senhor que<\/u> me tirou da guarda do rebanho e <u>me disse: \u2018Vai profetizar<\/u> ao meu povo de Israel\u2019\u00bb\u201d. (Am 7,<\/em><\/strong><strong><em>12-15 <\/em><\/strong><strong><em>\/ 1\u00aa L.). <\/em><\/strong><\/p>\n<p>&nbsp;<\/p>\n<p>Na hist\u00f3ria das <em>Profecias B\u00edblicas<\/em>, o profeta <em>Am\u00f3s<\/em> aparece como o primeiro e mais antigo daqueles <em>profetas<\/em> conhecidos como \u201cprofetas escritores\u201d, isto \u00e9, os que deixaram j\u00e1 <em>por escrito<\/em> (eles ou os disc\u00edpulos) as suas \u201cprofecias\u201d. \u00c9 verdade que outras profecias, atribu\u00eddas a profetas anteriores a Am\u00f3s (como: Samuel, Elias, Eliseu\u2026) tamb\u00e9m ficaram <em>registadas<\/em>, mas <em>inseridas noutros Livros<\/em>, escritos por autores muito posteriores\u2026 E o facto de o grande <em>profeta Isa\u00edas<\/em> ter o \u2018apelido\u2019 de<em> \u201cfilho de Am\u00f3s\u201d <\/em><em>(cf. Is 1,<\/em><em>1<\/em><em>; 19,<\/em><em>2<\/em><em>; etc.) <\/em>n\u00e3o significa que este Am\u00f3s (profeta) fosse o pai biol\u00f3gico de Isa\u00edas. Mas o facto de coincidir os dois \u2018nomes\u2019 faz com que, tradicionalmente, tanto <em>escritores judeus <\/em>como<em> crist\u00e3os,<\/em> o tenham considerado como <em>o pai \u201cespiritual\u201d<\/em> dos profetas posteriores, a come\u00e7ar por Isa\u00edas. E assim, curiosamente, um dos \u00abprofetas Menores\u00bb ser\u00e1 considerado, neste sentido, como <em>\u201co pai\u201d<\/em> do primeiro dos \u00abprofetas Maiores\u00bb e de todos os restantes profetas b\u00edblicos\u2026<\/p>\n<p>&nbsp;<\/p>\n<p>A \u2013 Devemos saber que a \u201cprofecia\u201d, ou \u201cmiss\u00e3o prof\u00e9tica\u201d, existiu desde que come\u00e7ou a formar-se o \u2018Povo de Deus\u2019, isto \u00e9, quando os descendentes de Abra\u00e3o come\u00e7aram a sentirem-se <em>Povo?<\/em><\/p>\n<p>B \u2013 Verifica-se como uma necessidade inerente \u00e0 exist\u00eancia de toda a <em>comunidade<\/em> o facto de haver quem transmita a vontade e os planos de Deus (\u201canunciadores\u201d) ao \u201cpovo\u201d e\/ou quem descubra e acuse toda a forma grave de <em>mal<\/em> existente nos indiv\u00edduos e\/ou nos grupos (\u201cdenunciadores\u201d).<\/p>\n<p>A \u2013 Assim sendo, esta classe de <em>profetas<\/em> dever\u00e1 existir sempre entre n\u00f3s, com essa dupla <em>miss\u00e3o<\/em>: a de ser <em>a voz de Deus<\/em> que transmite a Sua Vontade e des\u00edgnios de Salva\u00e7\u00e3o \u2013 o <em>\u201can\u00fancio\u201d \u2013<\/em>; e a de <em>acusar e corrigir <\/em>os abusos e maldades nas sociedades humanas \u2013 a <em>\u201cden\u00fancia\u201d<\/em> \u2013.<\/p>\n<p>B \u2013 Por\u00e9m, no caso deste profeta Am\u00f3s \u2013 pelas realidades de degrada\u00e7\u00e3o e corrup\u00e7\u00e3o existentes nesse \u00abreino do Norte\u00bb (Israel), predominou a <em>miss\u00e3o<\/em> de denunciar e anunciar fortes <em>castigos<\/em>\u2026<\/p>\n<p>A \u2013 N\u00e3o podemos esquecer que ele foi enviado, desde o reino de Jud\u00e1, ainda <em>fiel<\/em> ao Senhor, para o <em>cism\u00e1tico<\/em> (\u2018separado\u2019) reino de Israel, <em>infiel<\/em>, e agora est\u00e1 perante os \u2018sacerdotes\u2019 do \u00eddolo de Betel.<\/p>\n<p>B \u2013 Resulta interessante observar a profiss\u00e3o que tinha exercido Am\u00f3s enquanto vivia na sua terra: \u2018pastor de gado\u2019 e \u2018cultivador de sic\u00f3moros\u2019. Mas que <em>sentido teria isto<\/em> para Deus, na <em>nova miss\u00e3o<\/em>?<\/p>\n<p>A \u2013 \u00c9 f\u00e1cil encontrarmos <em>semelhan\u00e7as<\/em> entre: \u2018esse gado\u2019 que, \u00e0s vezes, segue atr\u00e1s dos primeiros animais da manada, em vez de seguir o pr\u00f3prio pastor, e os<em> rebanhos humanos<\/em> que caminham, <em>\u00e0s cegas<\/em>, atr\u00e1s de \u2018certos l\u00edderes\u2019 pelas rotas do mal, em vez de seguir \u201co Pastor da Verdade\u201d\u2026<\/p>\n<p>B \u2013 E sabe-se tamb\u00e9m que o cultivo dos \u2018sic\u00f3moros\u2019 requer um trabalho duro, dedicado e demorado para que os <em>frutos<\/em>, inicialmente \u2018figos bravos\u2019, se transformem em <em>fruta agrad\u00e1vel<\/em>\u2026<\/p>\n<p>A \u2013 Ser\u00e1 que \u2013 no plano de Deus \u2013 \u2018essa experi\u00eancia\u2019 ajudou Am\u00f3s na \u201csua <em>miss\u00e3o<\/em> prof\u00e9tica\u201d?&#8230;<\/p>\n<p>&nbsp;<\/p>\n<p style=\"text-align: right;\"><u>A\/B<\/u>: <strong>Os Teus <em>profetas<\/em> \u2013 \u201cmission\u00e1rios\u201d \u2013 de hoje e de sempre, Senhor Jesus,<\/strong><\/p>\n<p style=\"text-align: right;\"><strong>que somos \u2013 devemos ser! \u2013 todos os crist\u00e3os, desde o nosso Batismo:<\/strong><\/p>\n<p style=\"text-align: right;\"><strong>aprenderemos, conTigo, o of\u00edcio de pastores dos Teus \u201cpequenos rebanhos\u201d&#8230;<\/strong><\/p>\n<p style=\"text-align: right;\"><strong>Com a Tua ajuda e companhia, Pastor da Verdade, seremos capazes, como <em>profetas fi\u00e9is<\/em>,<\/strong><\/p>\n<p style=\"text-align: right;\"><strong>de entregar a nossa vida para transformar os \u2018frutos bravos\u2019 em <em>frutos de salva\u00e7\u00e3o!<\/em>\u00a0<\/strong><\/p>\n<p><strong>\u00a0\u00a0 \u00a0\u00a0\u00a0<\/strong><\/p>\n<p>\/\/ <em>PARA uma outra REFLEX\u00c3O ALARGADA:<\/em> <a href=\"http:\/\/palavradeamorpalavra.sallep.net\">http:\/\/palavradeamorpalavra.sallep.net<\/a><\/p>\n","protected":false},"excerpt":{"rendered":"<p>&#8211;\u00a0A\u00a0PALAVRA, Refletida\u00a0ao ritmo Lit\u00fargico &#8211; (Ciclo B \u2013 Domingo 15 do T. Comum) \u00a0 \u201cAmasias, sacerdote de Betel, disse a Am\u00f3s: \u00abSai daqui, vidente \u2026 N\u00e3o continues a profetizar aqui em Betel, que \u00e9 o santu\u00e1rio real, o templo do reino\u00bb. Am\u00f3s respondeu a Amasias: \u00abEu n\u00e3o era profeta, nem filho de profeta. Era pastor [&hellip;]<\/p>\n","protected":false},"author":2,"featured_media":0,"comment_status":"open","ping_status":"open","sticky":false,"template":"","format":"standard","meta":{"footnotes":""},"categories":[6],"tags":[],"class_list":["post-3333","post","type-post","status-publish","format-standard","hentry","category-refletida","has-post-title","has-post-date","has-post-category","has-post-tag","has-post-comment","has-post-author",""],"builder_content":"","_links":{"self":[{"href":"https:\/\/palavradeamorpalavra.sallep.net\/index.php?rest_route=\/wp\/v2\/posts\/3333","targetHints":{"allow":["GET"]}}],"collection":[{"href":"https:\/\/palavradeamorpalavra.sallep.net\/index.php?rest_route=\/wp\/v2\/posts"}],"about":[{"href":"https:\/\/palavradeamorpalavra.sallep.net\/index.php?rest_route=\/wp\/v2\/types\/post"}],"author":[{"embeddable":true,"href":"https:\/\/palavradeamorpalavra.sallep.net\/index.php?rest_route=\/wp\/v2\/users\/2"}],"replies":[{"embeddable":true,"href":"https:\/\/palavradeamorpalavra.sallep.net\/index.php?rest_route=%2Fwp%2Fv2%2Fcomments&post=3333"}],"version-history":[{"count":1,"href":"https:\/\/palavradeamorpalavra.sallep.net\/index.php?rest_route=\/wp\/v2\/posts\/3333\/revisions"}],"predecessor-version":[{"id":3334,"href":"https:\/\/palavradeamorpalavra.sallep.net\/index.php?rest_route=\/wp\/v2\/posts\/3333\/revisions\/3334"}],"wp:attachment":[{"href":"https:\/\/palavradeamorpalavra.sallep.net\/index.php?rest_route=%2Fwp%2Fv2%2Fmedia&parent=3333"}],"wp:term":[{"taxonomy":"category","embeddable":true,"href":"https:\/\/palavradeamorpalavra.sallep.net\/index.php?rest_route=%2Fwp%2Fv2%2Fcategories&post=3333"},{"taxonomy":"post_tag","embeddable":true,"href":"https:\/\/palavradeamorpalavra.sallep.net\/index.php?rest_route=%2Fwp%2Fv2%2Ftags&post=3333"}],"curies":[{"name":"wp","href":"https:\/\/api.w.org\/{rel}","templated":true}]}}