{"id":3342,"date":"2018-07-20T20:39:33","date_gmt":"2018-07-20T20:39:33","guid":{"rendered":"http:\/\/palavradeamorpalavra.sallep.net\/?p=3342"},"modified":"2022-11-17T05:38:18","modified_gmt":"2022-11-17T05:38:18","slug":"vinde-comigo-para-um-lugar-isolado","status":"publish","type":"post","link":"https:\/\/palavradeamorpalavra.sallep.net\/?p=3342","title":{"rendered":"\u00abVinde comigo para um lugar isolado&#8230;"},"content":{"rendered":"<p><a href=\"http:\/\/palavradeamorpalavra.sallep.net\/wp-content\/uploads\/2018\/07\/39bb-\u00abVinde-comigo-para-um-lugar-isolado....jpg\"><img fetchpriority=\"high\" decoding=\"async\" class=\"aligncenter size-full wp-image-3343\" src=\"http:\/\/palavradeamorpalavra.sallep.net\/wp-content\/uploads\/2018\/07\/39bb-\u00abVinde-comigo-para-um-lugar-isolado....jpg\" alt=\"39bb- \u00abVinde comigo para um lugar isolado...\" width=\"640\" height=\"440\" srcset=\"https:\/\/palavradeamorpalavra.sallep.net\/wp-content\/uploads\/2018\/07\/39bb-\u00abVinde-comigo-para-um-lugar-isolado....jpg 640w, https:\/\/palavradeamorpalavra.sallep.net\/wp-content\/uploads\/2018\/07\/39bb-\u00abVinde-comigo-para-um-lugar-isolado...-300x206.jpg 300w, https:\/\/palavradeamorpalavra.sallep.net\/wp-content\/uploads\/2018\/07\/39bb-\u00abVinde-comigo-para-um-lugar-isolado...-398x273.jpg 398w\" sizes=\"(max-width: 640px) 100vw, 640px\" \/><\/a><\/p>\n<p><strong>\u00a0&#8211;\u00a0<em>A<\/em>\u00a0<em>PALAVRA, Refletida<\/em>\u00a0ao ritmo Lit\u00fargico &#8211;<\/strong><\/p>\n<p><em>(Ciclo B \u2013 Domingo 16 do T. Comum)<\/em><\/p>\n<p><strong><em>\u00a0<\/em><\/strong><\/p>\n<p><strong><em>\u201c<\/em><\/strong><strong><em>Os Ap\u00f3stolos voltaram para junto de Jesus e contaram-Lhe tudo o que tinham feito e ensinado. Ent\u00e3o Jesus disse-lhes: \u00ab<u>Vinde comigo para um lugar isolado<\/u> e descansai um pouco\u00bb. De facto, havia sempre tanta gente a chegar e a partir que eles nem tinham tempo de comer\u201d. (Mc 6,<\/em><\/strong><strong><em>30-31 <\/em><\/strong><strong><em>\/ 3\u00aa L.). <\/em><\/strong><\/p>\n<p>&nbsp;<\/p>\n<p>\u00c9 conveniente \u2013 para centrarmos o texto e o evento que narra \u2013 lembrarmos aqui o acontecimento anterior, que este texto pressup\u00f5e. Esses mesmos <em>ap\u00f3stolos<\/em> tinham sido enviados por Jesus (ap\u00f3stolo=\u2018enviado\u2019), <em>\u201cdois a dois, com poder sobre os esp\u00edritos malignos\u2026 para pregar o arrependimento, expulsar dem\u00f3nios, ungir com \u00f3leo os doentes e cur\u00e1-los\u201d (Mc 6,<\/em><em>7.12-13<\/em><em>)<\/em>. Agora regressam junto de Jesus e contam-Lhe, entusiasmados, <em>\u201ctudo o que tinham feito e ensinado\u201d<\/em>\u2026<\/p>\n<p>&nbsp;<\/p>\n<p>A \u2013 \u00c9 interessante ver como Jesus \u2013 logo de Se deixar contagiar da natural alegria e entusiasmo dos ap\u00f3stolos pela obra realizada \u2013 chama a aten\u00e7\u00e3o para a <em>necessidade de se isolar e descansar<\/em>. B \u2013 Todavia, n\u00e3o nos deve admirar, dado que a <em>miss\u00e3o<\/em> apost\u00f3lica, como qualquer outro <em>trabalho e atividade<\/em>, acaba cansando e desgastando, at\u00e9 produzir elevado esgotamento f\u00edsico e\/ou ps\u00edquico\u2026<\/p>\n<p>A \u2013 O pr\u00f3prio Jesus, como j\u00e1 sabemos (cf. Mc 3,20-21) foi v\u00edtima dos efeitos de uma excessiva <em>atividade mission\u00e1ria<\/em>, n\u00e3o controlada a tempo e hora. Afinal, era <em>humano<\/em> como todos n\u00f3s, e soube compreender a preocupa\u00e7\u00e3o da sua M\u00e3e e fam\u00edlia, aceitando o seu aviso (Mc 3,31-32) \u2026<\/p>\n<p>B \u2013 F\u00e1cil \u00e9 deduzir que Jesus aprendia as li\u00e7\u00f5es da vida como ningu\u00e9m. E aqui vemos como evita repetir o erro, ao verificar agora que os ap\u00f3stolos est\u00e3o a acumular excesso de <em>cansa\u00e7o e fadiga<\/em>.<\/p>\n<p>A \u2013 Claro que n\u00f3s podemos preguntar-nos: Com este conselho e apelo aos que regressam dessa miss\u00e3o, pretendia Ele somente recuperar as for\u00e7as f\u00edsicas e ps\u00edquicas? N\u00e3o quereria algo mais?<\/p>\n<p>B \u2013 Pela experi\u00eancia do pr\u00f3prio Jesus, em casos semelhantes, somos inclinados a pensar que um segundo objetivo \u2013 t\u00e3o importante ou mais do que o primeiro \u2013 era recuperar tamb\u00e9m, e sobretudo, as for\u00e7as e o vigor <em>espirituais<\/em>, pela <em>ora\u00e7\u00e3o com o Pai<\/em>. Tantas vezes Se retirava sozinho <em>para orar!<\/em><\/p>\n<p>A \u2013 N\u00e3o ser\u00e1 que os pr\u00f3prios <em>efeitos<\/em> da fadiga e esgotamento acumulados s\u00e3o, j\u00e1 por si, um alerta para evitar o erro maior de esquecermos que o Autor do <em>fruto<\/em> da <em>miss\u00e3o<\/em> s\u00f3 pode ser o Pai Deus?<\/p>\n<p>B \u2013 Assim, explica-se, ali\u00e1s, o interesse de Jesus em fazer compreender aos disc\u00edpulos que n\u00e3o podemos pretender fazer tudo n\u00f3s, e menos quando <em>\u201ca messe \u00e9 grande e os oper\u00e1rios poucos\u201d<\/em>.<\/p>\n<p>A \u2013 N\u00e3o se trata, portanto, de multiplicar o trabalho, mas sim <em>o n\u00famero dos trabalhadores<\/em>. Da\u00ed o Seu urgente pedido: <em>\u201cRogai ao Dono da messe que envie oper\u00e1rios para a Sua messe\u201d (Lc 10,2)<\/em>.<\/p>\n<p>&nbsp;<\/p>\n<p style=\"text-align: right;\"><u>A\/B<\/u>: <strong>Tal como um <em>\u2018inimigo disfar\u00e7ado\u2019<\/em>, o \u201cativismo\u201d, no nosso trabalho apost\u00f3lico,<\/strong><\/p>\n<p style=\"text-align: right;\"><strong>quer alterar e estragar <em>os frutos<\/em> da nossa <em>miss\u00e3o<\/em>: este \u00e9, Jesus, o mal que nos espreita!<\/strong><\/p>\n<p style=\"text-align: right;\"><strong>Nesta situa\u00e7\u00e3o, nada melhor nos ocorre que acudir \u00e0 M\u00e3e \u2013 Tua e nossa \u2013 que, como <\/strong><\/p>\n<p style=\"text-align: right;\"><strong>conTigo naquela altura, zela agora pelo nosso equil\u00edbrio nas <em>atividades \u2018apost\u00f3licas\u2019<\/em>\u2026<\/strong><\/p>\n<p style=\"text-align: right;\"><strong>\u00d3 Maria, vela tu por n\u00f3s, teus filhos, os irm\u00e3os mais novos de Jesus, e Seus disc\u00edpulos,<\/strong><\/p>\n<p style=\"text-align: right;\"><strong>para que, em tarefas apost\u00f3licas e mission\u00e1rias, saibamos trocar a <em>quantidade<\/em> <\/strong><\/p>\n<p style=\"text-align: right;\"><strong>pela <em>qualidade<\/em> de quem aprende a \u2018fazer\u2019 menos e a \u201cser\u201d mais, no nosso dia a dia.<\/strong><\/p>\n<p style=\"text-align: right;\"><strong>E apostamos, Jesus, na intimidade com Deus, Dono da <em>messe<\/em> e Pai dos <em>oper\u00e1rios<\/em>!\u00a0 <\/strong><\/p>\n<p><strong>\u00a0\u00a0 \u00a0\u00a0\u00a0\u00a0\u00a0\u00a0\u00a0<\/strong><\/p>\n<p>\/\/ <em>PARA uma outra REFLEX\u00c3O ALARGADA:<\/em> <a href=\"http:\/\/palavradeamorpalavra.sallep.net\">http:\/\/palavradeamorpalavra.sallep.net<\/a><\/p>\n","protected":false},"excerpt":{"rendered":"<p>\u00a0&#8211;\u00a0A\u00a0PALAVRA, Refletida\u00a0ao ritmo Lit\u00fargico &#8211; (Ciclo B \u2013 Domingo 16 do T. Comum) \u00a0 \u201cOs Ap\u00f3stolos voltaram para junto de Jesus e contaram-Lhe tudo o que tinham feito e ensinado. Ent\u00e3o Jesus disse-lhes: \u00abVinde comigo para um lugar isolado e descansai um pouco\u00bb. De facto, havia sempre tanta gente a chegar e a partir que [&hellip;]<\/p>\n","protected":false},"author":2,"featured_media":0,"comment_status":"open","ping_status":"open","sticky":false,"template":"","format":"standard","meta":{"footnotes":""},"categories":[6],"tags":[],"class_list":["post-3342","post","type-post","status-publish","format-standard","hentry","category-refletida","has-post-title","has-post-date","has-post-category","has-post-tag","has-post-comment","has-post-author",""],"builder_content":"","_links":{"self":[{"href":"https:\/\/palavradeamorpalavra.sallep.net\/index.php?rest_route=\/wp\/v2\/posts\/3342","targetHints":{"allow":["GET"]}}],"collection":[{"href":"https:\/\/palavradeamorpalavra.sallep.net\/index.php?rest_route=\/wp\/v2\/posts"}],"about":[{"href":"https:\/\/palavradeamorpalavra.sallep.net\/index.php?rest_route=\/wp\/v2\/types\/post"}],"author":[{"embeddable":true,"href":"https:\/\/palavradeamorpalavra.sallep.net\/index.php?rest_route=\/wp\/v2\/users\/2"}],"replies":[{"embeddable":true,"href":"https:\/\/palavradeamorpalavra.sallep.net\/index.php?rest_route=%2Fwp%2Fv2%2Fcomments&post=3342"}],"version-history":[{"count":2,"href":"https:\/\/palavradeamorpalavra.sallep.net\/index.php?rest_route=\/wp\/v2\/posts\/3342\/revisions"}],"predecessor-version":[{"id":3345,"href":"https:\/\/palavradeamorpalavra.sallep.net\/index.php?rest_route=\/wp\/v2\/posts\/3342\/revisions\/3345"}],"wp:attachment":[{"href":"https:\/\/palavradeamorpalavra.sallep.net\/index.php?rest_route=%2Fwp%2Fv2%2Fmedia&parent=3342"}],"wp:term":[{"taxonomy":"category","embeddable":true,"href":"https:\/\/palavradeamorpalavra.sallep.net\/index.php?rest_route=%2Fwp%2Fv2%2Fcategories&post=3342"},{"taxonomy":"post_tag","embeddable":true,"href":"https:\/\/palavradeamorpalavra.sallep.net\/index.php?rest_route=%2Fwp%2Fv2%2Ftags&post=3342"}],"curies":[{"name":"wp","href":"https:\/\/api.w.org\/{rel}","templated":true}]}}