{"id":3352,"date":"2018-07-27T20:15:04","date_gmt":"2018-07-27T20:15:04","guid":{"rendered":"http:\/\/palavradeamorpalavra.sallep.net\/?p=3352"},"modified":"2022-11-20T11:21:14","modified_gmt":"2022-11-20T11:21:14","slug":"mas-jesus-retirou-se-novamente-sozinho-para-o-monte","status":"publish","type":"post","link":"https:\/\/palavradeamorpalavra.sallep.net\/?p=3352","title":{"rendered":"&#8220;Mas Jesus retirou-Se novamente, sozinho, para o monte\u201d"},"content":{"rendered":"<p><a href=\"http:\/\/palavradeamorpalavra.sallep.net\/wp-content\/uploads\/2018\/07\/40bb-\u00abMas-Jesus...-retirou-Se-novamente-sozinho-para-o-monte...-1.jpg\"><img fetchpriority=\"high\" decoding=\"async\" class=\"aligncenter size-full wp-image-3353\" src=\"http:\/\/palavradeamorpalavra.sallep.net\/wp-content\/uploads\/2018\/07\/40bb-\u00abMas-Jesus...-retirou-Se-novamente-sozinho-para-o-monte...-1.jpg\" alt=\"40bb- \u00abMas Jesus... retirou-Se novamente, sozinho, para o monte...\" width=\"1124\" height=\"1043\" srcset=\"https:\/\/palavradeamorpalavra.sallep.net\/wp-content\/uploads\/2018\/07\/40bb-\u00abMas-Jesus...-retirou-Se-novamente-sozinho-para-o-monte...-1.jpg 1124w, https:\/\/palavradeamorpalavra.sallep.net\/wp-content\/uploads\/2018\/07\/40bb-\u00abMas-Jesus...-retirou-Se-novamente-sozinho-para-o-monte...-1-300x278.jpg 300w, https:\/\/palavradeamorpalavra.sallep.net\/wp-content\/uploads\/2018\/07\/40bb-\u00abMas-Jesus...-retirou-Se-novamente-sozinho-para-o-monte...-1-768x713.jpg 768w, https:\/\/palavradeamorpalavra.sallep.net\/wp-content\/uploads\/2018\/07\/40bb-\u00abMas-Jesus...-retirou-Se-novamente-sozinho-para-o-monte...-1-1024x950.jpg 1024w, https:\/\/palavradeamorpalavra.sallep.net\/wp-content\/uploads\/2018\/07\/40bb-\u00abMas-Jesus...-retirou-Se-novamente-sozinho-para-o-monte...-1-1024x950-398x369.jpg 398w\" sizes=\"(max-width: 1124px) 100vw, 1124px\" \/><\/a><\/p>\n<p><strong>\u00a0&#8211;\u00a0<em>A<\/em>\u00a0<em>PALAVRA, Refletida<\/em>\u00a0ao ritmo Lit\u00fargico &#8211;<\/strong><\/p>\n<p><em>(Ciclo B \u2013 Domingo 17 do T. Comum)<\/em><\/p>\n<p><strong><em>\u00a0<\/em><\/strong><\/p>\n<p><strong><em>\u201c\u2026 <\/em><\/strong><strong><em>Quando viram o milagre que Jesus fizera, aqueles homens come\u00e7aram a dizer: \u00abEste \u00e9, na verdade, o Profeta que estava para vir ao mundo\u00bb. <u>Mas Jesus<\/u>, sabendo que viriam busc\u00e1-l\u2019O para O fazerem rei, <u>retirou-Se novamente, sozinho, para o monte<\/u>\u201d (Jo 6,<\/em><\/strong><strong><em>14-15 <\/em><\/strong><strong><em>\/ 3\u00aa L.). <\/em><\/strong><\/p>\n<p>&nbsp;<\/p>\n<p>Este \u00e9 o primeiro dos milagres sobre a multiplica\u00e7\u00e3o de p\u00e3es e peixes realizados por Jesus; o \u00fanico que Jo\u00e3o descreve no seu Evangelho, tal como Lucas. Os outros dois evangelistas, Marcos e Mateus, registam tamb\u00e9m uma \u201csegunda multiplica\u00e7\u00e3o\u201d\u2026 \u00a0Antes da realiza\u00e7\u00e3o deste milagre \u2013 lemos no in\u00edcio do Evangelho de hoje \u2013 <em>\u201cseguia a Jesus uma numerosa multid\u00e3o por ver os milagres que Ele realizava nos doentes\u201d<\/em>. Aos milagres que aquelas gentes j\u00e1 tinham visto, ou de que tinham ouvido falar, junta-se agora mais este, que atinge a todos os presentes\u2026 Compreende-se ent\u00e3o a rea\u00e7\u00e3o da multid\u00e3o, bem como a atitude final de Jesus\u2026 E observemos que Jo\u00e3o utiliza o termo <em>\u201cnovamente\u201d<\/em>, querendo significar que j\u00e1 n\u00e3o era a primeira vez que Jesus teve de optar por retirar-Se (\u2018fugir\u2019?) para n\u00e3o ser <em>proclamado<\/em> <em>rei<\/em>\u2026<\/p>\n<p>&nbsp;<\/p>\n<p>A \u2013 Esta \u201cgentinha\u201d \u2013 no sentido <em>meigo<\/em> do termo \u2013 que, de imediato, v\u00ea resolvidos <em>seus problemas de sa\u00fade e de alimenta\u00e7\u00e3o<\/em>, n\u00e3o admira que siga atr\u00e1s deste poderoso e bom profeta de Nazar\u00e9!<\/p>\n<p>B \u2013 Este povo simples, desgra\u00e7ado, habituado a suportar o pesado jugo de todo e qualquer tirano \u2013 rei ou governante \u2013 \u00e9 compreens\u00edvel que queira <em>proclamar \u2018seu\u2019 Rei<\/em> a quem parece <em>omnipotente!<\/em><\/p>\n<p>A \u2013 \u00c0 partida, esta <em>multid\u00e3o<\/em> est\u00e1 a agir corretamente, uma vez que, os seus antepassados, desde sempre, est\u00e3o \u00e0 espera de um Salvador, \u2018Messias\u2019, \u2018Rei\u2019\u2026, que os <em>liberte<\/em> de todo o opressor! E n\u00e3o \u00e9 a primeira vez: Isto j\u00e1 acontecera com v\u00e1rios outros \u2018falsos\u2019 <em>profetas<\/em>, <em>messias<\/em>, <em>salvadores<\/em>, <em>reis\u2026<\/em><\/p>\n<p>B \u2013 Acontece, por\u00e9m, que Jesus \u2018n\u00e3o vai nessa onda\u2019. Sabe que a <em>Miss\u00e3o<\/em> que o Pai <em>Lhe confiou<\/em>, \u00e9 realizar uma Salva\u00e7\u00e3o, Reden\u00e7\u00e3o, de um outro g\u00e9nero, numa <em>outra dimens\u00e3o<\/em>, algo <em>transcendente!<\/em><\/p>\n<p>A \u2013 Ent\u00e3o, quer isto dizer que Jesus devia vencer \u2013 mais uma vez! \u2013 <em>a tenta\u00e7\u00e3o<\/em> do poder material, da fama terrena, do uso da for\u00e7a f\u00edsica e violenta. N\u00e3o \u00e9 essa a <em>salva\u00e7\u00e3o<\/em> que conv\u00e9m ao <em>Homem<\/em>!<\/p>\n<p>B \u2013 Aprendamos, de Jesus, esta li\u00e7\u00e3o. Quantas vezes, na nossa vida, nos assalta a tenta\u00e7\u00e3o de optarmos pelo mais f\u00e1cil, pelo prazer imediato, pelos atalhos que nos desviam da nossa verdadeira voca\u00e7\u00e3o e miss\u00e3o\u2026 Sabemos que neste caminho, o de Jesus, temos de carregar com a cruz!<\/p>\n<p>A \u2013 E n\u00e3o haver\u00e1 algum modo de contornar e suavizar esse caminho?&#8230; Ser\u00e1 mesmo inevit\u00e1vel que eu \u2013 porque sou crist\u00e3o \u2013 deva <em>\u201csubir, sozinho, para esse monte\u201d<\/em>, para n\u00e3o cair nessas <em>tenta\u00e7\u00f5es<\/em>?<\/p>\n<p>B \u2013 N\u00e3o h\u00e1 \u2018outro caminho\u2019! Jesus trocou <em>\u2018o trono real\u2019,<\/em> que Lhe ofereciam, pelo <em>trono da Cruz<\/em> que se achava <em>\u201cno monte\u201d<\/em>\u2026 Todavia, n\u00f3s temos uma vantagem, \u00fanica e preciosa: Nunca \u201csubimos\u201d <em>sozinhos a esse \u2018monte\u2019<\/em>, pois vamos com Ele, seguindo os Seus <em>passos<\/em> com <em>as nossas cruzes!<\/em>\u2026<\/p>\n<p>&nbsp;<\/p>\n<p style=\"text-align: right;\"><u>A\/B<\/u>: <strong>Jesus, perante a Tua <em>palavra<\/em> \u2013 <em>\u00abquem n\u00e3o Me seguir com a sua cruz,<\/em><\/strong><\/p>\n<p style=\"text-align: right;\"><strong><em>n\u00e3o pode ser Meu disc\u00edpulo e amigo\u00bb<\/em><\/strong><strong> \u2013 j\u00e1 n\u00e3o h\u00e1 uma outra escolha poss\u00edvel!<\/strong><\/p>\n<p style=\"text-align: right;\"><strong>Se n\u00e3o for esta op\u00e7\u00e3o, a Tua, s\u00f3 restam: <em>prazeres vazios<\/em>, <em>realezas ef\u00e9meras<\/em>,<\/strong><\/p>\n<p style=\"text-align: right;\"><strong><em>messias fingidos<\/em><\/strong><strong>, <em>salvadores de miragem<\/em>\u2026 <em>solu\u00e7\u00f5es f\u00e1ceis e fr\u00e1geis!<\/em><\/strong><\/p>\n<p style=\"text-align: right;\"><strong>A quest\u00e3o \u00e9 que, nesta vida terreal, ningu\u00e9m pode fugir ou escapar da \u2018cruz\u2019!<\/strong><\/p>\n<p style=\"text-align: right;\"><strong>Mesmo os que <em>n\u00e3o querem<\/em> acreditar em Ti, n\u00e3o podem furtar-se \u00e0s \u2018cruzes\u2019,<\/strong><\/p>\n<p style=\"text-align: right;\"><strong>que achar\u00e3o sempre nos seus caminhos (!?). O que fazer, Jesus \u2013 eles e n\u00f3s \u2013<\/strong><\/p>\n<p style=\"text-align: right;\"><strong>para <em>aceit\u00e1-las e assumi-las<\/em>, como algo necess\u00e1rio \u2018nas lides\u2019 do Amor?<\/strong><\/p>\n<p style=\"text-align: right;\"><strong>Sabemos que Tu vais \u00e0 nossa frente! Mas\u2026 \u2018n\u00e3o te canses\u2019 de puxar por n\u00f3s!<\/strong><\/p>\n<p><strong>\u00a0\u00a0 \u00a0\u00a0\u00a0\u00a0\u00a0\u00a0\u00a0<\/strong><\/p>\n<p>\/\/ <em>PARA uma outra REFLEX\u00c3O ALARGADA:<\/em> <a href=\"http:\/\/palavradeamorpalavra.sallep.net\">http:\/\/palavradeamorpalavra.sallep.net<\/a><\/p>\n","protected":false},"excerpt":{"rendered":"<p>\u00a0&#8211;\u00a0A\u00a0PALAVRA, Refletida\u00a0ao ritmo Lit\u00fargico &#8211; (Ciclo B \u2013 Domingo 17 do T. Comum) \u00a0 \u201c\u2026 Quando viram o milagre que Jesus fizera, aqueles homens come\u00e7aram a dizer: \u00abEste \u00e9, na verdade, o Profeta que estava para vir ao mundo\u00bb. Mas Jesus, sabendo que viriam busc\u00e1-l\u2019O para O fazerem rei, retirou-Se novamente, sozinho, para o monte\u201d [&hellip;]<\/p>\n","protected":false},"author":2,"featured_media":0,"comment_status":"open","ping_status":"open","sticky":false,"template":"","format":"standard","meta":{"footnotes":""},"categories":[6],"tags":[],"class_list":["post-3352","post","type-post","status-publish","format-standard","hentry","category-refletida","has-post-title","has-post-date","has-post-category","has-post-tag","has-post-comment","has-post-author",""],"builder_content":"","_links":{"self":[{"href":"https:\/\/palavradeamorpalavra.sallep.net\/index.php?rest_route=\/wp\/v2\/posts\/3352","targetHints":{"allow":["GET"]}}],"collection":[{"href":"https:\/\/palavradeamorpalavra.sallep.net\/index.php?rest_route=\/wp\/v2\/posts"}],"about":[{"href":"https:\/\/palavradeamorpalavra.sallep.net\/index.php?rest_route=\/wp\/v2\/types\/post"}],"author":[{"embeddable":true,"href":"https:\/\/palavradeamorpalavra.sallep.net\/index.php?rest_route=\/wp\/v2\/users\/2"}],"replies":[{"embeddable":true,"href":"https:\/\/palavradeamorpalavra.sallep.net\/index.php?rest_route=%2Fwp%2Fv2%2Fcomments&post=3352"}],"version-history":[{"count":1,"href":"https:\/\/palavradeamorpalavra.sallep.net\/index.php?rest_route=\/wp\/v2\/posts\/3352\/revisions"}],"predecessor-version":[{"id":3354,"href":"https:\/\/palavradeamorpalavra.sallep.net\/index.php?rest_route=\/wp\/v2\/posts\/3352\/revisions\/3354"}],"wp:attachment":[{"href":"https:\/\/palavradeamorpalavra.sallep.net\/index.php?rest_route=%2Fwp%2Fv2%2Fmedia&parent=3352"}],"wp:term":[{"taxonomy":"category","embeddable":true,"href":"https:\/\/palavradeamorpalavra.sallep.net\/index.php?rest_route=%2Fwp%2Fv2%2Fcategories&post=3352"},{"taxonomy":"post_tag","embeddable":true,"href":"https:\/\/palavradeamorpalavra.sallep.net\/index.php?rest_route=%2Fwp%2Fv2%2Ftags&post=3352"}],"curies":[{"name":"wp","href":"https:\/\/api.w.org\/{rel}","templated":true}]}}