{"id":3363,"date":"2018-08-03T22:12:33","date_gmt":"2018-08-03T22:12:33","guid":{"rendered":"http:\/\/palavradeamorpalavra.sallep.net\/?p=3363"},"modified":"2022-11-17T02:08:50","modified_gmt":"2022-11-17T02:08:50","slug":"antes-tivessemos-morrido-na-terra-do-egito","status":"publish","type":"post","link":"https:\/\/palavradeamorpalavra.sallep.net\/?p=3363","title":{"rendered":"\u00abAntes tiv\u00e9ssemos morrido&#8230; na terra do Egito&#8230;\u00bb"},"content":{"rendered":"<p><a href=\"http:\/\/palavradeamorpalavra.sallep.net\/wp-content\/uploads\/2018\/08\/41bb-\u00abAntes-tiv\u00e9ssemos-morrido...-na-terra-do-Egito....jpg\"><img fetchpriority=\"high\" decoding=\"async\" class=\"aligncenter size-full wp-image-3364\" src=\"http:\/\/palavradeamorpalavra.sallep.net\/wp-content\/uploads\/2018\/08\/41bb-\u00abAntes-tiv\u00e9ssemos-morrido...-na-terra-do-Egito....jpg\" alt=\"41bb- \u00abAntes tiv\u00e9ssemos morrido... na terra do Egito...\" width=\"960\" height=\"642\" srcset=\"https:\/\/palavradeamorpalavra.sallep.net\/wp-content\/uploads\/2018\/08\/41bb-\u00abAntes-tiv\u00e9ssemos-morrido...-na-terra-do-Egito....jpg 960w, https:\/\/palavradeamorpalavra.sallep.net\/wp-content\/uploads\/2018\/08\/41bb-\u00abAntes-tiv\u00e9ssemos-morrido...-na-terra-do-Egito...-300x201.jpg 300w, https:\/\/palavradeamorpalavra.sallep.net\/wp-content\/uploads\/2018\/08\/41bb-\u00abAntes-tiv\u00e9ssemos-morrido...-na-terra-do-Egito...-768x514.jpg 768w, https:\/\/palavradeamorpalavra.sallep.net\/wp-content\/uploads\/2018\/08\/41bb-\u00abAntes-tiv\u00e9ssemos-morrido...-na-terra-do-Egito...-398x266.jpg 398w\" sizes=\"(max-width: 960px) 100vw, 960px\" \/><\/a><\/p>\n<p><strong>&#8211;\u00a0<em>A<\/em>\u00a0<em>PALAVRA, Refletida<\/em>\u00a0ao ritmo Lit\u00fargico &#8211;<\/strong><\/p>\n<p><em>(Ciclo B \u2013 Domingo 18 do T. Comum)<\/em><\/p>\n<p><em>\u00a0<\/em><\/p>\n<p><strong><em>\u201cDisseram-lhes<\/em><\/strong><em><strong>\u00a0os filhos de Israel<\/strong>\u00a0(a Mois\u00e9s e a Aar\u00e3o):<strong> \u00ab<u>Antes tiv\u00e9ssemos morrido<\/u> \u00e0s m\u00e3os do Senhor <u>na terra do Egito<\/u>, quando est\u00e1vamos sentados ao p\u00e9 das panelas de carne e com\u00edamos p\u00e3o at\u00e9 nos saciarmos. Mas V\u00f3s trouxestes-nos a este deserto, para deixar morrer \u00e0 fome toda esta multid\u00e3o\u00bb. Ent\u00e3o o Senhor disse a Mois\u00e9s: \u00abVou fazer que chova para v\u00f3s p\u00e3o do c\u00e9u&#8230;\u201d (Ex 16,<\/strong><\/em><strong><em>3-4 <\/em><\/strong><strong><em>\/ 1\u00aa L.). <\/em><\/strong><\/p>\n<p>&nbsp;<\/p>\n<p>Tinham passado apenas algumas semanas (?) desde a \u201cmaravilhosa\u201d<em> Liberta\u00e7\u00e3o da escravid\u00e3o<\/em> <em>do Egito<\/em> e da <em>passagem \u201cprodigiosa\u201d<\/em> do <em>mar vermelho<\/em>, e j\u00e1 come\u00e7aram as <em>cr\u00edticas e murmura\u00e7\u00f5es<\/em> do povo hebreu contra Mois\u00e9s e contra Deus\u2026 Nos seus \u2018itiner\u00e1rios\u2019 \u2013 de acampamento em acampamento <em>(<\/em><em>Nm 33<\/em><em>)<\/em> \u2013 agora calhava \u201crebelar-se\u201d por causa da falta de alimento (anteriormente o tinham feito por motivo dumas <em>\u00e1guas<\/em> que lhes pareciam \u201camargas\u201d, no \u2018lugar de Mara\u2019 \/ Ex 15,22\u2026). E \u00e9 nestas \u201cflutua\u00e7\u00f5es\u201d \u2013 de <em>ades\u00e3o<\/em> e <em>rebeldia<\/em> \u2013 que se vai processar toda a travessia do deserto (40 anos?)\u2026<\/p>\n<p>&nbsp;<\/p>\n<p>A \u2013 Nesta altura, o tal povo libertado por Jav\u00e9-Deus, atreve-se, n\u00e3o apenas a duvidar da atitude do seu Deus, mas, esquecendo a Sua a\u00e7\u00e3o espetacular em seu favor, ousa \u2018preferir a escravid\u00e3o\u2019! \u00c9 preciso ter \u2018perdido a cabecinha\u2019 para se n\u00e3o lembrar do seu <em>estado anterior<\/em> de <em>terr\u00edvel escravatura!<\/em><\/p>\n<p>B \u2013 Como \u00e9 f\u00e1cil, para a nossa <em>\u2018condi\u00e7\u00e3o humana\u2019<\/em>, esquecermos <em>os bens recebidos<\/em> num passado \u00e0s vezes bem pr\u00f3ximo! E sobretudo, duvidar da bondade e generosidade de quem no-los ofereceu!<\/p>\n<p>A \u2013 E se bem repararmos, n\u00e3o \u00e9 s\u00f3 \u2018levantarem-se contra\u2019 os seus guias, Mois\u00e9s e Aar\u00e3o, mas faz\u00ea-lo ao mesmo tempo contra o pr\u00f3prio Senhor e Libertador, em Quem, parece, j\u00e1 n\u00e3o confiam!<\/p>\n<p>B \u2013 Sim, porque, se observarmos com aten\u00e7\u00e3o, eles come\u00e7am a sua queixa referindo-se \u00e0queles <em>dois chefes<\/em>, mas acabam atribuindo a Deus essa falta de p\u00e3o e de carne. Porque, afinal, quem os fez sair e quem os conduz, n\u00e3o \u00e9 o Senhor? O mesmo que agora diz: <em>\u00abVou fazer chover p\u00e3o\u2026\u00bb<\/em>.<\/p>\n<p>A \u2013 Por vezes, agimos t\u00e3o faltos de senso (<em>in-sensatos!<\/em>) que somos capazes de trocar \u2013 quantas vezes!? \u2013 <em>o ouro<\/em>, que agora temos, pelos <em>bronzes<\/em> \u2018enferrujados\u2019 que j\u00e1 tivemos!&#8230; O problema pode estar em que n\u00e3o sabemos distinguir, entre si, os <em>metais<\/em> ou as <em>carnes<\/em> ou os <em>p\u00e3es<\/em> ou os <em>\u2018\u00eddolos\u2019<\/em>\u2026<\/p>\n<p>B \u2013 Ou ent\u00e3o \u2013 e isto parece j\u00e1 mais pr\u00f3prio dos nossos dias \u2013 voltamos ao que tamb\u00e9m fizera, posteriormente, aquele \u00abpovo de Jav\u00e9\u00bb: trocar <em>o Deus Vivo<\/em> por \u2018divindades inertes\u2019\u2026 Tantas vezes foram \u201cdenunciados\u201d pelos <em>profetas<\/em>, por se terem <em>\u201cvoltado para os \u2018\u00eddolos\u2019 materiais sem alma\u201d!<\/em><\/p>\n<p>A \u2013 Sorte a nossa que o nosso Deus Vivo e Verdadeiro \u2013 na Pessoa do Filho Jesus \u2013 est\u00e1 sempre pronto a <em>\u201cfazer chover para n\u00f3s o verdadeiro P\u00e3o do C\u00e9u\u201d (!?)<\/em>. Eis a nossa grande sorte!<\/p>\n<p>&nbsp;<\/p>\n<p style=\"text-align: right;\"><u>A\/B<\/u>: <strong>O Teu ap\u00f3stolo Paulo, Jesus, conhecia bem <em>\u00aba triste condi\u00e7\u00e3o humana\u00bb,<\/em><\/strong><\/p>\n<p style=\"text-align: right;\"><strong>com as suas tend\u00eancias e oscila\u00e7\u00f5es entre \u2018o <em>novo<\/em>\u2019 e \u2018o <em>velho<\/em>\u2019, o <em>esp\u00edrito<\/em> e a <em>mat\u00e9ria<\/em>\u2026<\/strong><\/p>\n<p style=\"text-align: right;\"><strong>Com ele, e na Tua presen\u00e7a, queremos hoje aceitar e assumir essas <em>for\u00e7as contr\u00e1rias<\/em>:<\/strong><\/p>\n<p style=\"text-align: right;\"><strong>pois s\u00f3 conhecendo o nosso <em>homem velho<\/em>, poderemos abandon\u00e1-lo de vez! <em>(<\/em><\/strong><strong><em>Ef 4<\/em><\/strong><em>\/<\/em><strong><em>2\u00aa L.<\/em><\/strong><strong><em>)<\/em><\/strong><strong>.<\/strong><\/p>\n<p style=\"text-align: right;\"><strong>S\u00f3 com o alimento do Teu Corpo, Jesus, <em>verdadeiro P\u00e3o que o Pai envia do C\u00e9u<\/em>,<\/strong><\/p>\n<p style=\"text-align: right;\"><strong>\u00e9 que podemos revestir-nos do <em>\u201chomem novo, criado \u00e0 imagem de Deus\u201d<\/em>,<\/strong><\/p>\n<p style=\"text-align: right;\"><strong>pela renova\u00e7\u00e3o e transforma\u00e7\u00e3o do nosso esp\u00edrito, em justi\u00e7a e santidade verdadeiras.<\/strong><\/p>\n<p style=\"text-align: right;\"><strong>E nunca mais, Senhor, voltarmos \u2013 com falsas saudades \u2013 <em>\u201cpara a vida de outrora\u201d<\/em>;<\/strong><\/p>\n<p style=\"text-align: right;\"><strong>pois, afinal, tudo n\u00e3o passa de vulgares <em>\u2018alhos e cebolas do Egito\u2019<\/em><\/strong><strong><em>(Nm 11,5)<\/em><\/strong><strong><em>! <\/em><\/strong><\/p>\n<p><strong>\u00a0\u00a0\u00a0\u00a0\u00a0\u00a0\u00a0\u00a0\u00a0 <\/strong><\/p>\n<p>\/\/ <em>PARA uma outra REFLEX\u00c3O ALARGADA:<\/em> <u><a href=\"http:\/\/palavradeamorpalavra.sallep.net\">http:\/\/palavradeamorpalavra.sallep.net<\/a><\/u><\/p>\n","protected":false},"excerpt":{"rendered":"<p>&#8211;\u00a0A\u00a0PALAVRA, Refletida\u00a0ao ritmo Lit\u00fargico &#8211; (Ciclo B \u2013 Domingo 18 do T. Comum) \u00a0 \u201cDisseram-lhes\u00a0os filhos de Israel\u00a0(a Mois\u00e9s e a Aar\u00e3o): \u00abAntes tiv\u00e9ssemos morrido \u00e0s m\u00e3os do Senhor na terra do Egito, quando est\u00e1vamos sentados ao p\u00e9 das panelas de carne e com\u00edamos p\u00e3o at\u00e9 nos saciarmos. Mas V\u00f3s trouxestes-nos a este deserto, para [&hellip;]<\/p>\n","protected":false},"author":2,"featured_media":0,"comment_status":"open","ping_status":"open","sticky":false,"template":"","format":"standard","meta":{"footnotes":""},"categories":[6],"tags":[],"class_list":["post-3363","post","type-post","status-publish","format-standard","hentry","category-refletida","has-post-title","has-post-date","has-post-category","has-post-tag","has-post-comment","has-post-author",""],"builder_content":"","_links":{"self":[{"href":"https:\/\/palavradeamorpalavra.sallep.net\/index.php?rest_route=\/wp\/v2\/posts\/3363","targetHints":{"allow":["GET"]}}],"collection":[{"href":"https:\/\/palavradeamorpalavra.sallep.net\/index.php?rest_route=\/wp\/v2\/posts"}],"about":[{"href":"https:\/\/palavradeamorpalavra.sallep.net\/index.php?rest_route=\/wp\/v2\/types\/post"}],"author":[{"embeddable":true,"href":"https:\/\/palavradeamorpalavra.sallep.net\/index.php?rest_route=\/wp\/v2\/users\/2"}],"replies":[{"embeddable":true,"href":"https:\/\/palavradeamorpalavra.sallep.net\/index.php?rest_route=%2Fwp%2Fv2%2Fcomments&post=3363"}],"version-history":[{"count":1,"href":"https:\/\/palavradeamorpalavra.sallep.net\/index.php?rest_route=\/wp\/v2\/posts\/3363\/revisions"}],"predecessor-version":[{"id":3365,"href":"https:\/\/palavradeamorpalavra.sallep.net\/index.php?rest_route=\/wp\/v2\/posts\/3363\/revisions\/3365"}],"wp:attachment":[{"href":"https:\/\/palavradeamorpalavra.sallep.net\/index.php?rest_route=%2Fwp%2Fv2%2Fmedia&parent=3363"}],"wp:term":[{"taxonomy":"category","embeddable":true,"href":"https:\/\/palavradeamorpalavra.sallep.net\/index.php?rest_route=%2Fwp%2Fv2%2Fcategories&post=3363"},{"taxonomy":"post_tag","embeddable":true,"href":"https:\/\/palavradeamorpalavra.sallep.net\/index.php?rest_route=%2Fwp%2Fv2%2Ftags&post=3363"}],"curies":[{"name":"wp","href":"https:\/\/api.w.org\/{rel}","templated":true}]}}