{"id":3371,"date":"2018-08-10T21:33:23","date_gmt":"2018-08-10T21:33:23","guid":{"rendered":"http:\/\/palavradeamorpalavra.sallep.net\/?p=3371"},"modified":"2022-11-17T18:17:07","modified_gmt":"2022-11-17T18:17:07","slug":"quem-comer-deste-pao-vivera-eternamente","status":"publish","type":"post","link":"https:\/\/palavradeamorpalavra.sallep.net\/?p=3371","title":{"rendered":"\u00abQuem comer deste p\u00e3o viver\u00e1 eternamente&#8230;"},"content":{"rendered":"<p><a href=\"http:\/\/palavradeamorpalavra.sallep.net\/wp-content\/uploads\/2018\/08\/42bb-\u00abQuem-comer-deste-p\u00e3o-viver\u00e1-eternamente.jpg\"><img fetchpriority=\"high\" decoding=\"async\" class=\"aligncenter size-full wp-image-3372\" src=\"http:\/\/palavradeamorpalavra.sallep.net\/wp-content\/uploads\/2018\/08\/42bb-\u00abQuem-comer-deste-p\u00e3o-viver\u00e1-eternamente.jpg\" alt=\"42bb- \u00abQuem comer deste p\u00e3o viver\u00e1 eternamente\" width=\"600\" height=\"475\" srcset=\"https:\/\/palavradeamorpalavra.sallep.net\/wp-content\/uploads\/2018\/08\/42bb-\u00abQuem-comer-deste-p\u00e3o-viver\u00e1-eternamente.jpg 600w, https:\/\/palavradeamorpalavra.sallep.net\/wp-content\/uploads\/2018\/08\/42bb-\u00abQuem-comer-deste-p\u00e3o-viver\u00e1-eternamente-300x238.jpg 300w, https:\/\/palavradeamorpalavra.sallep.net\/wp-content\/uploads\/2018\/08\/42bb-\u00abQuem-comer-deste-p\u00e3o-viver\u00e1-eternamente-398x315.jpg 398w\" sizes=\"(max-width: 600px) 100vw, 600px\" \/><\/a><\/p>\n<p><strong>&#8211;\u00a0<em>A<\/em>\u00a0<em>PALAVRA, Refletida<\/em>\u00a0ao ritmo Lit\u00fargico &#8211;<\/strong><\/p>\n<p><em>(Ciclo B \u2013 Domingo 19 do T. Comum)<\/em><\/p>\n<p><strong><em>\u201cNo deserto, os vossos pais comeram o man\u00e1 e morreram. Mas este p\u00e3o \u00e9 o que desce do C\u00e9u, para que n\u00e3o morra quem dele comer. Eu sou o p\u00e3o vivo que desceu do C\u00e9u. <u>Quem comer deste p\u00e3o viver\u00e1 eternamente<\/u>. E o p\u00e3o que Eu hei de dar \u00e9 a minha carne, que Eu darei pela vida do mundo\u00bb\u201d. (Jo 6,<\/em><\/strong><strong><em>49-51 <\/em><\/strong><strong><em>\/ 3\u00aa L.). <\/em><\/strong><\/p>\n<p>&nbsp;<\/p>\n<p>Sabemos \u2013 pela continua\u00e7\u00e3o do Evangelho \u2013 que estas Palavras, t\u00e3o claras, radicais e <em>verdadeiras<\/em> (<em>\u201cem verdade\u201d vos digo<\/em>) de Jesus, acabariam por escandalizar e indignar uma grande parte daqueles \u2018disc\u00edpulos\u2019 que O seguiam. E provocariam o abandono de muitos deles, que deixariam de O seguir, afastando-se d\u2019Ele e voltando para \u2018os seus neg\u00f3cios anteriores\u2019\u2026 Outros, por\u00e9m, como tamb\u00e9m sabemos, proclamariam, cheios de coragem e total confian\u00e7a, que seriam fi\u00e9is a Jesus, <em>\u201cn\u00e3o seguindo a mais ningu\u00e9m, porque s\u00f3 Ele \u00e9 que tem palavras de Vida eterna!\u201d <\/em><em>(Jo 6,<\/em><em>68<\/em><em>)<\/em>.<\/p>\n<p>&nbsp;<\/p>\n<p>A \u2013 N\u00e3o admira, contudo, <em>a decis\u00e3o \u2013 <\/em>embora <em>lament\u00e1vel<\/em> \u2013 desses outros disc\u00edpulos quando confrontados, de repente, com essa esp\u00e9cie de \u2018canibalismo\u2019 (?), onde Jesus afirma, alto e claro, que <em>\u201ccomam a sua carne e bebam o seu sangue\u201d! <\/em><em>(Jo 6,<\/em><em>54-56<\/em><em>)<\/em><em>.<\/em><\/p>\n<p>B \u2013 Mas \u00e9 essa a <em>Sua Palavra<\/em>! Por\u00e9m, s\u00f3 mais tarde, ap\u00f3s a <em>Sua morte e ressurrei\u00e7\u00e3o<\/em> (que inclu\u00eda a <em>institui\u00e7\u00e3o do Sacramento Eucar\u00edstico<\/em>) fomos capazes de \u2018entender\u2019 (!?).<\/p>\n<p>A \u2013 E devemos tentar <em>compreender<\/em>, principalmente, o imenso poder \u2013 divino poder! \u2013 que este Alimento tem perante a \u2018vida\u2019 e a \u2018morte\u2019. Ou, melhor: entre a <em>vida<\/em> e a <em>Vida!<\/em><\/p>\n<p>B \u2013 Para isso, era bom come\u00e7armos por distinguir entre \u2018morte e morte\u2019, conforme aparece <em>impl\u00edcito <\/em>\u2013 ou at\u00e9 bem <em>expl\u00edcito<\/em> \u2013 no nosso texto: <em>\u201cvossos pais comeram o man\u00e1 e morreram; mas este p\u00e3o do C\u00e9u \u00e9 para que n\u00e3o morra quem dele comer\u201d<\/em>.<\/p>\n<p>A \u2013 \u00c9 verdade. Aqui diz-se que: <em>\u201cos pais\u2026 apesar de comer o man\u00e1, \u2018morreram\u2019<\/em>, mas agora, <em>n\u00e3o v\u00e3o \u2018morrer\u2019 se comerem este p\u00e3o do C\u00e9u\u201d. <\/em>Tratar-se-\u00e1 da mesma <em>morte<\/em>?<\/p>\n<p>B \u2013 Se bem pensamos, em ambos os casos, trata-se da morte <em>a n\u00edvel do esp\u00edrito<\/em> (n\u00e3o da morte material). Pois com este outro \u201cp\u00e3o\u201d, Jesus quer evitar, para aqueles que se alimentem \u201cdele\u201d, a <em>morte definitiva<\/em>, que n\u00e3o evitaram \u2018aqueles\u2019 pela sua infidelidade!<\/p>\n<p>A \u2013 Ent\u00e3o, agora percebe-se: Quer uns quer outros, seremos v\u00edtimas da <em>natural e inevit\u00e1vel<\/em> \u2018morte material\u2019. Mas importa, portanto, livrar-nos da \u2018outra morte\u2019!<\/p>\n<p>B \u2013 \u00c9 o que tenta dizer e esclarecer esta <em>Palavra<\/em> de Jesus: <em>\u201cQuem comer deste p\u00e3o viver\u00e1 eternamente\u201d<\/em>. \u00a0Sim, <em>\u201cainda que<\/em> <em>tenha morrido\u201d<\/em> (morte natural)! (Cf. Jo 11,25-26).<\/p>\n<p>&nbsp;<\/p>\n<p style=\"text-align: right;\"><u>A\/B<\/u>: <strong>N\u00f3s, Senhor, tamb\u00e9m <em>\u201cn\u00e3o somos melhor que os nossos pais\u201d<\/em><\/strong><\/p>\n<p style=\"text-align: right;\"><strong>\u2013 como reconhecia Elias quando <em>\u201cpedia que lhe tirasses a vida\u201d <\/em><\/strong><strong><em>(<\/em><\/strong><strong><em>1<\/em><\/strong><strong><em>Rs <\/em><\/strong><strong><em>19<\/em><\/strong><strong><em> \/ <\/em><\/strong><strong><em>1\u00aaL<\/em><\/strong><strong><em>)<\/em><\/strong><strong> \u2013.<\/strong><\/p>\n<p style=\"text-align: right;\"><strong>Tamb\u00e9m n\u00f3s podemos <em>\u2018desejar a morte\u2019<\/em> por alguma causa misteriosa (?)\u2026<\/strong><\/p>\n<p style=\"text-align: right;\"><strong>Livra-nos, Senhor, de cair nessa e noutras tenta\u00e7\u00f5es\u00a0&#8211; semelhantes ou n\u00e3o &#8211;<\/strong><\/p>\n<p style=\"text-align: right;\"><strong>e vem em nosso aux\u00edlio para que, <em>alimentando-nos de Ti mesmo<\/em>, P\u00e3o de Vida,<\/strong><\/p>\n<p style=\"text-align: right;\"><strong>aprendamos a distinguir <em>entre \u2018morte<\/em> e<em> morte\u2019,<\/em> e <em>entre \u2018vida e Vida\u2019!<\/em><\/strong><\/p>\n<p><strong>\u00a0\u00a0\u00a0\u00a0\u00a0\u00a0\u00a0\u00a0\u00a0 <\/strong><\/p>\n<p>\/\/ <em>PARA uma outra REFLEX\u00c3O ALARGADA:<\/em> <u><a href=\"http:\/\/palavradeamorpalavra.sallep.net\">http:\/\/palavradeamorpalavra.sallep.net<\/a><\/u><\/p>\n","protected":false},"excerpt":{"rendered":"<p>&#8211;\u00a0A\u00a0PALAVRA, Refletida\u00a0ao ritmo Lit\u00fargico &#8211; (Ciclo B \u2013 Domingo 19 do T. Comum) \u201cNo deserto, os vossos pais comeram o man\u00e1 e morreram. Mas este p\u00e3o \u00e9 o que desce do C\u00e9u, para que n\u00e3o morra quem dele comer. Eu sou o p\u00e3o vivo que desceu do C\u00e9u. Quem comer deste p\u00e3o viver\u00e1 eternamente. E [&hellip;]<\/p>\n","protected":false},"author":2,"featured_media":0,"comment_status":"open","ping_status":"open","sticky":false,"template":"","format":"standard","meta":{"footnotes":""},"categories":[6],"tags":[],"class_list":["post-3371","post","type-post","status-publish","format-standard","hentry","category-refletida","has-post-title","has-post-date","has-post-category","has-post-tag","has-post-comment","has-post-author",""],"builder_content":"","_links":{"self":[{"href":"https:\/\/palavradeamorpalavra.sallep.net\/index.php?rest_route=\/wp\/v2\/posts\/3371","targetHints":{"allow":["GET"]}}],"collection":[{"href":"https:\/\/palavradeamorpalavra.sallep.net\/index.php?rest_route=\/wp\/v2\/posts"}],"about":[{"href":"https:\/\/palavradeamorpalavra.sallep.net\/index.php?rest_route=\/wp\/v2\/types\/post"}],"author":[{"embeddable":true,"href":"https:\/\/palavradeamorpalavra.sallep.net\/index.php?rest_route=\/wp\/v2\/users\/2"}],"replies":[{"embeddable":true,"href":"https:\/\/palavradeamorpalavra.sallep.net\/index.php?rest_route=%2Fwp%2Fv2%2Fcomments&post=3371"}],"version-history":[{"count":1,"href":"https:\/\/palavradeamorpalavra.sallep.net\/index.php?rest_route=\/wp\/v2\/posts\/3371\/revisions"}],"predecessor-version":[{"id":3373,"href":"https:\/\/palavradeamorpalavra.sallep.net\/index.php?rest_route=\/wp\/v2\/posts\/3371\/revisions\/3373"}],"wp:attachment":[{"href":"https:\/\/palavradeamorpalavra.sallep.net\/index.php?rest_route=%2Fwp%2Fv2%2Fmedia&parent=3371"}],"wp:term":[{"taxonomy":"category","embeddable":true,"href":"https:\/\/palavradeamorpalavra.sallep.net\/index.php?rest_route=%2Fwp%2Fv2%2Fcategories&post=3371"},{"taxonomy":"post_tag","embeddable":true,"href":"https:\/\/palavradeamorpalavra.sallep.net\/index.php?rest_route=%2Fwp%2Fv2%2Ftags&post=3371"}],"curies":[{"name":"wp","href":"https:\/\/api.w.org\/{rel}","templated":true}]}}