{"id":3381,"date":"2018-08-14T22:23:46","date_gmt":"2018-08-14T22:23:46","guid":{"rendered":"http:\/\/palavradeamorpalavra.sallep.net\/?p=3381"},"modified":"2022-11-17T05:26:13","modified_gmt":"2022-11-17T05:26:13","slug":"e-a-mulher-fugiu-para-o-deserto","status":"publish","type":"post","link":"https:\/\/palavradeamorpalavra.sallep.net\/?p=3381","title":{"rendered":"\u00abE a mulher fugiu para o deserto&#8230;"},"content":{"rendered":"<p><a href=\"http:\/\/palavradeamorpalavra.sallep.net\/wp-content\/uploads\/2018\/08\/63bb-\u00abE-a-mulher-fugiu-para-o-deserto....jpg\"><img fetchpriority=\"high\" decoding=\"async\" class=\"aligncenter size-full wp-image-3382\" src=\"http:\/\/palavradeamorpalavra.sallep.net\/wp-content\/uploads\/2018\/08\/63bb-\u00abE-a-mulher-fugiu-para-o-deserto....jpg\" alt=\"63bb- \u00abE a mulher fugiu para o deserto...\" width=\"512\" height=\"300\" srcset=\"https:\/\/palavradeamorpalavra.sallep.net\/wp-content\/uploads\/2018\/08\/63bb-\u00abE-a-mulher-fugiu-para-o-deserto....jpg 512w, https:\/\/palavradeamorpalavra.sallep.net\/wp-content\/uploads\/2018\/08\/63bb-\u00abE-a-mulher-fugiu-para-o-deserto...-300x176.jpg 300w, https:\/\/palavradeamorpalavra.sallep.net\/wp-content\/uploads\/2018\/08\/63bb-\u00abE-a-mulher-fugiu-para-o-deserto...-398x233.jpg 398w\" sizes=\"(max-width: 512px) 100vw, 512px\" \/><\/a><\/p>\n<p><strong>\u00a0&#8211;\u00a0<em>A<\/em>\u00a0<em>PALAVRA, Refletida<\/em>\u00a0ao ritmo Lit\u00fargico &#8211;<\/strong><\/p>\n<p><em>\u00a0(Ciclo B &#8212; ASSUN\u00c7\u00c3O DE MARIA &#8211; 15 de agosto)<\/em><\/p>\n<p><strong>\u00a0<\/strong><\/p>\n<p><strong><em>\u201c<\/em><\/strong><strong><em>Ela teve um filho var\u00e3o, que h\u00e1 de reger todas as na\u00e7\u00f5es com cetro de ferro. O filho foi levado para junto de Deus e do seu trono <u>e a mulher fugiu para o deserto<\/u>, onde Deus lhe tinha preparado um lugar<\/em><\/strong>, <strong><em>de modo a n\u00e3o lhe faltar a\u00ed o alimento durante mil duzentos e sessenta dias\u201d. (Ap 12,<\/em><\/strong><strong><em>5-6<\/em><\/strong><strong><em> \/ 1\u00aa L.).<\/em><\/strong><\/p>\n<p>&nbsp;<\/p>\n<p>Esta <em>mulher, <\/em>m\u00e3e de <em>&#8220;um filho var\u00e3o&#8221;,<\/em> do Apocalipse (ou \u2018Revela\u00e7\u00e3o\u2019) \u00e9 tradicionalmente interpretada como sendo \u201cfigura\u201d, em primeiro lugar, da <em>Igreja<\/em> mas tamb\u00e9m \u201cfigura\u201d de <em>Maria<\/em>. E, quer uma quer outra, s\u00e3o <em>M\u00e3e<\/em> de todos n\u00f3s!\u00a0 N\u00e3o podemos esquecer o sentido simb\u00f3lico e \u201cescatol\u00f3gico\u201d, ou seja, referido aos <em>\u00faltimos eventos<\/em> (do <em>fim do mundo<\/em> e <em>da humanidade<\/em>). Bem como o car\u00e1cter simb\u00f3lico dos \u2018n\u00fameros\u2019 que aparecem. Assim, \u201cmil duzentos e sessenta dias\u2019 (ou 42 messes ou 3 \u00bd anos) \u00e9 interpretado como o tempo \u2013 \u2018breve\u2019 \u2013 <em>at\u00e9 \u00e0<\/em> <em>segunda vinda do Salvador<\/em> ou ent\u00e3o, como a <em>dura\u00e7\u00e3o das \u2018persegui\u00e7\u00f5es\u2019 <\/em>neste mundo\u2026<\/p>\n<p>&nbsp;<\/p>\n<p>A \u2013 Se agora ficamos, em particular, com a figura de Maria, come\u00e7amos por levantar esta quest\u00e3o: Porque \u00e9 que ela <em>\u201cfugiu para o deserto quando o seu filho var\u00e3o foi levado para junto de Deus\u201d?<\/em><\/p>\n<p>B \u2013 Parece que, na hist\u00f3ria b\u00edblica, <em>o deserto<\/em> era <em>\u2018o ref\u00fagio tradicional\u2019 <\/em>para<em> os perseguidos<\/em>\u2026 Neste caso, o <em>perseguidor<\/em> era o <em>\u201cgrande drag\u00e3o vermelho\u201d<\/em> \u2013 o Maligno, a personifica\u00e7\u00e3o do Mal! \u2013.<\/p>\n<p>A \u2013 Ent\u00e3o, h\u00e1 de ficar bem assente que, tal como a M\u00e3e-Igreja, tamb\u00e9m a M\u00e3e-Maria, bem como todos os filhos de ambas \u2013 ser\u00e3o os mesmos? \u2013 ter\u00e3o de viver nesse \u201cdeserto\u201d at\u00e9 \u00e0 chegada do tal <em>fim escatol\u00f3gico<\/em> ou <em>\u2018parusia\u2019<\/em> (=<em> \u2018advento\u2019, em gl\u00f3ria e poder,<\/em> <em>daquele \u201cfilho var\u00e3o\u201d da mulher<\/em>).<\/p>\n<p>B \u2013 Essa \u00e9 a condi\u00e7\u00e3o humana \u2013 nesta vida de \u2018mil\u00edcia\u2019, de luta sobre a terra \u2013 ou seja: vivermos como pr\u00f3fugos, por quanto filhos da Igreja e de Maria, e como estrangeiros em terra estranha. Por tal motivo, diz-se que, de um modo ou doutro, a Igreja h\u00e1 de ser sempre perseguida e acossada\u2026<\/p>\n<p>A \u2013 Temos sempre, por\u00e9m, o exemplo e a companhia da M\u00e3e-Maria na luta deste \u201cdesterro\u201d. Como ela e com ela, aprendemos a resistir, fortalecidos com aquele <em>\u201calimento que nunca h\u00e1 de faltar\u201d<\/em>.<\/p>\n<p>B \u2013 Ela, Maria, quando vivia em carne mortal, teve de fugir, atrav\u00e9s do deserto da Judeia, com o <em>seu filho var\u00e3o<\/em> \u2013 o beb\u00e9 Jesus \u2013 para o Egito, livrando-O da morte, nas m\u00e3os de Herodes <em>(Mt 2,13).<\/em><\/p>\n<p>A \u2013 Ou ent\u00e3o, seguimos o seu exemplo, caminhando com ela, quando <em>\u201cMaria<\/em> \u2013 j\u00e1 gr\u00e1vida daquele \u2018filho var\u00e3o\u2019 \u2013 <em>p\u00f4s-se a caminho e dirigiu-se apressadamente para a montanha da Judeia\u201d <\/em><em>(Lc 1,39)<\/em><em>.<\/em><\/p>\n<p>B \u2013 <em>Atravessar o deserto<\/em> para fugir do Mal, ou <em>caminhar, apressada,<\/em> para cumprir a sua <em>miss\u00e3o de servi\u00e7o<\/em>, levando sempre o seu Filho que <em>\u00e9 Alimento<\/em> para todos: eis <em>a fun\u00e7\u00e3o<\/em> de Maria, nossa M\u00e3e!<\/p>\n<p>A \u2013 Deste jeito, estaremos sempre confiantes, pois esta <em>Palavra<\/em> (<em>\u201cn\u00e3o lhe faltar\u00e1 o alimento\u201d<\/em>) h\u00e1 de se cumprir sempre, enquanto <em>caminharmos com Maria<\/em>, a M\u00e3e, que leva consigo <em>\u2018o P\u00e3o dos fortes\u2019!<\/em><\/p>\n<p><u>\u00a0<\/u><\/p>\n<p style=\"text-align: right;\"><u>A\/B<\/u>:<strong> \u00d3 Maria, n\u00f3s, que <em>somos a Igreja de Cristo<\/em> \u2013 peregrinante desta vida \u2013<\/strong><\/p>\n<p style=\"text-align: right;\"><strong>sentimo-nos tamb\u00e9m teus filhos, porque filhos da Igreja cuja Cabe\u00e7a \u00e9 Jesus.<\/strong><\/p>\n<p style=\"text-align: right;\"><strong>Seguros no teu manto maternal, iremos sempre para onde tu fores<\/strong><\/p>\n<p style=\"text-align: right;\"><strong>e nos alimentaremos do P\u00e3o Divino, que sempre levas contigo: Cristo Jesus!<\/strong><\/p>\n<p style=\"text-align: right;\"><strong>N\u00e3o temos medo do \u2018Mal\u2019 \u2013 atrav\u00e9s deste deserto \u2013 se tu, M\u00e3e, nos levas ao colo! <\/strong><\/p>\n<p><strong>\u00a0 \u00a0\u00a0\u00a0\u00a0\u00a0\u00a0\u00a0<\/strong>\u00a0<strong>\u00a0\u00a0\u00a0\u00a0\u00a0<em>\u00a0\u00a0<\/em><\/strong><\/p>\n<p>\/\/ <em>PARA uma outra REFLEX\u00c3O ALARGADA:<\/em> <a href=\"http:\/\/palavradeamorpalavra.sallep.net\">http:\/\/palavradeamorpalavra.sallep.net<\/a><\/p>\n","protected":false},"excerpt":{"rendered":"<p>\u00a0&#8211;\u00a0A\u00a0PALAVRA, Refletida\u00a0ao ritmo Lit\u00fargico &#8211; \u00a0(Ciclo B &#8212; ASSUN\u00c7\u00c3O DE MARIA &#8211; 15 de agosto) \u00a0 \u201cEla teve um filho var\u00e3o, que h\u00e1 de reger todas as na\u00e7\u00f5es com cetro de ferro. O filho foi levado para junto de Deus e do seu trono e a mulher fugiu para o deserto, onde Deus lhe tinha [&hellip;]<\/p>\n","protected":false},"author":2,"featured_media":0,"comment_status":"open","ping_status":"open","sticky":false,"template":"","format":"standard","meta":{"footnotes":""},"categories":[6],"tags":[],"class_list":["post-3381","post","type-post","status-publish","format-standard","hentry","category-refletida","has-post-title","has-post-date","has-post-category","has-post-tag","has-post-comment","has-post-author",""],"builder_content":"","_links":{"self":[{"href":"https:\/\/palavradeamorpalavra.sallep.net\/index.php?rest_route=\/wp\/v2\/posts\/3381","targetHints":{"allow":["GET"]}}],"collection":[{"href":"https:\/\/palavradeamorpalavra.sallep.net\/index.php?rest_route=\/wp\/v2\/posts"}],"about":[{"href":"https:\/\/palavradeamorpalavra.sallep.net\/index.php?rest_route=\/wp\/v2\/types\/post"}],"author":[{"embeddable":true,"href":"https:\/\/palavradeamorpalavra.sallep.net\/index.php?rest_route=\/wp\/v2\/users\/2"}],"replies":[{"embeddable":true,"href":"https:\/\/palavradeamorpalavra.sallep.net\/index.php?rest_route=%2Fwp%2Fv2%2Fcomments&post=3381"}],"version-history":[{"count":2,"href":"https:\/\/palavradeamorpalavra.sallep.net\/index.php?rest_route=\/wp\/v2\/posts\/3381\/revisions"}],"predecessor-version":[{"id":3384,"href":"https:\/\/palavradeamorpalavra.sallep.net\/index.php?rest_route=\/wp\/v2\/posts\/3381\/revisions\/3384"}],"wp:attachment":[{"href":"https:\/\/palavradeamorpalavra.sallep.net\/index.php?rest_route=%2Fwp%2Fv2%2Fmedia&parent=3381"}],"wp:term":[{"taxonomy":"category","embeddable":true,"href":"https:\/\/palavradeamorpalavra.sallep.net\/index.php?rest_route=%2Fwp%2Fv2%2Fcategories&post=3381"},{"taxonomy":"post_tag","embeddable":true,"href":"https:\/\/palavradeamorpalavra.sallep.net\/index.php?rest_route=%2Fwp%2Fv2%2Ftags&post=3381"}],"curies":[{"name":"wp","href":"https:\/\/api.w.org\/{rel}","templated":true}]}}