{"id":3389,"date":"2018-08-18T08:50:31","date_gmt":"2018-08-18T08:50:31","guid":{"rendered":"http:\/\/palavradeamorpalavra.sallep.net\/?p=3389"},"modified":"2022-11-18T20:36:42","modified_gmt":"2022-11-18T20:36:42","slug":"mas-enchei-vos-do-espirito-santo","status":"publish","type":"post","link":"https:\/\/palavradeamorpalavra.sallep.net\/?p=3389","title":{"rendered":"\u00abMas enchei-vos do Esp\u00edrito Santo\u2026"},"content":{"rendered":"<p><a href=\"http:\/\/palavradeamorpalavra.sallep.net\/wp-content\/uploads\/2018\/08\/43bb-\u00abMas-enchei-vos-do-Esp\u00edrito-Santo....jpg\"><img fetchpriority=\"high\" decoding=\"async\" class=\"aligncenter size-full wp-image-3390\" src=\"http:\/\/palavradeamorpalavra.sallep.net\/wp-content\/uploads\/2018\/08\/43bb-\u00abMas-enchei-vos-do-Esp\u00edrito-Santo....jpg\" alt=\"43bb- \u00abMas enchei-vos do Esp\u00edrito Santo...\" width=\"480\" height=\"360\" srcset=\"https:\/\/palavradeamorpalavra.sallep.net\/wp-content\/uploads\/2018\/08\/43bb-\u00abMas-enchei-vos-do-Esp\u00edrito-Santo....jpg 480w, https:\/\/palavradeamorpalavra.sallep.net\/wp-content\/uploads\/2018\/08\/43bb-\u00abMas-enchei-vos-do-Esp\u00edrito-Santo...-300x225.jpg 300w, https:\/\/palavradeamorpalavra.sallep.net\/wp-content\/uploads\/2018\/08\/43bb-\u00abMas-enchei-vos-do-Esp\u00edrito-Santo...-398x298.jpg 398w\" sizes=\"(max-width: 480px) 100vw, 480px\" \/><\/a><\/p>\n<p><strong>&#8211;\u00a0<em>A<\/em>\u00a0<em>PALAVRA, Refletida<\/em>\u00a0ao ritmo Lit\u00fargico &#8211;<\/strong><\/p>\n<p><em>(Ciclo B \u2013 Domingo 20 do T. Comum)<\/em><\/p>\n<p><em>\u00a0<\/em><\/p>\n<p><strong><em>\u201cIrm\u00e3os: Vede bem como procedeis. N\u00e3o vivais como insensatos, mas como pessoas inteligentes. Aproveitai bem o tempo, porque os dias que correm s\u00e3o maus\u2026 N\u00e3o vos embriagueis com o vinho, que \u00e9 causa de lux\u00faria, <u>mas enchei-vos do Esp\u00edrito Santo<\/u>\u2026\u201d. (Ef 5,<\/em><\/strong><strong><em>15-16.18 <\/em><\/strong><strong><em>\/ 2\u00aa L.). <\/em><\/strong><\/p>\n<p>&nbsp;<\/p>\n<p>Durante v\u00e1rios domingos, neste <em>tempo comum<\/em> (do <em>Evangelho<\/em> <em>(3\u00aa L.)<\/em> de S. Jo\u00e3o, no extenso cap. 6), toda <em>a Palavra<\/em> \u2013 nas tr\u00eas <em>Leituras<\/em> \u2013 gira em volta do <em>Alimento Eucar\u00edstico; <\/em>seja, no AT <em>(1\u00aa L.)<\/em>, atrav\u00e9s do <em>man\u00e1<\/em>, de outras refei\u00e7\u00f5es, de <em>banquetes<\/em> preparados pela <em>Sabedoria<\/em>\u2026 seja, no NT <em>(2\u00aa L.)<\/em>, com avisos e exorta\u00e7\u00f5es acerca do que todo o crist\u00e3o deve comer o deixar de comer\u2026 Hoje, precisamente, o nosso <em>texto<\/em> para a <em>reflex\u00e3o<\/em>, \u00e9 tirado da carta de Paulo aos Ef\u00e9sios <em>(2\u00aa L.)<\/em>.<\/p>\n<p>A \u2013 O estilo exortativo e de conselho paternal usado por S. Paulo neste <em>texto<\/em>, suscita uma d\u00favida. Ser\u00e1 que isto foi escrito para uma sociedade de h\u00e1 dois mil\u00e9nios, ou a situa\u00e7\u00e3o que pressup\u00f5e corresponde exatamente \u00e0 da nossa sociedade de hoje?&#8230;<\/p>\n<p>B \u2013 Por enquanto, descobrimos <em>algumas \u2018constantes\u2019<\/em> nas duas sociedades separadas por vinte s\u00e9culos: <em>\u201cpessoas inteligentes e pessoas insensatas\u201d<\/em>; <em>\u201clux\u00farias\u201d<\/em> incontroladas causadas <em>\u201cpor alcoolismo\u201d<\/em> e\/ou narc\u00f3ticos; <em>\u201ctempos maus nos dias que correm\u201d<\/em>; etc.<\/p>\n<p>A \u2013 <em>Contra<\/em> comidas e\/ou bebidas \u2018desordenadas\u2019, continua a aparecer o <em>ant\u00eddoto<\/em> mais eficaz (ali\u00e1s, repetido nas <em>reflex\u00f5es<\/em> destes dias): <em>o Alimento de \u2018uma outra dimens\u00e3o\u2019!<\/em><\/p>\n<p>B \u2013 Se <em>os dias que correm hoje s\u00e3o maus<\/em> \u2013 dif\u00edceis, complicados\u2026 \u2013 deixar-se levar pela <em>desesperan\u00e7a<\/em>, o <em>pessimismo<\/em>\u2026 ou por uma <em>vida de devassid\u00e3o<\/em>, nada resolve!<\/p>\n<p>A \u2013 Isso seria <em>\u201cproceder como insensatos\u201d<\/em> e n\u00e3o <em>\u201ccomo pessoas inteligentes\u201d<\/em>, que sabem <em>\u201caproveitar bem o tempo\u201d<\/em>, \u2018consumindo\u2019 um ou outro produto de \u2018ingest\u00e3o\u2019(!)\u2026<\/p>\n<p>B \u2013 Quer dizer, teremos de optar, mais uma vez \u2013 lembram-se? \u2013 por esse tal <em>alimento<\/em><\/p>\n<p>de ordem <em>transcendente<\/em>, que Paulo sintetiza assim: <em>\u201cEnchei-vos do Esp\u00edrito Santo\u201d!<\/em><\/p>\n<p>A \u2013 Ou como nas <em>reflex\u00f5es<\/em> anteriores: <em>\u201co P\u00e3o que vem do C\u00e9u\u201d<\/em>, <em>\u201co Corpo de Cristo\u201d<\/em>\u2026 Express\u00f5es bem simples de dizer mas como s\u00e3o <em>profundas<\/em> e dif\u00edceis de <em>\u2018assimilar\u2019!!!<\/em><\/p>\n<p>B \u2013 N\u00e3o tiv\u00e9ssemos n\u00f3s sempre connosco <em>a fortaleza<\/em> desse mesmo <em>\u201cEsp\u00edrito Santo\u201d, <\/em>ou ent\u00e3o \u2013 lembram-se? \u2013 a <em>companhia de Maria<\/em> <em>portadora desse \u201cP\u00e3o que \u00e9 Jesus\u201d! <\/em><\/p>\n<p>&nbsp;<\/p>\n<p style=\"text-align: right;\"><u>A\/B<\/u>: <strong>Claro que n\u00e3o vale a pena, Senhor, deixar-nos levar pelo pessimismo,<\/strong><\/p>\n<p style=\"text-align: right;\"><strong>embora <em>\u201cos dias que correm sejam maus\u201d<\/em>, como no tempo dos <em>ef\u00e9sios<\/em>\u2026<\/strong><\/p>\n<p style=\"text-align: right;\"><strong>Tamb\u00e9m n\u00e3o podemos viver iludidos e distra\u00eddos, v\u00edtimas do \u2018consumismo\u2019,<\/strong><\/p>\n<p style=\"text-align: right;\"><strong>ao sabor de paix\u00f5es e prazeres, que conduzem a fins lament\u00e1veis\u2026<\/strong><\/p>\n<p style=\"text-align: right;\"><strong>Ent\u00e3o, vem, Esp\u00edrito Santo, Senhor, <em>verdadeiro alimento vivificante<\/em>,<\/strong><\/p>\n<p style=\"text-align: right;\"><strong>e <em>enche-nos<\/em> dos Teus Dons, <em>ant\u00eddoto<\/em> contra outros \u2018alimentos t\u00f3xicos\u2019!<\/strong><\/p>\n<p><strong>\u00a0<\/strong><\/p>\n<p>\/\/ <em>PARA uma outra REFLEX\u00c3O ALARGADA:<\/em> <u><a href=\"http:\/\/palavradeamorpalavra.sallep.net\">http:\/\/palavradeamorpalavra.sallep.net<\/a><\/u><\/p>\n","protected":false},"excerpt":{"rendered":"<p>&#8211;\u00a0A\u00a0PALAVRA, Refletida\u00a0ao ritmo Lit\u00fargico &#8211; (Ciclo B \u2013 Domingo 20 do T. Comum) \u00a0 \u201cIrm\u00e3os: Vede bem como procedeis. N\u00e3o vivais como insensatos, mas como pessoas inteligentes. Aproveitai bem o tempo, porque os dias que correm s\u00e3o maus\u2026 N\u00e3o vos embriagueis com o vinho, que \u00e9 causa de lux\u00faria, mas enchei-vos do Esp\u00edrito Santo\u2026\u201d. (Ef [&hellip;]<\/p>\n","protected":false},"author":2,"featured_media":0,"comment_status":"open","ping_status":"open","sticky":false,"template":"","format":"standard","meta":{"footnotes":""},"categories":[6],"tags":[],"class_list":["post-3389","post","type-post","status-publish","format-standard","hentry","category-refletida","has-post-title","has-post-date","has-post-category","has-post-tag","has-post-comment","has-post-author",""],"builder_content":"","_links":{"self":[{"href":"https:\/\/palavradeamorpalavra.sallep.net\/index.php?rest_route=\/wp\/v2\/posts\/3389","targetHints":{"allow":["GET"]}}],"collection":[{"href":"https:\/\/palavradeamorpalavra.sallep.net\/index.php?rest_route=\/wp\/v2\/posts"}],"about":[{"href":"https:\/\/palavradeamorpalavra.sallep.net\/index.php?rest_route=\/wp\/v2\/types\/post"}],"author":[{"embeddable":true,"href":"https:\/\/palavradeamorpalavra.sallep.net\/index.php?rest_route=\/wp\/v2\/users\/2"}],"replies":[{"embeddable":true,"href":"https:\/\/palavradeamorpalavra.sallep.net\/index.php?rest_route=%2Fwp%2Fv2%2Fcomments&post=3389"}],"version-history":[{"count":2,"href":"https:\/\/palavradeamorpalavra.sallep.net\/index.php?rest_route=\/wp\/v2\/posts\/3389\/revisions"}],"predecessor-version":[{"id":3392,"href":"https:\/\/palavradeamorpalavra.sallep.net\/index.php?rest_route=\/wp\/v2\/posts\/3389\/revisions\/3392"}],"wp:attachment":[{"href":"https:\/\/palavradeamorpalavra.sallep.net\/index.php?rest_route=%2Fwp%2Fv2%2Fmedia&parent=3389"}],"wp:term":[{"taxonomy":"category","embeddable":true,"href":"https:\/\/palavradeamorpalavra.sallep.net\/index.php?rest_route=%2Fwp%2Fv2%2Fcategories&post=3389"},{"taxonomy":"post_tag","embeddable":true,"href":"https:\/\/palavradeamorpalavra.sallep.net\/index.php?rest_route=%2Fwp%2Fv2%2Ftags&post=3389"}],"curies":[{"name":"wp","href":"https:\/\/api.w.org\/{rel}","templated":true}]}}