{"id":3404,"date":"2018-08-31T18:46:40","date_gmt":"2018-08-31T18:46:40","guid":{"rendered":"http:\/\/palavradeamorpalavra.sallep.net\/?p=3404"},"modified":"2022-11-19T11:18:34","modified_gmt":"2022-11-19T11:18:34","slug":"os-labios-e-o-coracao-2","status":"publish","type":"post","link":"https:\/\/palavradeamorpalavra.sallep.net\/?p=3404","title":{"rendered":"OS \u201cL\u00c1BIOS\u201d E O \u201cCORA\u00c7\u00c3O\u201d"},"content":{"rendered":"<p><a href=\"http:\/\/palavradeamorpalavra.sallep.net\/wp-content\/uploads\/2018\/08\/45b-Os-l\u00e1bios-e-o-cora\u00e7\u00e3o.jpg\"><img decoding=\"async\" class=\"aligncenter size-full wp-image-3405\" src=\"http:\/\/palavradeamorpalavra.sallep.net\/wp-content\/uploads\/2018\/08\/45b-Os-l\u00e1bios-e-o-cora\u00e7\u00e3o.jpg\" alt=\"45b- Os l\u00e1bios e o cora\u00e7\u00e3o\" width=\"167\" height=\"150\" srcset=\"https:\/\/palavradeamorpalavra.sallep.net\/wp-content\/uploads\/2018\/08\/45b-Os-l\u00e1bios-e-o-cora\u00e7\u00e3o.jpg 167w, https:\/\/palavradeamorpalavra.sallep.net\/wp-content\/uploads\/2018\/08\/45b-Os-l\u00e1bios-e-o-cora\u00e7\u00e3o-398x357.jpg 398w\" sizes=\"(max-width: 167px) 100vw, 167px\" \/><\/a><\/p>\n<p><em>\u00a0(Ciclo B \u2013 Domingo 22 do T. Comum\u2026)<\/em><strong>\u00a0<\/strong><\/p>\n<p><strong>OS \u201cL\u00c1BIOS\u201d E O \u201cCORA\u00c7\u00c3O\u201d<\/strong><\/p>\n<p>\u00abQuem dera \u2013 dizia algu\u00e9m \u2013 podermos viver, caminhar, expor-nos\u2026 sem roupagens nem acrescentos, tal e qual <em>\u201ccomo viemos ao mundo\u201d!<\/em>\u00bb. \u00c9 como se quisesse dizer: Que bom seria podermos ser, em tudo, e n\u00e3o apenas no f\u00edsico, pessoas genu\u00ednas, verdadeiras, transparentes! Mas para isso, claro est\u00e1, seria preciso termos conservado e preservado a <em>\u201cinoc\u00eancia original\u201d<\/em>, aquela <em>pureza primig\u00e9nia<\/em> com a que o Criador \u201cnos sonhou\u201d, aquela <em>transparente limpidez<\/em> que t\u00ednhamos ao sairmos das Suas m\u00e3os fecundas\u2026 Mas tal n\u00e3o aconteceu, e como <em>o plano de Deus<\/em> foi truncado (?) e as coisas viraram para torto, foi necess\u00e1rio (?) arranjar coberturas, acr\u00e9scimos, \u201cposti\u00e7os\u201d \u2026 desde as famosas <em>\u201cfolhas de figueira\u201d<\/em> (Gn 3, 7), passando pelas \u201ctangas\u201d, at\u00e9 chegar \u00e0s \u00faltimas sofistica\u00e7\u00f5es e requintes das <em>modas<\/em> nas <em>\u2018passerelles\u2019<\/em>. E ent\u00e3o, agora ningu\u00e9m estranha que <em>a metade<\/em> da humanidade v\u00e1 atr\u00e1s da <em>\u00faltima moda<\/em> no <em>vestir<\/em> \u2013 e n\u00e3o s\u00f3 \u2013 e <em>a outra metade<\/em> (masculina) siga \u201ccolada\u201d \u00e0 primeira (!?)\u2026<\/p>\n<p>Mas vejam agora isto. N\u00e3o deixa de ser significativo que, na alvorada de uma <em>humanidade j\u00e1 consciente<\/em>, falasse o Senhor Deus ao povo, por Mois\u00e9s, deste modo: <em>\u201cN\u00e3o acrescentareis nada ao que vos est\u00e1 ordenado, nem suprimireis coisa alguma, mas guardareis as minhas leis\u2026 porque elas ser\u00e3o a vossa sabedoria e a vossa prud\u00eancia aos olhos de todos os povos\u2026\u201d (Dt 4 \/ 1\u00aa L.).<\/em> Na verdade, Aquele que tinha <em>criado<\/em> a natureza humana conhecia bem a sua tend\u00eancia a acrescentar e <em>multiplicar preceitos e normas<\/em> para encobrir, esconder, mascarar, a Verdade pura e simples\u2026<\/p>\n<p>Vamos l\u00e1 ver, ent\u00e3o, se nos entendemos! N\u00e3o \u00e9 mau cobrirmos as \u201cvergonhas\u201d (como se costuma dizer) uma vez que existe em n\u00f3s <em>essa mal\u00edcia<\/em>\u2026 transmitida pela ast\u00facia (<em>serpentiforme<\/em>) do <em>Maligno<\/em>. Bom seria \u2013 isso sim \u2013 que o mal e o pecado n\u00e3o nos tivessem contaminado! Por\u00e9m, as coisas agora s\u00e3o como s\u00e3o, e <em>a nossa luta<\/em>, sobre esta terra, tem de ser processada contra os \u201cinimigos invis\u00edveis\u201d que nos rodeiam, ou nos penetram, e <em>com as armas<\/em> de que dispomos. S\u00f3 neste sentido poder\u00e3o ser interpretadas express\u00f5es como estas (da <em>Palavra<\/em> de hoje \/ Mc 7): <em>\u201co que est\u00e1 fora do homem\u2026 o que entra no homem\u2026 o que sai do homem\u2026 o interior do homem\u2026 lavar as m\u00e3os\u2026 limpar os copos\u2026\u201d.<\/em> Porque, certamente, <em>\u201co que faz puro ou impuro o homem n\u00e3o \u00e9 o que vem de fora mas o que sai de dentro, do seu interior\u201d (Mc 7 \/ 3\u00aa L.)<\/em>. E portanto, n\u00e3o vale a pena tentarmos tapar, ocultar, disfar\u00e7ar!<\/p>\n<p>O perigo reside, ent\u00e3o, em apostarmos nas \u201croupagens externas\u201d tamb\u00e9m a n\u00edvel do <em>esp\u00edrito<\/em>, tal como o fazemos \u2013 por necessidade \u2013 a respeito do <em>corpo<\/em>. Este \u00e9 exatamente o fulcro e o cerne da quest\u00e3o, para n\u00e3o nos deixarmos levar pelos <em>\u201cdisfarces\u201d na alma<\/em> como acontece com os <em>do corpo<\/em>. E constantemente corremos o risco de \u2013 no meio desta \u201cluta\u201d \u2013 darmos supremacia a <em>\u201co material\u201d <\/em>sobre <em>\u201co<\/em> <em>espiritual\u201d<\/em>, quando deveria ser rigorosamente o contr\u00e1rio. E sabemos \u2013 lembram-se? \u2013 que a aposta <em>no que \u00e9 material<\/em> leva-nos \u00e0 pr\u00f3pria destrui\u00e7\u00e3o\u2026 e perdi\u00e7\u00e3o! \u00a0Jesus de Nazar\u00e9 avisa-nos hoje acerca disto com uma radicalidade e clareza meridianas, no seu <em>Evangelho<\/em>, falando \u00e0quele <em>\u201cgrupo de fariseus e alguns escribas:<\/em> <em>\u00abBem profetizou Isa\u00edas a vosso respeito, hip\u00f3critas, como est\u00e1 escrito: \u2018Este povo honra-Me com os l\u00e1bios, mas o seu cora\u00e7\u00e3o est\u00e1 longe de Mim. \u00c9 v\u00e3o o culto que Me prestam, e as doutrinas que ensinam n\u00e3o passam de preceitos humanos\u2019\u00bb\u2026\u201d (Mc 7 \/ 3\u00aa L.).<\/em><\/p>\n<p>Por seu lado, a linguagem do ap\u00f3stolo Tiago, na sua carta, \u00e9 esta: <em>\u201cToda a boa d\u00e1diva e todo o dom perfeito v\u00eam do alto, descem do Pai das luzes\u2026 e foi Ele que nos gerou pela palavra da verdade\u2026<\/em> <em>Para n\u00e3o nos enganarmos a n\u00f3s mesmos, nunca devemos esquecer que a religi\u00e3o pura e sem mancha, aos olhos de Deus, nosso Pai, consiste\u2026 afinal, na caridade, no amor\u201d. (Tg 1 \/ 2\u00aa L.).<\/em> Portanto, se os nossos \u201cl\u00e1bios\u201d n\u00e3o concordam com o nosso \u201ccora\u00e7\u00e3o\u201d, ent\u00e3o, a vida que \u201csuportamos\u201d, c\u00e1 na terra, \u00e9 <em>fingida<\/em> e, como tal, poder\u00e1 acabar num lament\u00e1vel \u201csem-sentido\u201d! Ent\u00e3o, \u2018L\u00c1BIOS\u2019 e \u2018CORA\u00c7\u00c3O\u2019 em perfeita sintonia!<\/p>\n<p>Eu quero hoje perguntar com <em>o salmista<\/em>:<\/p>\n<p><em>quem habitar\u00e1, Senhor, na tua casa?,<\/em><\/p>\n<p>para poder escutar, no sil\u00eancio, a Tua resposta:<\/p>\n<p><em>O que vive sem mancha e pratica a justi\u00e7a, <\/em><\/p>\n<p><em>o que diz a verdade que tem no cora\u00e7\u00e3o\u2026 <\/em><\/p>\n<p>Porque <em>viver sem mancha e praticando a justi\u00e7a<\/em><\/p>\n<p>\u00e9 o mesmo que estar livre de falsidade e disfarces\u2026<\/p>\n<p>E <em>dizer a verdade que se tem no cora\u00e7\u00e3o<\/em><\/p>\n<p>equivale a uma pura e total <em>concord\u00e2ncia<\/em> entre<\/p>\n<p>o que \u201cdizem os l\u00e1bios\u201d e o que \u201cama o cora\u00e7\u00e3o\u201d;<\/p>\n<p>pois Tu, Jesus, tinhas dito para todos:<\/p>\n<p><em>\u201c\u00c9 do que enche o cora\u00e7\u00e3o que deve falar a boca\u201d<\/em>\u2026<\/p>\n<p>Vou aprender a ser daqueles, Teus amigos, que<\/p>\n<p>\u2013 <em>mesmo em preju\u00edzo pr\u00f3prio<\/em> \u2013 nunca faltam \u00e0 verdade\u2026<\/p>\n<p>e <em>defendem o inocente<\/em> (seja ele pobre ou n\u00e3o)<\/p>\n<p>por cima de qualquer interesse pessoal\u2026<\/p>\n<p><em>[ do Salmo Responsorial \/ 14 (15) ]<\/em><\/p>\n","protected":false},"excerpt":{"rendered":"<p>\u00a0(Ciclo B \u2013 Domingo 22 do T. Comum\u2026)\u00a0 OS \u201cL\u00c1BIOS\u201d E O \u201cCORA\u00c7\u00c3O\u201d \u00abQuem dera \u2013 dizia algu\u00e9m \u2013 podermos viver, caminhar, expor-nos\u2026 sem roupagens nem acrescentos, tal e qual \u201ccomo viemos ao mundo\u201d!\u00bb. \u00c9 como se quisesse dizer: Que bom seria podermos ser, em tudo, e n\u00e3o apenas no f\u00edsico, pessoas genu\u00ednas, verdadeiras, transparentes! [&hellip;]<\/p>\n","protected":false},"author":2,"featured_media":0,"comment_status":"open","ping_status":"open","sticky":false,"template":"","format":"standard","meta":{"footnotes":""},"categories":[6],"tags":[],"class_list":["post-3404","post","type-post","status-publish","format-standard","hentry","category-refletida","has-post-title","has-post-date","has-post-category","has-post-tag","has-post-comment","has-post-author",""],"builder_content":"","_links":{"self":[{"href":"https:\/\/palavradeamorpalavra.sallep.net\/index.php?rest_route=\/wp\/v2\/posts\/3404","targetHints":{"allow":["GET"]}}],"collection":[{"href":"https:\/\/palavradeamorpalavra.sallep.net\/index.php?rest_route=\/wp\/v2\/posts"}],"about":[{"href":"https:\/\/palavradeamorpalavra.sallep.net\/index.php?rest_route=\/wp\/v2\/types\/post"}],"author":[{"embeddable":true,"href":"https:\/\/palavradeamorpalavra.sallep.net\/index.php?rest_route=\/wp\/v2\/users\/2"}],"replies":[{"embeddable":true,"href":"https:\/\/palavradeamorpalavra.sallep.net\/index.php?rest_route=%2Fwp%2Fv2%2Fcomments&post=3404"}],"version-history":[{"count":1,"href":"https:\/\/palavradeamorpalavra.sallep.net\/index.php?rest_route=\/wp\/v2\/posts\/3404\/revisions"}],"predecessor-version":[{"id":3406,"href":"https:\/\/palavradeamorpalavra.sallep.net\/index.php?rest_route=\/wp\/v2\/posts\/3404\/revisions\/3406"}],"wp:attachment":[{"href":"https:\/\/palavradeamorpalavra.sallep.net\/index.php?rest_route=%2Fwp%2Fv2%2Fmedia&parent=3404"}],"wp:term":[{"taxonomy":"category","embeddable":true,"href":"https:\/\/palavradeamorpalavra.sallep.net\/index.php?rest_route=%2Fwp%2Fv2%2Fcategories&post=3404"},{"taxonomy":"post_tag","embeddable":true,"href":"https:\/\/palavradeamorpalavra.sallep.net\/index.php?rest_route=%2Fwp%2Fv2%2Ftags&post=3404"}],"curies":[{"name":"wp","href":"https:\/\/api.w.org\/{rel}","templated":true}]}}