{"id":3408,"date":"2018-08-31T19:01:15","date_gmt":"2018-08-31T19:01:15","guid":{"rendered":"http:\/\/palavradeamorpalavra.sallep.net\/?p=3408"},"modified":"2022-11-16T22:47:36","modified_gmt":"2022-11-16T22:47:36","slug":"este-povo-honra-me-com-os-labios","status":"publish","type":"post","link":"https:\/\/palavradeamorpalavra.sallep.net\/?p=3408","title":{"rendered":"\u00abEste povo honra-Me com os l\u00e1bios&#8230;"},"content":{"rendered":"<p><a href=\"http:\/\/palavradeamorpalavra.sallep.net\/wp-content\/uploads\/2018\/08\/45bb-\u00abEste-povo-honra-Me-com-os-l\u00e1bios....jpg\"><img fetchpriority=\"high\" decoding=\"async\" class=\"aligncenter size-full wp-image-3409\" src=\"http:\/\/palavradeamorpalavra.sallep.net\/wp-content\/uploads\/2018\/08\/45bb-\u00abEste-povo-honra-Me-com-os-l\u00e1bios....jpg\" alt=\"45bb- \u00abEste povo honra-Me com os l\u00e1bios...\" width=\"600\" height=\"375\" srcset=\"https:\/\/palavradeamorpalavra.sallep.net\/wp-content\/uploads\/2018\/08\/45bb-\u00abEste-povo-honra-Me-com-os-l\u00e1bios....jpg 600w, https:\/\/palavradeamorpalavra.sallep.net\/wp-content\/uploads\/2018\/08\/45bb-\u00abEste-povo-honra-Me-com-os-l\u00e1bios...-300x188.jpg 300w, https:\/\/palavradeamorpalavra.sallep.net\/wp-content\/uploads\/2018\/08\/45bb-\u00abEste-povo-honra-Me-com-os-l\u00e1bios...-398x248.jpg 398w\" sizes=\"(max-width: 600px) 100vw, 600px\" \/><\/a><\/p>\n<p><strong>&#8211;\u00a0<em>A<\/em>\u00a0<em>PALAVRA, Refletida<\/em>\u00a0ao ritmo Lit\u00fargico &#8211;<\/strong><\/p>\n<p><em>(Ciclo B \u2013 Domingo 22 do T. Comum)<\/em><\/p>\n<p><em>\u00a0<\/em><\/p>\n<p><strong><em>\u201cJesus respondeu-lhes: \u00abBem profetizou Isa\u00edas a respeito de v\u00f3s, hip\u00f3critas, como est\u00e1 escrito: \u2018<u>Este povo honra-Me com os l\u00e1bios<\/u>, mas o seu cora\u00e7\u00e3o est\u00e1 longe de Mim. \u00c9 v\u00e3o o culto que Me prestam, e as doutrinas que ensinam n\u00e3o passam de preceitos humanos\u2019.<\/em><\/strong> <strong><em>V\u00f3s deixais de lado o mandamento de Deus, para vos prenderdes \u00e0 tradi\u00e7\u00e3o dos homens\u00bb\u201d. (Mc 7,<\/em><\/strong><strong><em>6-8 <\/em><\/strong><strong><em>\/ 3\u00aa L.).<\/em><\/strong><\/p>\n<p>&nbsp;<\/p>\n<p>O <em>texto b\u00edblico<\/em>, que Jesus cita aqui literalmente, pertence ao <em>livro prof\u00e9tico<\/em> conhecido como <em>\u2018Primeiro Isa\u00edas\u2019:<\/em> <em><u>Is 29,<\/u><\/em><em><u>13<\/u><\/em>. Dentro dos <em>\u00abOr\u00e1culos de Salva\u00e7\u00e3o de Israel e Jud\u00e1\u00bb<\/em>, o profeta, inspirado por Deus, recrimina o <em>\u201cformalismo religioso\u201d<\/em>, caracter\u00edstico do povo de Israel numa daquelas \u00e9pocas atribuladas da sua hist\u00f3ria \u2026<\/p>\n<p>&nbsp;<\/p>\n<p>A \u2013 Novamente, a nossa natural tend\u00eancia humana <em>para<\/em> o exterior ou <em>desde<\/em> o exterior! Est\u00e1-se a falar (contra os fariseus) do <em>\u201cexterior dos copos, jarras, vasilhas de cobre\u201d<\/em>\u2026<\/p>\n<p>B \u2013 N\u00e3o se trata de ir contra a <em>higiene normal<\/em> que promove a boa sa\u00fade\u2026 O problema est\u00e1 em ficar apenas com o externo, ou exagerar as apar\u00eancias em detrimento do que \u00e9 essencial, do que est\u00e1 no interior, do que <em>\u201csai de dentro\u201d<\/em>, seja <em>bom<\/em> ou seja <em>mau!<\/em><\/p>\n<p>A \u2013 Prefere-se viver agarrados, ou <em>prendidos por tradi\u00e7\u00e3o<\/em>, a coisas vulgares, ligeiras, superficiais, que <em>n\u00e3o comprometem<\/em>, em vez de optar pelo que <em>exige ren\u00fancia<\/em> e <em>vigor!<\/em><\/p>\n<p>B \u2013 Mais uma vez, aqueles <em>fariseus e companhia<\/em> tinham ca\u00eddo nesse <em>\u2018formalismo religioso\u2019<\/em> que Isa\u00edas criticara nos seus antepassados. E, outra vez, portanto, uma parte consider\u00e1vel do <em>povo,<\/em> que agora rodeia Jesus, <em>\u201chonra a Deus apenas com os l\u00e1bios\u201d<\/em>\u2026<\/p>\n<p>A \u2013 Pois pior ainda \u00e9 a segunda parte: <em>\u201co seu cora\u00e7\u00e3o est\u00e1 longe d\u2019Ele<\/em> <em>(Jesus-Deus)\u201d.<\/em> Ou seja, <em>\u201co seu culto \u00e9 v\u00e3o, e as suas palavras, apenas humanas\u201d<\/em>, sem conte\u00fado.<\/p>\n<p>B \u2013 A consequ\u00eancia \u00e9 lament\u00e1vel, terr\u00edvel. <em>\u201cDo seu interior\u201d<\/em> s\u00f3 podem sair <em>v\u00edcios<\/em> maus: <em>\u201cimoralidades, roubos, assass\u00ednios, adult\u00e9rios, cobi\u00e7as, injusti\u00e7as, fraudes, inveja, devassid\u00e3o, difama\u00e7\u00e3o, orgulho, insensatez\u2026\u201d (sic)<\/em>. \u00a0Triste e miser\u00e1vel \u2018ladainha\u2019!<\/p>\n<p>A \u2013 N\u00f3s n\u00e3o temos d\u00favida. Seguremos forte o <em>\u201cmandamento de Deus\u201d<\/em> \u2013 o <em>do Amor!<\/em> \u2013 \u00fanico gerador (segundo Paulo) <em>\u201cdos frutos do Esp\u00edrito:<\/em> <em>\u201camor, alegria, paz, paci\u00eancia, benignidade, bondade, fidelidade, mansid\u00e3o, autodom\u00ednio\u2026\u201d (cf. Gl 5,<\/em><em>22-23<\/em><em>).<\/em><\/p>\n<p><u>\u00a0<\/u><\/p>\n<p style=\"text-align: right;\"><u>A\/B<\/u>: <strong>Qual pode ser, Jesus, a nossa atitude diante desta <em>palavra Tua?<\/em><\/strong><\/p>\n<p style=\"text-align: right;\"><strong>Ser\u00e1 que devemos rejeitar, eliminar, ignorar <em>\u2018o exterior\u2019<\/em>, <em>o corpo<\/em>, <em>os l\u00e1bios?<\/em><\/strong><\/p>\n<p style=\"text-align: right;\"><strong>Ou ser\u00e1 que, ao seguir-Te, vemos um outro sentido nas Tuas palavras?\u2026<\/strong><\/p>\n<p style=\"text-align: right;\"><strong>N\u00f3s devemos dominar \u2013 isso sim \u2013 <em>o corpo<\/em> para evitar <em>\u201cas obras da carne\u201d<\/em>,<\/strong><\/p>\n<p style=\"text-align: right;\"><strong>j\u00e1 que, <em>\u201cos que s\u00e3o Teus, Jesus, crucificam a carne com as suas paix\u00f5es\u201d.<\/em><\/strong><\/p>\n<p style=\"text-align: right;\"><strong><em>\u201cVivemos no Esp\u00edrito\u201d<\/em><\/strong><strong> e apostaremos <em>no cora\u00e7\u00e3o<\/em> em sintonia <em>com os l\u00e1bios!<\/em><\/strong><\/p>\n<p><strong>\u00a0\u00a0<\/strong><\/p>\n<p>\/\/ <em>PARA uma outra REFLEX\u00c3O ALARGADA:<\/em> <u><a href=\"http:\/\/palavradeamorpalavra.sallep.net\">http:\/\/palavradeamorpalavra.sallep.net<\/a><\/u><\/p>\n","protected":false},"excerpt":{"rendered":"<p>&#8211;\u00a0A\u00a0PALAVRA, Refletida\u00a0ao ritmo Lit\u00fargico &#8211; (Ciclo B \u2013 Domingo 22 do T. Comum) \u00a0 \u201cJesus respondeu-lhes: \u00abBem profetizou Isa\u00edas a respeito de v\u00f3s, hip\u00f3critas, como est\u00e1 escrito: \u2018Este povo honra-Me com os l\u00e1bios, mas o seu cora\u00e7\u00e3o est\u00e1 longe de Mim. \u00c9 v\u00e3o o culto que Me prestam, e as doutrinas que ensinam n\u00e3o passam [&hellip;]<\/p>\n","protected":false},"author":2,"featured_media":0,"comment_status":"open","ping_status":"open","sticky":false,"template":"","format":"standard","meta":{"footnotes":""},"categories":[6],"tags":[],"class_list":["post-3408","post","type-post","status-publish","format-standard","hentry","category-refletida","has-post-title","has-post-date","has-post-category","has-post-tag","has-post-comment","has-post-author",""],"builder_content":"","_links":{"self":[{"href":"https:\/\/palavradeamorpalavra.sallep.net\/index.php?rest_route=\/wp\/v2\/posts\/3408","targetHints":{"allow":["GET"]}}],"collection":[{"href":"https:\/\/palavradeamorpalavra.sallep.net\/index.php?rest_route=\/wp\/v2\/posts"}],"about":[{"href":"https:\/\/palavradeamorpalavra.sallep.net\/index.php?rest_route=\/wp\/v2\/types\/post"}],"author":[{"embeddable":true,"href":"https:\/\/palavradeamorpalavra.sallep.net\/index.php?rest_route=\/wp\/v2\/users\/2"}],"replies":[{"embeddable":true,"href":"https:\/\/palavradeamorpalavra.sallep.net\/index.php?rest_route=%2Fwp%2Fv2%2Fcomments&post=3408"}],"version-history":[{"count":2,"href":"https:\/\/palavradeamorpalavra.sallep.net\/index.php?rest_route=\/wp\/v2\/posts\/3408\/revisions"}],"predecessor-version":[{"id":3411,"href":"https:\/\/palavradeamorpalavra.sallep.net\/index.php?rest_route=\/wp\/v2\/posts\/3408\/revisions\/3411"}],"wp:attachment":[{"href":"https:\/\/palavradeamorpalavra.sallep.net\/index.php?rest_route=%2Fwp%2Fv2%2Fmedia&parent=3408"}],"wp:term":[{"taxonomy":"category","embeddable":true,"href":"https:\/\/palavradeamorpalavra.sallep.net\/index.php?rest_route=%2Fwp%2Fv2%2Fcategories&post=3408"},{"taxonomy":"post_tag","embeddable":true,"href":"https:\/\/palavradeamorpalavra.sallep.net\/index.php?rest_route=%2Fwp%2Fv2%2Ftags&post=3408"}],"curies":[{"name":"wp","href":"https:\/\/api.w.org\/{rel}","templated":true}]}}