{"id":3413,"date":"2018-09-07T22:59:11","date_gmt":"2018-09-07T22:59:11","guid":{"rendered":"http:\/\/palavradeamorpalavra.sallep.net\/?p=3413"},"modified":"2022-11-17T11:19:40","modified_gmt":"2022-11-17T11:19:40","slug":"misericordiae-vultus-2","status":"publish","type":"post","link":"https:\/\/palavradeamorpalavra.sallep.net\/?p=3413","title":{"rendered":"\u00abMISERICORDI\u00c6 VULTUS\u00bb"},"content":{"rendered":"<p><a href=\"http:\/\/palavradeamorpalavra.sallep.net\/wp-content\/uploads\/2018\/09\/46b-Misericordiae-vultus.jpg\"><img fetchpriority=\"high\" decoding=\"async\" class=\"aligncenter size-full wp-image-3414\" src=\"http:\/\/palavradeamorpalavra.sallep.net\/wp-content\/uploads\/2018\/09\/46b-Misericordiae-vultus.jpg\" alt=\"46b- Misericordiae vultus\" width=\"640\" height=\"640\" srcset=\"https:\/\/palavradeamorpalavra.sallep.net\/wp-content\/uploads\/2018\/09\/46b-Misericordiae-vultus.jpg 640w, https:\/\/palavradeamorpalavra.sallep.net\/wp-content\/uploads\/2018\/09\/46b-Misericordiae-vultus-150x150.jpg 150w, https:\/\/palavradeamorpalavra.sallep.net\/wp-content\/uploads\/2018\/09\/46b-Misericordiae-vultus-300x300.jpg 300w, https:\/\/palavradeamorpalavra.sallep.net\/wp-content\/uploads\/2018\/09\/46b-Misericordiae-vultus-50x50.jpg 50w, https:\/\/palavradeamorpalavra.sallep.net\/wp-content\/uploads\/2018\/09\/46b-Misericordiae-vultus-398x398.jpg 398w\" sizes=\"(max-width: 640px) 100vw, 640px\" \/><\/a><\/p>\n<p><em>(Ciclo B \u2013 Domingo 23 do T. Comum\u2026)<\/em><strong>\u00a0<\/strong><\/p>\n<p><strong>\u00abMISERICORDI\u00c6 VULTUS\u00bb<\/strong><\/p>\n<p>Pois \u00e9: <strong>\u201cRosto de miseric\u00f3rdia\u201d<\/strong> seria a tradu\u00e7\u00e3o dessas duas primeiras palavras \u2013 <em>latinas<\/em> \u2013 da \u00abBula de proclama\u00e7\u00e3o do Jubileu Extraordin\u00e1rio da Miseric\u00f3rdia\u00bb que publicou o nosso Papa Francisco.<\/p>\n<p>Ser\u00e1 que isto tem a ver alguma coisa com a <em>Palavra<\/em> deste domingo? Se repararmos sobretudo na figura e atitude de Jesus no Evangelho, n\u00e3o resultar\u00e1 dif\u00edcil verificar a semelhan\u00e7a e a oportunidade\u2026<\/p>\n<p>Certamente, uma coisa s\u00e3o \u201cos l\u00e1bios\u201d e outra \u201co cora\u00e7\u00e3o\u201d \u2013 lembram-se? \u2013. Pois agora, perante o Evangelho de hoje, pod\u00edamos dizer algo de semelhante: Isto \u00e9, com \u201cos ouvidos\u201d ouve-se mas com \u201co cora\u00e7\u00e3o\u201d escuta-se! Embora sejam bem precisos igualmente os <em>l\u00e1bios<\/em> e os <em>ouvidos <\/em>e os <em>olhos<\/em> \u2013 e n\u00e3o apenas o <em>cora\u00e7\u00e3o!<\/em> \u2013 para amar e louvar o nosso Pai-Deus, pela Sua infinita Miseric\u00f3rdia! Vejamos.<\/p>\n<p>Antes de mais, temos de <em>reafirmar<\/em> que o nosso Deus, o Pai, sempre foi, e sempre ser\u00e1, \u00abpartid\u00e1rio\u00bb, ou seja, que Ele \u00abtomou partido\u00bb (desde que a Humanidade existe) pelos <em>mais fracos, humildes, pobres<\/em>\u2026 e n\u00e3o pelos ricos. \u00c9 o profeta Isa\u00edas que j\u00e1 o proclamava em idades long\u00ednquas, para estimular os t\u00edmidos e desanimados: <em>\u201cDizei aos cora\u00e7\u00f5es perturbados: \u00abTende coragem, n\u00e3o temais. A\u00ed est\u00e1 o vosso Deus\u2026 Ele pr\u00f3prio vem salvar-nos\u00bb\u2026 Ent\u00e3o se abrir\u00e3o os olhos dos cegos e se desimpedir\u00e3o os ouvidos dos surdos\u201d\u2026 (Is 35, \/ 1\u00aa L.). <\/em>\u00c9 claro que, para \u201co Deus dos nossos pais\u201d, a prefer\u00eancia era nos mais pobres e abandonados. O contr\u00e1rio do que n\u00f3s costumamos fazer a respeito desses \u201cdesgra\u00e7ados\u201d\u2026 N\u00e3o \u00e9 verdade?<\/p>\n<p>E \u00e9 isso exatamente o que o ap\u00f3stolo Tiago descobria nos fi\u00e9is de algumas das suas primeiras comunidades crist\u00e3s \u2013 em Jerusal\u00e9m e n\u00e3o s\u00f3 \u2013 quando denunciava as <em>\u201cprefer\u00eancias deles pelos ricos e os que vestem \u2018com primor\u2019, desestimando ou desprezando os pobres e \u2018desarranjados\u2019\u201d, ao participarem na Mesa Eucar\u00edstica<\/em>. E ent\u00e3o conclui, <em>lan\u00e7ando-lhes em rosto<\/em> o modelo exemplar do pr\u00f3prio Deus:<em> \u201cPor ventura, n\u00e3o escolheu Deus os pobres deste mundo para serem ricos na f\u00e9 e herdeiros do reino que Ele prometeu \u00e0queles que O amam?\u201d. (Tg 2 \/ 2\u00aa L.).<\/em><\/p>\n<p>Mas \u00e9 principalmente atrav\u00e9s do seu <strong><em>Filho Jesus<\/em><\/strong> \u2013 precisamente aquele que \u00e9 o <strong><em>\u00abrosto da miseric\u00f3rdia\u00bb<\/em><\/strong> <strong><em>do Pai<\/em><\/strong> \u2013 que se manifestam as prefer\u00eancias de Deus pelos mais fr\u00e1geis, pequenos, doentes, pobres\u2026 Porque, desde que <em>\u201co Verbo se encarnou e se fez homem\u201d<\/em>, definitivamente <em>\u00aba<\/em> <em>face vis\u00edvel da miseric\u00f3rdia de Deus \u00e9 Jesus<\/em> <em>de Nazar\u00e9\u00bb<\/em>. Quantas vezes o tinha mostrado, ao longo da sua vida, este Jesus, Profeta da Galileia, que <em>\u201ctudo fazia admiravelmente\u201d!<\/em> E agora vemo-l\u2019O a agir como tal, neste epis\u00f3dio do <em>surdo-mudo<\/em> no Evangelho de hoje (que transcrevemos na \u00edntegra):<\/p>\n<p><em>\u201cTrouxeram-Lhe ent\u00e3o um surdo que mal podia falar e suplicaram-Lhe que impusesse as m\u00e3os sobre ele. Jesus, afastando-Se com ele da multid\u00e3o, meteu-lhe os dedos nos ouvidos e com saliva tocou-lhe a l\u00edngua. Depois, erguendo os olhos ao C\u00e9u, suspirou e disse-lhe: \u00abEfat\u00e1\u00bb, que quer dizer \u00abAbre-te\u00bb. Imediatamente se abriram os ouvidos do homem, soltou-se-lhe a pris\u00e3o da l\u00edngua e come\u00e7ou a falar corretamente\u2026 Cheios de assombro, diziam: \u00abTudo o que faz \u00e9 admir\u00e1vel: faz que os surdos oi\u00e7am e que os mudos falem\u00bb\u201d. (Mc 7 \/ 3\u00aa L.).<\/em><\/p>\n<p>\u00c9 assim como Deus Pai \u2013 em Jesus \u2013 d\u00e1 a primazia aos mais pobres!\u2026 Quer dizer, o seu cora\u00e7\u00e3o de Pai reflete-se na \u00abmiseric\u00f3rdia do Filho\u00bb, que se compadece de todas as mis\u00e9rias humanas, e n\u00e3o sabe fazer outra coisa do que dar a todos completa sa\u00fade e Vida plena\u2026 Nestes tempos nossos, continua a operar do mesmo modo (mesmo que n\u00e3o saibamos \u201cv\u00ea-lo\u201d!). E temos de reconhecer, por\u00e9m, que muito mais poderia fazer se n\u00f3s colabor\u00e1ssemos com a nossa f\u00e9 confiante e com a nossa solidariedade. Pois a a\u00e7\u00e3o de Jesus-Deus na nossa sociedade, poder\u00e1 estar limitada \u2013 evidentemente \u2013 pela nossa \u201cliberdade\u201d, quando faltar a nossa coopera\u00e7\u00e3o!<\/p>\n<p>&nbsp;<\/p>\n<p>Sinto que a minha alma Te louva, Senhor,<\/p>\n<p>porque, desde sempre, <em>a Tua Miseric\u00f3rdia \u00e9 eterna<\/em>,<\/p>\n<p>e reconhe\u00e7o que o Teu Amor n\u00e3o tem fim\u2026<\/p>\n<p>O Teu cora\u00e7\u00e3o de <em>Pai misericordioso e compassivo<\/em><\/p>\n<p>deixa-se atrair pelos mais pobres da terra,<\/p>\n<p>e foste capaz de Te <em>encarnares como homem<\/em>,<\/p>\n<p>para que isso ficasse mais vis\u00edvel e patente,<\/p>\n<p>na Pessoa do teu Filho Amado, Jesus,<\/p>\n<p><em>\u2018rosto vis\u00edvel\u2019 da Tua bondade e generosidade<\/em>,<\/p>\n<p>sempre disposto a perdoar e a dar vida a todos\u2026<\/p>\n<p>Louvamos-Te, \u00f3 Pai, que fazes justi\u00e7a aos oprimidos<\/p>\n<p>e d\u00e1s p\u00e3o aos que t\u00eam fome e liberdade aos cativos\u2026<\/p>\n<p>Louvamos-Te, porque iluminas os olhos dos cegos,<\/p>\n<p>levantas os abatidos e amas os justos\u2026<\/p>\n<p>Louvamos-Te, Senhor, porque proteges os peregrinos<\/p>\n<p>e amparas o \u00f3rf\u00e3o e a vi\u00fava\u2026<\/p>\n<p>E \u00e9 assim que reinas eternamente,<\/p>\n<p>Deus e rei por todas as gera\u00e7\u00f5es!\u2026<\/p>\n<p><em>[ do Salmo Responsorial \/ 145 (146) ]<\/em><\/p>\n","protected":false},"excerpt":{"rendered":"<p>(Ciclo B \u2013 Domingo 23 do T. Comum\u2026)\u00a0 \u00abMISERICORDI\u00c6 VULTUS\u00bb Pois \u00e9: \u201cRosto de miseric\u00f3rdia\u201d seria a tradu\u00e7\u00e3o dessas duas primeiras palavras \u2013 latinas \u2013 da \u00abBula de proclama\u00e7\u00e3o do Jubileu Extraordin\u00e1rio da Miseric\u00f3rdia\u00bb que publicou o nosso Papa Francisco. Ser\u00e1 que isto tem a ver alguma coisa com a Palavra deste domingo? Se repararmos [&hellip;]<\/p>\n","protected":false},"author":2,"featured_media":0,"comment_status":"open","ping_status":"open","sticky":false,"template":"","format":"standard","meta":{"footnotes":""},"categories":[6],"tags":[],"class_list":["post-3413","post","type-post","status-publish","format-standard","hentry","category-refletida","has-post-title","has-post-date","has-post-category","has-post-tag","has-post-comment","has-post-author",""],"builder_content":"","_links":{"self":[{"href":"https:\/\/palavradeamorpalavra.sallep.net\/index.php?rest_route=\/wp\/v2\/posts\/3413","targetHints":{"allow":["GET"]}}],"collection":[{"href":"https:\/\/palavradeamorpalavra.sallep.net\/index.php?rest_route=\/wp\/v2\/posts"}],"about":[{"href":"https:\/\/palavradeamorpalavra.sallep.net\/index.php?rest_route=\/wp\/v2\/types\/post"}],"author":[{"embeddable":true,"href":"https:\/\/palavradeamorpalavra.sallep.net\/index.php?rest_route=\/wp\/v2\/users\/2"}],"replies":[{"embeddable":true,"href":"https:\/\/palavradeamorpalavra.sallep.net\/index.php?rest_route=%2Fwp%2Fv2%2Fcomments&post=3413"}],"version-history":[{"count":1,"href":"https:\/\/palavradeamorpalavra.sallep.net\/index.php?rest_route=\/wp\/v2\/posts\/3413\/revisions"}],"predecessor-version":[{"id":3415,"href":"https:\/\/palavradeamorpalavra.sallep.net\/index.php?rest_route=\/wp\/v2\/posts\/3413\/revisions\/3415"}],"wp:attachment":[{"href":"https:\/\/palavradeamorpalavra.sallep.net\/index.php?rest_route=%2Fwp%2Fv2%2Fmedia&parent=3413"}],"wp:term":[{"taxonomy":"category","embeddable":true,"href":"https:\/\/palavradeamorpalavra.sallep.net\/index.php?rest_route=%2Fwp%2Fv2%2Fcategories&post=3413"},{"taxonomy":"post_tag","embeddable":true,"href":"https:\/\/palavradeamorpalavra.sallep.net\/index.php?rest_route=%2Fwp%2Fv2%2Ftags&post=3413"}],"curies":[{"name":"wp","href":"https:\/\/api.w.org\/{rel}","templated":true}]}}