{"id":3426,"date":"2018-09-14T20:58:33","date_gmt":"2018-09-14T20:58:33","guid":{"rendered":"http:\/\/palavradeamorpalavra.sallep.net\/?p=3426"},"modified":"2022-11-20T02:11:44","modified_gmt":"2022-11-20T02:11:44","slug":"agora-e-pedro-logo-satanas-2","status":"publish","type":"post","link":"https:\/\/palavradeamorpalavra.sallep.net\/?p=3426","title":{"rendered":"AGORA \u00c9 \u00abPEDRO\u00bb, LOGO \u00abSATAN\u00c1S\u00bb"},"content":{"rendered":"<p><a href=\"http:\/\/palavradeamorpalavra.sallep.net\/wp-content\/uploads\/2018\/09\/47b-Agora-\u00e9-Pedro-logo-Satan\u00e1s.jpg\"><img fetchpriority=\"high\" decoding=\"async\" class=\"aligncenter size-full wp-image-3427\" src=\"http:\/\/palavradeamorpalavra.sallep.net\/wp-content\/uploads\/2018\/09\/47b-Agora-\u00e9-Pedro-logo-Satan\u00e1s.jpg\" alt=\"47b- Agora \u00e9 Pedro, logo Satan\u00e1s\" width=\"270\" height=\"195\" srcset=\"https:\/\/palavradeamorpalavra.sallep.net\/wp-content\/uploads\/2018\/09\/47b-Agora-\u00e9-Pedro-logo-Satan\u00e1s.jpg 270w, https:\/\/palavradeamorpalavra.sallep.net\/wp-content\/uploads\/2018\/09\/47b-Agora-\u00e9-Pedro-logo-Satan\u00e1s-398x287.jpg 398w\" sizes=\"(max-width: 270px) 100vw, 270px\" \/><\/a><\/p>\n<p><em>(Ciclo B \u2013 Domingo 24 do T. Comum\u2026)<\/em><strong>\u00a0<\/strong><\/p>\n<p><strong>AGORA \u00c9 \u00abPEDRO\u00bb, LOGO \u00abSATAN\u00c1S\u00bb<\/strong><\/p>\n<p>Como \u00e9 <em>vol\u00favel<\/em> e <em>fr\u00e1gil<\/em> a \u201cvontade\u201d humana! O \u201centendimento\u201d humano pode estar perfeitamente esclarecido e convicto, mas a vontade\u2026 Ser\u00e1 que esta se deixa envolver e arrastar pelos apetites carnais? Talvez por isso, Jesus tinha-nos avisado, em certa ocasi\u00e3o <em>decisiva<\/em>: <em>\u201cO esp\u00edrito est\u00e1 pronto mas a carne \u00e9 d\u00e9bil\u201d. <\/em>Por isso mesmo \u2013 aconselha Ele \u2013 \u00e9 preciso <em>\u201cvigiar e orar,<\/em> <em>para n\u00e3o ceder \u00e0 tenta\u00e7\u00e3o\u201d (Mc 14, 38). <\/em>Acontece, curiosamente, que um dos disc\u00edpulos a quem Jesus falava naquela altura \u2013 no <em>Horto das oliveiras \u2013 <\/em>era precisamente Pedro (cujo nome significa \u201cpedra\u201d); isto \u00e9, a mesma pessoa que tinha prometido e proclamado, diante de todos, <em>\u201cseguir Jesus, mesmo que tivesse de dar a vida por Ele\u201d; <\/em>c\u00e1 est\u00e1 a pedra, a rocha, Pedro! Mas, como sabemos, <em>do dia para a noite<\/em> \u2013 sim, na <em>noite<\/em> daquele mesmo dia! \u2013 antes de o galo cantar, j\u00e1 <em>\u201cO tinha negado tr\u00eas vezes\u201d!<\/em><\/p>\n<p>Feliz ou infelizmente, Pedro \u00e9 o prot\u00f3tipo de todos e cada um de n\u00f3s, para bem ou para mal. E quem n\u00e3o se julgar \u201cda ra\u00e7a\u201d de Pedro, <em>\u201cque atire a primeira pedra\u201d!<\/em> Iremos v\u00ea-lo, a seguir, na <em>Palavra<\/em> de hoje, precisamente com o mesmo protagonista.<\/p>\n<p>Em primeiro lugar, quando Jesus pergunta aos disc\u00edpulos <em>\u201c\u00abE v\u00f3s, quem dizeis que Eu sou?\u00bb, <\/em>Pedro proclama abertamente \u00e0 frente de todos <em>\u00abTu \u00e9s o Messias\u00bb\u201d\u2026 <\/em>Mas, logo a seguir, quando Jesus<em> \u201cCome\u00e7ou a ensinar-lhes que o Filho do homem tinha de sofrer muito, de ser rejeitado pelos anci\u00e3os, pelos sumos sacerdotes e pelos escribas; de ser morto e ressuscitar tr\u00eas dias depois. E dizia-lhes claramente estas coisas. Ent\u00e3o, Pedro tomou-O \u00e0 parte e come\u00e7ou a censur\u00e1-l\u2019O. Mas Jesus, voltando-Se e olhando para os disc\u00edpulos, repreendeu Pedro, dizendo: \u00abVai-te, Satan\u00e1s, porque n\u00e3o compreendes as coisas de Deus, mas s\u00f3 as dos homens\u00bb\u201d (Mc 8 \/ 3\u00aa L.).<\/em> Antes era <em>Pedro<\/em>, agora \u00e9 <em>Satan\u00e1s<\/em>\u2026 Oh, inexplic\u00e1vel mist\u00e9rio humano!<\/p>\n<p>Quantas vezes, no dia a dia da nossa vida, passamos por estas situa\u00e7\u00f5es! Sim: agora \u00e9 o m\u00e1ximo, os melhores prop\u00f3sitos, um compromisso convicto e decisivo\u2026 Tudo bem, e assim deve ser! Mas\u2026 bem sabemos que v\u00e3o aparecer dificuldades e problemas, v\u00e3o surgir as tenta\u00e7\u00f5es\u2026 que nunca podem faltar. At\u00e9 mesmo chegando a extremos como os que descreve o profeta Isa\u00edas: <em>\u201cSurgiram inimigos\u2026 que me batiam na face\u2026 e nas costas\u2026 outros que me insultavam e cuspiam\u2026 algu\u00e9m que, com falsidade, pretendia instaurar-me um processo\u2026 e houve at\u00e9 advers\u00e1rios que planeavam condenar-me\u2026\u201d<\/em>. Em tal caso, a nossa fraca natureza e d\u00e9bil vontade\u2026 podem vacilar e cair\u2026 E, ent\u00e3o, toca a lamentar e a chorar, como Pedro\u2026 Mas, oxal\u00e1 que \u2013 tal como no caso de Pedro \u2013 apare\u00e7a imediatamente o arrependimento e a convers\u00e3o! Vamos l\u00e1, erguer e caminhar na dire\u00e7\u00e3o que nos t\u00ednhamos marcado!<\/p>\n<p>E, sobretudo, aprendamos do pr\u00f3prio profeta Isa\u00edas, a sua confian\u00e7a ilimitada no Senhor seu Deus, para n\u00e3o sucumbir apesar <em>\u201cdaqueles perigos\u201d<\/em>\u2026 \u00c9 o que se deduz da continua\u00e7\u00e3o e conclus\u00e3o do seu escrito: <em>\u201cMas o Senhor Deus veio em meu aux\u00edlio e por isso n\u00e3o fiquei envergonhado\u2026 O meu Advogado est\u00e1 perto de mim\u2026<\/em> <em>O Senhor Deus vem em meu aux\u00edlio. Quem ousar\u00e1 condenar-me?\u201d (Is 50 \/ 1\u00aa L.).<\/em><\/p>\n<p>Mas sempre com <em>uma f\u00e9 ilustrada e cultivada<\/em>, como aconselha o ap\u00f3stolo Tiago \u2013 na sua <em>Carta Cat\u00f3lica<\/em> \u2013 escrevendo para n\u00f3s e para todos: <em>\u201cIrm\u00e3os: De que serve a algu\u00e9m dizer que tem f\u00e9, se n\u00e3o tem obras? Poder\u00e1 essa f\u00e9 obter-lhe a salva\u00e7\u00e3o? Assim tamb\u00e9m a f\u00e9 sem obras est\u00e1 totalmente morta\u201d&#8230; <\/em>Sim, porque pode haver, e h\u00e1, gente a pensar que por ter uma f\u00e9 forte \u201cnas suas cren\u00e7as\u201d (?), est\u00e1 j\u00e1 tudo feito e que isso basta. Quando, na verdade, conclui Tiago, <em>\u201ca f\u00e9 s\u00f3 se mostra e demonstra atrav\u00e9s das obras\u201d<\/em>: as obras do Amor, da caridade\u2026<em>(Tg 2 \/ 2\u00aa L.).<\/em><\/p>\n<p>&nbsp;<\/p>\n<p>Com os Teus fi\u00e9is orantes \u2013 neste <em>salmo<\/em> \u2013<\/p>\n<p><em>\u201candarei na Tua presen\u00e7a, Senhor, <\/em><\/p>\n<p><em>sobre a terra dos vivos\u201d, <\/em>dos que amam a vida,<\/p>\n<p>dos que arriscam e apostam no Teu Amor\u2026<\/p>\n<p>Mesmo que me assaltem os inimigos<\/p>\n<p>\u2013 esses que me apertam com la\u00e7os de morte \u2013<\/p>\n<p>ou caiam sobre mim as ang\u00fastias do al\u00e9m\u2026<\/p>\n<p>Mesmo que me veja na afli\u00e7\u00e3o e na dor,<\/p>\n<p>cercado pelas <em>figuras e reflexos de Satan\u00e1s<\/em>\u2026<\/p>\n<p>Mesmo assim, eu continuarei a invocar-Te, Senhor,<\/p>\n<p>com a f\u00e9 e a confian\u00e7a dos profetas<\/p>\n<p>e com o fervor dos disc\u00edpulos de Jesus:<\/p>\n<p><em>\u00abSalva a minha alma da morte, <\/em><\/p>\n<p><em>Tu que \u00e9s justo, compassivo e misericordioso, <\/em><\/p>\n<p><em>Tu que guardas com amor os simples e pobres\u00bb.<\/em><\/p>\n<p>Reconhe\u00e7o e proclamo, para que todos oi\u00e7am:<\/p>\n<p><em>Tu livraste das l\u00e1grimas os meus olhos, <\/em><\/p>\n<p><em>da queda os meus p\u00e9s e da morte a minha alma; <\/em><\/p>\n<p><em>estando eu sem for\u00e7as, Tu me salvaste\u2026<\/em><\/p>\n<p>Por isso continuarei sempre a <em>\u00abcaminhar <\/em><\/p>\n<p><em>na Tua presen\u00e7a, Senhor, na terra dos vivos!\u00bb.<\/em><\/p>\n<p><em>[ do Salmo Responsorial \/ 114 (116) ]<\/em><\/p>\n","protected":false},"excerpt":{"rendered":"<p>(Ciclo B \u2013 Domingo 24 do T. Comum\u2026)\u00a0 AGORA \u00c9 \u00abPEDRO\u00bb, LOGO \u00abSATAN\u00c1S\u00bb Como \u00e9 vol\u00favel e fr\u00e1gil a \u201cvontade\u201d humana! O \u201centendimento\u201d humano pode estar perfeitamente esclarecido e convicto, mas a vontade\u2026 Ser\u00e1 que esta se deixa envolver e arrastar pelos apetites carnais? Talvez por isso, Jesus tinha-nos avisado, em certa ocasi\u00e3o decisiva: \u201cO [&hellip;]<\/p>\n","protected":false},"author":2,"featured_media":0,"comment_status":"open","ping_status":"open","sticky":false,"template":"","format":"standard","meta":{"footnotes":""},"categories":[6],"tags":[],"class_list":["post-3426","post","type-post","status-publish","format-standard","hentry","category-refletida","has-post-title","has-post-date","has-post-category","has-post-tag","has-post-comment","has-post-author",""],"builder_content":"","_links":{"self":[{"href":"https:\/\/palavradeamorpalavra.sallep.net\/index.php?rest_route=\/wp\/v2\/posts\/3426","targetHints":{"allow":["GET"]}}],"collection":[{"href":"https:\/\/palavradeamorpalavra.sallep.net\/index.php?rest_route=\/wp\/v2\/posts"}],"about":[{"href":"https:\/\/palavradeamorpalavra.sallep.net\/index.php?rest_route=\/wp\/v2\/types\/post"}],"author":[{"embeddable":true,"href":"https:\/\/palavradeamorpalavra.sallep.net\/index.php?rest_route=\/wp\/v2\/users\/2"}],"replies":[{"embeddable":true,"href":"https:\/\/palavradeamorpalavra.sallep.net\/index.php?rest_route=%2Fwp%2Fv2%2Fcomments&post=3426"}],"version-history":[{"count":1,"href":"https:\/\/palavradeamorpalavra.sallep.net\/index.php?rest_route=\/wp\/v2\/posts\/3426\/revisions"}],"predecessor-version":[{"id":3428,"href":"https:\/\/palavradeamorpalavra.sallep.net\/index.php?rest_route=\/wp\/v2\/posts\/3426\/revisions\/3428"}],"wp:attachment":[{"href":"https:\/\/palavradeamorpalavra.sallep.net\/index.php?rest_route=%2Fwp%2Fv2%2Fmedia&parent=3426"}],"wp:term":[{"taxonomy":"category","embeddable":true,"href":"https:\/\/palavradeamorpalavra.sallep.net\/index.php?rest_route=%2Fwp%2Fv2%2Fcategories&post=3426"},{"taxonomy":"post_tag","embeddable":true,"href":"https:\/\/palavradeamorpalavra.sallep.net\/index.php?rest_route=%2Fwp%2Fv2%2Ftags&post=3426"}],"curies":[{"name":"wp","href":"https:\/\/api.w.org\/{rel}","templated":true}]}}