{"id":3433,"date":"2018-09-14T21:09:47","date_gmt":"2018-09-14T21:09:47","guid":{"rendered":"http:\/\/palavradeamorpalavra.sallep.net\/?p=3433"},"modified":"2022-11-19T15:40:17","modified_gmt":"2022-11-19T15:40:17","slug":"apresentei-as-costas-aqueles-que-me-batiam","status":"publish","type":"post","link":"https:\/\/palavradeamorpalavra.sallep.net\/?p=3433","title":{"rendered":"\u00abApresentei as costas \u00e0queles que me batiam&#8230;"},"content":{"rendered":"<p><a href=\"http:\/\/palavradeamorpalavra.sallep.net\/wp-content\/uploads\/2018\/09\/47bb-\u00abApresentei-as-costas-\u00e0queles-que-me-batiam...-1.jpg\"><img fetchpriority=\"high\" decoding=\"async\" class=\"aligncenter size-full wp-image-3435\" src=\"http:\/\/palavradeamorpalavra.sallep.net\/wp-content\/uploads\/2018\/09\/47bb-\u00abApresentei-as-costas-\u00e0queles-que-me-batiam...-1.jpg\" alt=\"47bb- \u00abApresentei as costas \u00e0queles que me batiam...\" width=\"666\" height=\"400\" srcset=\"https:\/\/palavradeamorpalavra.sallep.net\/wp-content\/uploads\/2018\/09\/47bb-\u00abApresentei-as-costas-\u00e0queles-que-me-batiam...-1.jpg 666w, https:\/\/palavradeamorpalavra.sallep.net\/wp-content\/uploads\/2018\/09\/47bb-\u00abApresentei-as-costas-\u00e0queles-que-me-batiam...-1-300x180.jpg 300w, https:\/\/palavradeamorpalavra.sallep.net\/wp-content\/uploads\/2018\/09\/47bb-\u00abApresentei-as-costas-\u00e0queles-que-me-batiam...-1-398x239.jpg 398w\" sizes=\"(max-width: 666px) 100vw, 666px\" \/><\/a><\/p>\n<p><strong>&#8211;\u00a0<em>A<\/em>\u00a0<em>PALAVRA, Refletida<\/em>\u00a0ao ritmo Lit\u00fargico &#8211;<\/strong><\/p>\n<p><em>(Ciclo B \u2013 Domingo 24 do T. Comum)<\/em><\/p>\n<p><em>\u00a0<\/em><\/p>\n<p><strong><em>\u201cO Senhor Deus abriu-me os ouvidos, e eu n\u00e3o resisti nem recuei um passo. <u>Apresentei as costas \u00e0queles que me batiam<\/u> e a face aos que me arrancavam a barba; n\u00e3o desviei o meu rosto dos que me insultavam e cuspiam. Mas o Senhor Deus veio em meu aux\u00edlio e por isso n\u00e3o fiquei envergonhado\u2026 O meu Advogado est\u00e1 junto de mim\u201d\u2026 (Is 50,<\/em><\/strong><strong><em>5-7 <\/em><\/strong><strong><em>\/ 1\u00aa L.).<\/em><\/strong><\/p>\n<p>&nbsp;<\/p>\n<p>Esta parte do <em>Livro do profeta Isa\u00edas<\/em>, conhecida como \u00abSegundo Isa\u00edas\u00bb [na <em>\u00faltima parte do \u2018ex\u00edlio babil\u00f3nico\u2019<\/em><em>(<\/em><em>a.580-540<\/em><em>)<\/em>] cont\u00e9m, principalmente, os chamados <em>\u00abC\u00e2nticos do \u2018Servo de Jav\u00e9\u2019\u00bb<\/em>: <em>\u2018poemas\u2019 <\/em>maravilhosos, a par de \u2018terr\u00edveis\u2019 e \u2018perturbantes\u2019\u2026 O nosso texto de hoje pertence ao \u2018Terceiro C\u00e2ntico\u2019, classificado como \u201cSofrimento e Confian\u00e7a\u201d\u2026 ou \u201cAlertas e Den\u00fancias\u201d (<em>\u2018Desperta, Senhor!\u2019; \u2018Desperta, Jerusal\u00e9m!\u2019; \u2018Desperta, Si\u00e3o!\u2019<\/em>). O texto que refletimos exprime <em>\u201cconfian\u00e7a no meio do sofrimento\u201d<\/em>\u2026<\/p>\n<p>&nbsp;<\/p>\n<p>A \u2013 Desde antigo, este \u00abServo de Jav\u00e9\u00bb \u2013<em>\u201cServo Sofredor\u201d<\/em>\u2013 era a <em>personifica\u00e7\u00e3o \u2018pr\u00e9-figurada\u2019<\/em> do futuro <em>Messias Salvador<\/em>; embora isto fosse ainda confuso e escuro\u2026<\/p>\n<p>B \u2013 Referida a Jesus de Nazar\u00e9, esta <em>Palavra<\/em> faz todo o sentido, sobretudo para quem \u2013 ap\u00f3s o acontecimento hist\u00f3rico \u2013 conhece a figura e vida do <em>\u201cfilho do homem\u201d<\/em> Jesus.<\/p>\n<p>A \u2013 Mas esta <em>palavra prof\u00e9tica<\/em> \u00e9, ao mesmo tempo, referida e destinada a n\u00f3s, os Seus seguidores e disc\u00edpulos. At\u00e9 porque, se assim n\u00e3o fosse, <em>a profecia<\/em> ficava est\u00e9ril!<\/p>\n<p>B \u2013 Visto que a <em>profecia<\/em> do nosso texto iria ser cumprida \u2013 \u00e0 letra! \u2013 na Paix\u00e3o e Morte de Jesus, Ele podia proclamar, com anterioridade, por ex.: <em>\u201cse te batem numa face, apresenta a outra\u201d; \u201cn\u00e3o devolvas mal por mal\u201d; \u201camai os vossos inimigos\u201d;<\/em> <em>etc. etc.<\/em><\/p>\n<p>A \u2013 Contudo, n\u00e3o \u00e9 f\u00e1cil aceitar Jesus Cristo como sendo Deus quando nos est\u00e1 a falar em paix\u00e3o e cruz (compreende-se <em>a rea\u00e7\u00e3o de Pedro<\/em> quando Jesus fala aos seus ap\u00f3stolos <em>\u2018dos sofrimentos e morte que Lhe esperam para breve\u2019<\/em> \/ no <em>Evangelho-3\u00aaL<\/em>!).<\/p>\n<p>B \u2013 Mesmo assim, Ele <em>\u201cn\u00e3o resistiu nem recuou um passo\u2026 nem desviou o seu rosto\u201d<\/em>! E, como bem sabemos, <em>\u201cbebeu o c\u00e1lice da Sua Paix\u00e3o e Cruz at\u00e9 \u00e0 \u00faltima gota\u201d <\/em>\u2026<\/p>\n<p>A \u2013 E que tudo isto acontecesse a Quem era <em>homem verdadeiro<\/em> e, ao mesmo tempo, <em>Filho de Deus<\/em>, s\u00f3 \u00e9 compreens\u00edvel porque Jesus tinha consigo Seu Pai <em>\u201ce Defensor\u201d!<\/em><\/p>\n<p>B \u2013 <em>\u201cO meu Advogado est\u00e1 junto de mim\u201d<\/em> \u2013 podia dizer <em>Jesus<\/em> e <em>n\u00f3s<\/em> tamb\u00e9m! Ou seja: s\u00f3 com uma <em>confian\u00e7a plena em Deus<\/em> \u00e9 que podemos <em>abra\u00e7ar o sacrif\u00edcio e a cruz!<\/em>&#8230;<\/p>\n<p>&nbsp;<\/p>\n<p style=\"text-align: right;\"><u>A\/B<\/u>: <strong>N\u00e3o tiv\u00e9ssemos n\u00f3s o Teu exemplo, Senhor Jesus, <em>Divino Sofredor<\/em>,<\/strong><\/p>\n<p style=\"text-align: right;\"><strong>de que \u201ca cruz\u201d (dores, sacrif\u00edcios, desgra\u00e7as, sofrimentos\u2026)<\/strong><\/p>\n<p style=\"text-align: right;\"><strong>\u00e9 necess\u00e1ria, imprescind\u00edvel, para a nossa reden\u00e7\u00e3o e salva\u00e7\u00e3o,<\/strong><\/p>\n<p style=\"text-align: right;\"><strong>e ningu\u00e9m aceitaria, para si, <em>esta profecia<\/em> do <em>\u2018Servo de Jav\u00e9 Sofredor\u2019<\/em>\u2026<\/strong><\/p>\n<p style=\"text-align: right;\"><strong>Por isso, Jesus, precisamos, com urg\u00eancia, o Teu <em>Esp\u00edrito Santo<\/em><\/strong><\/p>\n<p style=\"text-align: right;\"><strong>\u2013 ao mesmo tempo Defensor e Consolador dos <em>aflitos e perseguidos<\/em> \u2013<\/strong><\/p>\n<p style=\"text-align: right;\"><strong>para sermos capazes de apreender, em profundidade, a <em>Tua palavra<\/em>:<\/strong><\/p>\n<p style=\"text-align: right;\"><strong><em>\u201cQuem n\u00e3o Me seguir, carregando a sua cruz, cada dia, at\u00e9 \u00e0 morte\u201d<\/em><\/strong><\/p>\n<p style=\"text-align: right;\"><strong>n\u00e3o pode ver a Ressurrei\u00e7\u00e3o e a Vida, no Reino do Pai Deus! <\/strong><\/p>\n<p><strong>\u00a0\u00a0\u00a0\u00a0\u00a0\u00a0<\/strong><\/p>\n<p>\/\/ <em>PARA uma outra REFLEX\u00c3O ALARGADA:<\/em> <u><a href=\"http:\/\/palavradeamorpalavra.sallep.net\">http:\/\/palavradeamorpalavra.sallep.net<\/a><\/u><\/p>\n","protected":false},"excerpt":{"rendered":"<p>&#8211;\u00a0A\u00a0PALAVRA, Refletida\u00a0ao ritmo Lit\u00fargico &#8211; (Ciclo B \u2013 Domingo 24 do T. Comum) \u00a0 \u201cO Senhor Deus abriu-me os ouvidos, e eu n\u00e3o resisti nem recuei um passo. Apresentei as costas \u00e0queles que me batiam e a face aos que me arrancavam a barba; n\u00e3o desviei o meu rosto dos que me insultavam e cuspiam. [&hellip;]<\/p>\n","protected":false},"author":2,"featured_media":0,"comment_status":"open","ping_status":"open","sticky":false,"template":"","format":"standard","meta":{"footnotes":""},"categories":[6],"tags":[],"class_list":["post-3433","post","type-post","status-publish","format-standard","hentry","category-refletida","has-post-title","has-post-date","has-post-category","has-post-tag","has-post-comment","has-post-author",""],"builder_content":"","_links":{"self":[{"href":"https:\/\/palavradeamorpalavra.sallep.net\/index.php?rest_route=\/wp\/v2\/posts\/3433","targetHints":{"allow":["GET"]}}],"collection":[{"href":"https:\/\/palavradeamorpalavra.sallep.net\/index.php?rest_route=\/wp\/v2\/posts"}],"about":[{"href":"https:\/\/palavradeamorpalavra.sallep.net\/index.php?rest_route=\/wp\/v2\/types\/post"}],"author":[{"embeddable":true,"href":"https:\/\/palavradeamorpalavra.sallep.net\/index.php?rest_route=\/wp\/v2\/users\/2"}],"replies":[{"embeddable":true,"href":"https:\/\/palavradeamorpalavra.sallep.net\/index.php?rest_route=%2Fwp%2Fv2%2Fcomments&post=3433"}],"version-history":[{"count":2,"href":"https:\/\/palavradeamorpalavra.sallep.net\/index.php?rest_route=\/wp\/v2\/posts\/3433\/revisions"}],"predecessor-version":[{"id":3437,"href":"https:\/\/palavradeamorpalavra.sallep.net\/index.php?rest_route=\/wp\/v2\/posts\/3433\/revisions\/3437"}],"wp:attachment":[{"href":"https:\/\/palavradeamorpalavra.sallep.net\/index.php?rest_route=%2Fwp%2Fv2%2Fmedia&parent=3433"}],"wp:term":[{"taxonomy":"category","embeddable":true,"href":"https:\/\/palavradeamorpalavra.sallep.net\/index.php?rest_route=%2Fwp%2Fv2%2Fcategories&post=3433"},{"taxonomy":"post_tag","embeddable":true,"href":"https:\/\/palavradeamorpalavra.sallep.net\/index.php?rest_route=%2Fwp%2Fv2%2Ftags&post=3433"}],"curies":[{"name":"wp","href":"https:\/\/api.w.org\/{rel}","templated":true}]}}