{"id":3442,"date":"2018-09-25T09:01:53","date_gmt":"2018-09-25T09:01:53","guid":{"rendered":"http:\/\/palavradeamorpalavra.sallep.net\/?p=3442"},"modified":"2022-11-19T14:00:26","modified_gmt":"2022-11-19T14:00:26","slug":"disseram-os-impios-armemos-ciladas-ao-justo","status":"publish","type":"post","link":"https:\/\/palavradeamorpalavra.sallep.net\/?p=3442","title":{"rendered":"\u00abDisseram os \u00edmpios: &#8216;Armemos ciladas ao justo&#8230;"},"content":{"rendered":"<p><a href=\"http:\/\/palavradeamorpalavra.sallep.net\/wp-content\/uploads\/2018\/09\/48bb-\u00abDisseram-os-\u00edmpios-Armemos-ciladas-ao-justo....jpg\"><img fetchpriority=\"high\" decoding=\"async\" class=\"aligncenter size-full wp-image-3443\" src=\"http:\/\/palavradeamorpalavra.sallep.net\/wp-content\/uploads\/2018\/09\/48bb-\u00abDisseram-os-\u00edmpios-Armemos-ciladas-ao-justo....jpg\" alt=\"48bb- \u00abDisseram os \u00edmpios - 'Armemos ciladas ao justo...'\" width=\"400\" height=\"358\" srcset=\"https:\/\/palavradeamorpalavra.sallep.net\/wp-content\/uploads\/2018\/09\/48bb-\u00abDisseram-os-\u00edmpios-Armemos-ciladas-ao-justo....jpg 400w, https:\/\/palavradeamorpalavra.sallep.net\/wp-content\/uploads\/2018\/09\/48bb-\u00abDisseram-os-\u00edmpios-Armemos-ciladas-ao-justo...-300x269.jpg 300w, https:\/\/palavradeamorpalavra.sallep.net\/wp-content\/uploads\/2018\/09\/48bb-\u00abDisseram-os-\u00edmpios-Armemos-ciladas-ao-justo...-398x356.jpg 398w\" sizes=\"(max-width: 400px) 100vw, 400px\" \/><\/a><\/p>\n<p><strong>&#8211;\u00a0<em>A<\/em>\u00a0<em>PALAVRA, Refletida<\/em>\u00a0ao ritmo Lit\u00fargico &#8211;<\/strong><\/p>\n<p><em>(Ciclo B \u2013 Domingo 25 do T. Comum)<\/em><\/p>\n<p><em>\u00a0<\/em><\/p>\n<p><strong><em>\u201c<u>Disseram os \u00edmpios: \u00abArmemos ciladas ao justo<\/u>, porque nos incomoda e se op\u00f5e \u00e0s nossas obras\u2026 Vejamos se as suas palavras s\u00e3o verdadeiras, observemos como \u00e9 a sua morte\u2026 Porque, se o justo \u00e9 filho de Deus, Deus o proteger\u00e1 e o livrar\u00e1 das m\u00e3os dos seus advers\u00e1rios&#8230; Condenemo-lo \u00e0 morte infame, porque, segundo diz, Algu\u00e9m vir\u00e1 socorr\u00ea-lo\u00bb\u201d. (Sb 2,<\/em><\/strong><strong><em>12.17-18.20 <\/em><\/strong><strong><em>\/ 1\u00aa L.).<\/em><\/strong><\/p>\n<p>&nbsp;<\/p>\n<p>\u00c9 interessante ou, quando menos curiosa, a ideia que exprime o <em>vers\u00edculo<\/em> anterior a este texto (<em>v.11<\/em>), e que n\u00e3o aparece na Leitura de hoje. Diz assim: <em>\u201cSeja a nossa for\u00e7a a norma da justi\u00e7a porque o que \u00e9 fraco para nada serve\u201d<\/em>. \u00c9 como se pensassem: \u00aba nossa luta contra \u2018o justo\u2019 baseia-se apenas e s\u00f3 na nossa \u2018for\u00e7a\u2019\u00bb\u2026 Mas que g\u00e9nero de for\u00e7a \u00e9 esta e a que tipo de \u2018fraqueza\u2019 se referem?&#8230; Antes de mais, \u00e9 preciso saber que o presente <em>\u201ctrecho do livro da Sabedoria\u201d<\/em> est\u00e1 inspirado cabalmente <em>num texto<\/em> paralelo \u2013 muito anterior \u2013 do <em>livro do<\/em> <em>profeta Jeremias<\/em>: <em>\u201cEu ouvia invetivas da multid\u00e3o: \u00abCerco de terror! Denunciai-o! Vamos denunci\u00e1-lo!\u00bb\u2026\u201d<\/em> <em>(Jr 20,<\/em><em>10-13<\/em><em>).<\/em><\/p>\n<p>&nbsp;<\/p>\n<p>A \u2013 Tentaremos descobrir, ent\u00e3o, \u2018o porqu\u00ea\u2019 desta <em>atitude dos maus<\/em> (<em>\u201c\u00edmpios\u201d<\/em>) que pretendem opor-se, destruir, aniquilar <em>\u201co justo\u201d<\/em>, que defende a \u00ablei da Verdade\u00bb.<\/p>\n<p>B \u2013 Desde logo, eles, os \u00edmpios, acabam de indic\u00e1-lo, previamente: <em>\u201cporque o que \u00e9 fraco, para nada serve\u201d<\/em>. Quer dizer, na mente \u2018deles\u2019 est\u00e1 claro que <em>o d\u00e9bil<\/em> n\u00e3o presta, e portanto, s\u00f3 aquilo que tiver <em>mais for\u00e7a<\/em>, principalmente <em>f\u00edsica<\/em>, \u00e9 que se deve impor!<\/p>\n<p>A \u2013 Sabemos perfeitamente que \u2018eles\u2019 come\u00e7am, normalmente, por algum tipo de for\u00e7a \u2018psicol\u00f3gica\u2019(?), geralmente baseada <em>na mentira<\/em> <em>(\u201carmemos ciladas\u2026 vejamos se as suas palavras\u2026 observemos\u2026 condenemo-lo\u2026\u201d)<\/em> para o denigrir e for\u00e7ar a ceder!<\/p>\n<p>B \u2013 Quando estes m\u00e9todos n\u00e3o resolvem \u2013 e por vezes logo de in\u00edcio, sem mais! \u2013 passam aos modos f\u00edsicos<em> violentos<\/em>, de <em>poder e for\u00e7a (\u201cat\u00e9 lhe causar morte infame\u201d)<\/em>.<\/p>\n<p>A \u2013 Mas se indagarmos no verdadeiro \u201cporqu\u00ea\u201d da <em>sua \u00edmpia conduta<\/em>, verificamos que <em>os motivos<\/em> s\u00e3o bem mais fundos: <em>\u201cPorque nos incomoda e se op\u00f5e \u00e0s nossas obras\u2026 Porque nos censura as transgress\u00f5es \u00e0 lei\u2026 A ver se Deus o livra das nossas m\u00e3os\u201d<\/em>.<\/p>\n<p>B \u2013 \u00c9 terr\u00edvel at\u00e9 onde pode levar a <em>maldade<\/em> de quem se deixa aliciar e arrastar pela \u2013 sempre antiga e sempre nova \u2013 <em>hipocrisia<\/em> e <em>perf\u00eddia<\/em> do Maligno, Satan\u00e1s!<\/p>\n<p>A \u2013 Deus nos livre de sermos dessa classe de <em>\u00edmpios<\/em>, hip\u00f3critas! Mas tamb\u00e9m \u2013 aos que tentamos viver <em>na justi\u00e7a e na verdade<\/em> \u2013 nos defenda e proteja desses <em>\u00edmpios!<\/em><\/p>\n<p>&nbsp;<\/p>\n<p style=\"text-align: right;\"><u>A\/B<\/u>: <strong>Pai nosso, da Terra e do C\u00e9u \u2013 de toda a parte \u2013 hoje, rezamos-Te<\/strong><\/p>\n<p style=\"text-align: right;\"><strong>com este \u00abPai-nosso\u00bb inspirado na nossa <em>\u201cPalavra refletida\u201d<\/em>:<\/strong><\/p>\n<p style=\"text-align: right;\"><strong>Pai, para que o teu Nome seja santificado e o teu Reino venha a n\u00f3s,<\/strong><\/p>\n<p style=\"text-align: right;\"><strong>antes de mais, devemos fazer coincidir a <em>nossa vontade<\/em> com <em>a Vontade Tua<\/em>,<\/strong><\/p>\n<p style=\"text-align: right;\"><strong>que exige \u2013 para Tu nos perdoar \u2013 que n\u00f3s perdoemos a <em>esses<\/em> nossos <em>inimigos<\/em>,<\/strong><\/p>\n<p style=\"text-align: right;\"><strong>como Tu lhes perdoas mesmo que tenham sido os <em>\u201c\u00edmpios\u201d<\/em> mais perversos.<\/strong><\/p>\n<p style=\"text-align: right;\"><strong>E, para que o <em>P\u00e3o do esp\u00edrito<\/em> e o <em>p\u00e3o do corpo<\/em> nos revigorem de verdade,<\/strong><\/p>\n<p style=\"text-align: right;\"><strong>n\u00e3o nos deixes cair na tenta\u00e7\u00e3o e, sobretudo, livra-nos sempre do Maligno!<\/strong><\/p>\n<p><strong>\u00a0 \u00a0\u00a0\u00a0\u00a0\u00a0\u00a0\u00a0<\/strong><\/p>\n<p>\/\/ <em>PARA uma outra REFLEX\u00c3O ALARGADA:<\/em> <u><a href=\"http:\/\/palavradeamorpalavra.sallep.net\">http:\/\/palavradeamorpalavra.sallep.net<\/a><\/u><\/p>\n","protected":false},"excerpt":{"rendered":"<p>&#8211;\u00a0A\u00a0PALAVRA, Refletida\u00a0ao ritmo Lit\u00fargico &#8211; (Ciclo B \u2013 Domingo 25 do T. Comum) \u00a0 \u201cDisseram os \u00edmpios: \u00abArmemos ciladas ao justo, porque nos incomoda e se op\u00f5e \u00e0s nossas obras\u2026 Vejamos se as suas palavras s\u00e3o verdadeiras, observemos como \u00e9 a sua morte\u2026 Porque, se o justo \u00e9 filho de Deus, Deus o proteger\u00e1 e [&hellip;]<\/p>\n","protected":false},"author":2,"featured_media":0,"comment_status":"open","ping_status":"open","sticky":false,"template":"","format":"standard","meta":{"footnotes":""},"categories":[6],"tags":[],"class_list":["post-3442","post","type-post","status-publish","format-standard","hentry","category-refletida","has-post-title","has-post-date","has-post-category","has-post-tag","has-post-comment","has-post-author",""],"builder_content":"","_links":{"self":[{"href":"https:\/\/palavradeamorpalavra.sallep.net\/index.php?rest_route=\/wp\/v2\/posts\/3442","targetHints":{"allow":["GET"]}}],"collection":[{"href":"https:\/\/palavradeamorpalavra.sallep.net\/index.php?rest_route=\/wp\/v2\/posts"}],"about":[{"href":"https:\/\/palavradeamorpalavra.sallep.net\/index.php?rest_route=\/wp\/v2\/types\/post"}],"author":[{"embeddable":true,"href":"https:\/\/palavradeamorpalavra.sallep.net\/index.php?rest_route=\/wp\/v2\/users\/2"}],"replies":[{"embeddable":true,"href":"https:\/\/palavradeamorpalavra.sallep.net\/index.php?rest_route=%2Fwp%2Fv2%2Fcomments&post=3442"}],"version-history":[{"count":2,"href":"https:\/\/palavradeamorpalavra.sallep.net\/index.php?rest_route=\/wp\/v2\/posts\/3442\/revisions"}],"predecessor-version":[{"id":3445,"href":"https:\/\/palavradeamorpalavra.sallep.net\/index.php?rest_route=\/wp\/v2\/posts\/3442\/revisions\/3445"}],"wp:attachment":[{"href":"https:\/\/palavradeamorpalavra.sallep.net\/index.php?rest_route=%2Fwp%2Fv2%2Fmedia&parent=3442"}],"wp:term":[{"taxonomy":"category","embeddable":true,"href":"https:\/\/palavradeamorpalavra.sallep.net\/index.php?rest_route=%2Fwp%2Fv2%2Fcategories&post=3442"},{"taxonomy":"post_tag","embeddable":true,"href":"https:\/\/palavradeamorpalavra.sallep.net\/index.php?rest_route=%2Fwp%2Fv2%2Ftags&post=3442"}],"curies":[{"name":"wp","href":"https:\/\/api.w.org\/{rel}","templated":true}]}}