{"id":3459,"date":"2018-10-05T20:49:57","date_gmt":"2018-10-05T20:49:57","guid":{"rendered":"http:\/\/palavradeamorpalavra.sallep.net\/?p=3459"},"modified":"2022-11-20T00:20:53","modified_gmt":"2022-11-20T00:20:53","slug":"nao-separe-o-homem-o-que-deus-uniu","status":"publish","type":"post","link":"https:\/\/palavradeamorpalavra.sallep.net\/?p=3459","title":{"rendered":"\u00abN\u00e3o separe o homem o que Deus uniu&#8230;"},"content":{"rendered":"<p><a href=\"http:\/\/palavradeamorpalavra.sallep.net\/wp-content\/uploads\/2018\/10\/50bb-\u00abN\u00e3o-separe-o-homem-o-que-Deus-uniu....jpg\"><img fetchpriority=\"high\" decoding=\"async\" class=\"aligncenter size-full wp-image-3460\" src=\"http:\/\/palavradeamorpalavra.sallep.net\/wp-content\/uploads\/2018\/10\/50bb-\u00abN\u00e3o-separe-o-homem-o-que-Deus-uniu....jpg\" alt=\"50bb- \u00abN\u00e3o separe o homem o que Deus uniu...\" width=\"638\" height=\"479\" srcset=\"https:\/\/palavradeamorpalavra.sallep.net\/wp-content\/uploads\/2018\/10\/50bb-\u00abN\u00e3o-separe-o-homem-o-que-Deus-uniu....jpg 638w, https:\/\/palavradeamorpalavra.sallep.net\/wp-content\/uploads\/2018\/10\/50bb-\u00abN\u00e3o-separe-o-homem-o-que-Deus-uniu...-300x225.jpg 300w, https:\/\/palavradeamorpalavra.sallep.net\/wp-content\/uploads\/2018\/10\/50bb-\u00abN\u00e3o-separe-o-homem-o-que-Deus-uniu...-398x298.jpg 398w\" sizes=\"(max-width: 638px) 100vw, 638px\" \/><\/a><\/p>\n<p><strong>&#8211;\u00a0<em>A<\/em>\u00a0<em>PALAVRA, Refletida<\/em>\u00a0ao ritmo Lit\u00fargico &#8211;<\/strong><\/p>\n<p><em>(Ciclo B \u2013 Domingo 27 do T. Comum)<\/em><\/p>\n<p><em>\u00a0<\/em><\/p>\n<p><strong><em>\u201cOs fariseus responderam: \u00abMois\u00e9s permitiu que se passasse um certificado de div\u00f3rcio, para se repudiar a mulher\u00bb. Jesus disse-lhes: \u00abFoi por causa da dureza do vosso cora\u00e7\u00e3o que ele vos deixou essa lei. Mas, no princ\u00edpio da cria\u00e7\u00e3o, \u2018Deus f\u00ea-los homem e mulher. Por isso, o homem deixar\u00e1 pai e m\u00e3e para se unir \u00e0 sua esposa, e os dois ser\u00e3o uma s\u00f3 carne\u2019\u2026 <u>N\u00e3o separe o homem o que Deus uniu<\/u>\u00bb\u201d. (Mc 10,<\/em><\/strong><strong><em>4-8 <\/em><\/strong><strong><em>\/ 3\u00aa L.).<\/em><\/strong><\/p>\n<p>&nbsp;<\/p>\n<p>Como se pode observar, trata-se daquela conversa \u2013 di\u00e1fana e radical! \u2013 entre Jesus e os fariseus, tendo como pano de fundo a \u201cunicidade\u201d e \u201cfidelidade\u201d do <em>matrim\u00f3nio, <\/em>humano e crist\u00e3o. \u00c9 interessante ter em aten\u00e7\u00e3o a sequ\u00eancia em que <em>o evangelista<\/em> (neste caso, Marcos) coloca os \u2018acontecimentos\u2019. Anteriormente, Jesus acaba de falar das consequ\u00eancias terr\u00edveis dos <em>esc\u00e2ndalos<\/em> (\u2018maus exemplos\u2019)&#8230; E, ap\u00f3s este <em>texto<\/em>, coloca o epis\u00f3dio da atitude e o exemplo de Jesus com <em>as crian\u00e7as (\u2018pequeninos\u2019)<\/em>. Seria por acaso?<\/p>\n<p>&nbsp;<\/p>\n<p>A \u2013 Entre uma e outra coisa, aparecem os fariseus, com mais uma das suas <em>quest\u00f5es tentadoras<\/em> ou <em>espinhosas<\/em> (<em>\u201cpara O p\u00f4r \u00e0 prova\u201d<\/em>): <em>\u201cPode um homem repudiar a sua mulher?\u201d<\/em>. Jesus responde, primeiro, com outra pergunta: <em>\u201cQue vos ordenou Mois\u00e9s?\u201d<\/em>.<\/p>\n<p>B \u2013 Seja l\u00e1 como for, o tema central que se suscita e contrap\u00f5e \u00e9 o da \u201cuni\u00e3o\u201d e a \u201csepara\u00e7\u00e3o\u201d. Os fariseus \u2013 e os seus sequazes de todos os tempos \u2013 querem saber o que \u00e9 que <em>d\u00e1 mais prazer (!?).<\/em> L\u00e1 est\u00e1: <em>\u2018a felicidade mal-entendida\u2019!<\/em><\/p>\n<p>A \u2013 Mas Jesus responde com<em> Amor e Fidelidade<\/em>: o \u00fanico que traz a <em>genu\u00edna e aut\u00eantica Felicidade<\/em>. O que vem <em>\u201cpela dureza do cora\u00e7\u00e3o\u201d<\/em> n\u00e3o pode trazer nada de bom!<\/p>\n<p>B \u2013 E \u00e9 interessante constatar que, na divis\u00e3o, separa\u00e7\u00e3o (<em>\u201csepara\u00e7\u00f5es\u201d, \u201cdiv\u00f3rcios\u201d<\/em>), tamb\u00e9m n\u00e3o se encontra nem sequer o <em>prazer<\/em>\u2026 quanto menos, a <em>Felicidade!<\/em><\/p>\n<p>A \u2013 Se \u2018na mente de Deus\u2019 \u2013 falando humanamente \u2013 estivesse como objetivo:<em> vidas \u2018independentes\u2019 dos humanos<\/em>, criava-os <em>aut\u00f3nomos<\/em> e n\u00e3o <em>complementares.<\/em> Ou, melhor dizendo, n\u00e3o os teria feito <em>\u201c\u00e0 Sua imagem e semelhan\u00e7a\u201d<\/em> <em>(\u00abFam\u00edlia Trinit\u00e1ria\u00bb)<\/em>.<\/p>\n<p>B \u2013 E se algu\u00e9m pusesse esta obje\u00e7\u00e3o: \u2018Olha que n\u00f3s poder\u00edamos ser \u201cprom\u00edscuos\u201d como os animais!\u2019. A resposta pode ser dupla. Ou: <em>\u2018N\u00e3o queres ser mais do que um simples animal(?!)\u2019<\/em>; ou: <em>\u2018Olha que muitos animais s\u00e3o fi\u00e9is ao seu par toda a vida!\u2019<\/em>.<\/p>\n<p>A \u2013 Apetece responder a esses fariseus e aos que pensam como eles: \u2018Se v\u00f3s n\u00e3o fostes os \u201cinventores\u201d da esp\u00e9cie humana, como \u00e9 que ousais <em>emendar o Plano<\/em> de Deus Criador?\u2019.<\/p>\n<p>B \u2013 Para j\u00e1 n\u00e3o falar das nefastas consequ\u00eancias dos div\u00f3rcios para os filhos\u2026 N\u00e3o ser\u00e1 por isso que Jesus \u2013 a seguir \u2013 manifesta a sua <em>prefer\u00eancia pelas crian\u00e7as<\/em> (\u2018pequeninos\u2019)?!<\/p>\n<p>&nbsp;<\/p>\n<p style=\"text-align: right;\"><u>A\/B<\/u>: <strong>\u00c9 verdade, \u00f3 Deus, Trindade Sant\u00edssima \u2013 Pai, Filho e Esp\u00edrito \u2013<\/strong><\/p>\n<p style=\"text-align: right;\"><strong>Fam\u00edlia Divina, que <em>\u201cnos criaste \u00e0 Tua imagem e semelhan\u00e7a\u201d<\/em><\/strong><\/p>\n<p style=\"text-align: right;\"><strong>n\u00e3o s\u00f3 quanto <em>seres \u2018individuais\u2019<\/em>, mas quanto <em>pessoas \u2018familiares\u2019<\/em>\u2026<\/strong><\/p>\n<p style=\"text-align: right;\"><strong>Perdoa-nos o n\u00e3o termos sabido entender e assumir o Teu exemplo:<\/strong><\/p>\n<p style=\"text-align: right;\"><strong>que somos seres <em>pessoais,<\/em> mas vivendo <em>em fam\u00edlia<\/em>, em comunidade.<\/strong><\/p>\n<p style=\"text-align: right;\"><strong>Infunde em n\u00f3s a Tua gra\u00e7a divina e \u2018trinit\u00e1ria\u2019, de Amor e Fidelidade,<\/strong><\/p>\n<p style=\"text-align: right;\"><strong>para apostarmos \u2013 como pessoas e como fam\u00edlias, comunidades \u2013<\/strong><\/p>\n<p style=\"text-align: right;\"><strong>num <em>compromisso de unidade<\/em> que elimine <em>as for\u00e7as da<\/em> <em>\u2018divis\u00e3o\u2019!<\/em><\/strong><\/p>\n<p><strong>\u00a0\u00a0\u00a0 \u00a0\u00a0\u00a0\u00a0\u00a0\u00a0\u00a0<\/strong><\/p>\n<p>\/\/ <em>PARA uma outra REFLEX\u00c3O ALARGADA:<\/em> <u><a href=\"http:\/\/palavradeamorpalavra.sallep.net\">http:\/\/palavradeamorpalavra.sallep.net<\/a><\/u><\/p>\n","protected":false},"excerpt":{"rendered":"<p>&#8211;\u00a0A\u00a0PALAVRA, Refletida\u00a0ao ritmo Lit\u00fargico &#8211; (Ciclo B \u2013 Domingo 27 do T. Comum) \u00a0 \u201cOs fariseus responderam: \u00abMois\u00e9s permitiu que se passasse um certificado de div\u00f3rcio, para se repudiar a mulher\u00bb. Jesus disse-lhes: \u00abFoi por causa da dureza do vosso cora\u00e7\u00e3o que ele vos deixou essa lei. Mas, no princ\u00edpio da cria\u00e7\u00e3o, \u2018Deus f\u00ea-los homem [&hellip;]<\/p>\n","protected":false},"author":2,"featured_media":0,"comment_status":"open","ping_status":"open","sticky":false,"template":"","format":"standard","meta":{"footnotes":""},"categories":[6],"tags":[],"class_list":["post-3459","post","type-post","status-publish","format-standard","hentry","category-refletida","has-post-title","has-post-date","has-post-category","has-post-tag","has-post-comment","has-post-author",""],"builder_content":"","_links":{"self":[{"href":"https:\/\/palavradeamorpalavra.sallep.net\/index.php?rest_route=\/wp\/v2\/posts\/3459","targetHints":{"allow":["GET"]}}],"collection":[{"href":"https:\/\/palavradeamorpalavra.sallep.net\/index.php?rest_route=\/wp\/v2\/posts"}],"about":[{"href":"https:\/\/palavradeamorpalavra.sallep.net\/index.php?rest_route=\/wp\/v2\/types\/post"}],"author":[{"embeddable":true,"href":"https:\/\/palavradeamorpalavra.sallep.net\/index.php?rest_route=\/wp\/v2\/users\/2"}],"replies":[{"embeddable":true,"href":"https:\/\/palavradeamorpalavra.sallep.net\/index.php?rest_route=%2Fwp%2Fv2%2Fcomments&post=3459"}],"version-history":[{"count":3,"href":"https:\/\/palavradeamorpalavra.sallep.net\/index.php?rest_route=\/wp\/v2\/posts\/3459\/revisions"}],"predecessor-version":[{"id":3463,"href":"https:\/\/palavradeamorpalavra.sallep.net\/index.php?rest_route=\/wp\/v2\/posts\/3459\/revisions\/3463"}],"wp:attachment":[{"href":"https:\/\/palavradeamorpalavra.sallep.net\/index.php?rest_route=%2Fwp%2Fv2%2Fmedia&parent=3459"}],"wp:term":[{"taxonomy":"category","embeddable":true,"href":"https:\/\/palavradeamorpalavra.sallep.net\/index.php?rest_route=%2Fwp%2Fv2%2Fcategories&post=3459"},{"taxonomy":"post_tag","embeddable":true,"href":"https:\/\/palavradeamorpalavra.sallep.net\/index.php?rest_route=%2Fwp%2Fv2%2Ftags&post=3459"}],"curies":[{"name":"wp","href":"https:\/\/api.w.org\/{rel}","templated":true}]}}