{"id":3468,"date":"2018-10-12T21:13:18","date_gmt":"2018-10-12T21:13:18","guid":{"rendered":"http:\/\/palavradeamorpalavra.sallep.net\/?p=3468"},"modified":"2022-11-20T08:05:03","modified_gmt":"2022-11-20T08:05:03","slug":"a-palavra-de-deus-e-viva-e-eficaz","status":"publish","type":"post","link":"https:\/\/palavradeamorpalavra.sallep.net\/?p=3468","title":{"rendered":"\u00abA palavra de Deus \u00e9 viva e eficaz&#8230;"},"content":{"rendered":"<p><a href=\"http:\/\/palavradeamorpalavra.sallep.net\/wp-content\/uploads\/2018\/10\/51bb-\u00abA-palavra-de-Deus-\u00e9-viva-e-eficaz....jpg\"><img fetchpriority=\"high\" decoding=\"async\" class=\"aligncenter size-full wp-image-3469\" src=\"http:\/\/palavradeamorpalavra.sallep.net\/wp-content\/uploads\/2018\/10\/51bb-\u00abA-palavra-de-Deus-\u00e9-viva-e-eficaz....jpg\" alt=\"51bb- \u00abA palavra de Deus \u00e9 viva e eficaz...\" width=\"632\" height=\"431\" srcset=\"https:\/\/palavradeamorpalavra.sallep.net\/wp-content\/uploads\/2018\/10\/51bb-\u00abA-palavra-de-Deus-\u00e9-viva-e-eficaz....jpg 632w, https:\/\/palavradeamorpalavra.sallep.net\/wp-content\/uploads\/2018\/10\/51bb-\u00abA-palavra-de-Deus-\u00e9-viva-e-eficaz...-300x205.jpg 300w, https:\/\/palavradeamorpalavra.sallep.net\/wp-content\/uploads\/2018\/10\/51bb-\u00abA-palavra-de-Deus-\u00e9-viva-e-eficaz...-398x271.jpg 398w\" sizes=\"(max-width: 632px) 100vw, 632px\" \/><\/a><\/p>\n<p>&nbsp;<\/p>\n<p><strong>&#8211;\u00a0<em>A<\/em>\u00a0<em>PALAVRA, Refletida<\/em>\u00a0ao ritmo Lit\u00fargico &#8211;<\/strong><\/p>\n<p><em>(Ciclo B \u2013 Domingo 28 do T. Comum)<\/em><\/p>\n<p><strong><em>\u201c<u>A palavra de Deus \u00e9 viva e eficaz<\/u>, mais cortante que uma espada de dois gumes: ela penetra at\u00e9 ao ponto de divis\u00e3o da alma e do esp\u00edrito\u2026 e \u00e9 capaz de discernir os pensamentos e as inten\u00e7\u00f5es do cora\u00e7\u00e3o\u2026 \u00c9 a ela que devemos prestar contas\u201d. (Hb 4,<\/em><\/strong><strong><em>12-13 <\/em><\/strong><strong><em>\/ 2\u00aa L.).<\/em><\/strong><\/p>\n<p>&nbsp;<\/p>\n<p>Este <em>\u2018livro\u2019<\/em> b\u00edblico do NT \u2013 conhecido como <em>\u2018Carta aos Hebreus\u2019<\/em> \u2013 \u00e9 \u201cenigm\u00e1tico\u201d em v\u00e1rios aspetos. Poder\u00edamos dizer que <em>o \u00fanico certo \u00e9 o seu conte\u00fado de doutrina<\/em> (que afinal \u00e9 o que importa!) pois todos os outros dados (autor, local, estilo, destinat\u00e1rios\u2026) s\u00e3o incertos\u2026 Nem sequer tem estrutura de \u201cCarta\u201d, pois a sua contextura \u00e9 mais de discurso, Homilia (\u2018Serm\u00e3o\u2019). Por\u00e9m, os <em>investigadores biblistas<\/em> coincidem nas suas <em>conclus\u00f5es<\/em>, tamb\u00e9m a respeito destas quest\u00f5es\u2026 Bom, mas ficando apenas com o que interessa, citamos aqui uma das <em>suas<\/em> aprecia\u00e7\u00f5es globais: <em>\u00abA novidade deste escrito \u00e9 grande: uma pessoa, Jesus Cristo, Filho de Deus e irm\u00e3o dos homens, \u00e9 o Sumo Sacerdote superior a Mois\u00e9s e compar\u00e1vel \u00e0 figura misteriosa de Melquisedec. \u00a0Este escrito estabelece uma rela\u00e7\u00e3o entre o Antigo e o Novo Testamento numa perspetiva Cristol\u00f3gica. O tema central \u00e9 o sacerd\u00f3cio de Cristo e o culto Crist\u00e3o. Pela sua paix\u00e3o, morte e glorifica\u00e7\u00e3o, Ele \u00e9 o mediador entre Deus e os homens; o seu sacrif\u00edcio substitui todos os sacrif\u00edcios antigos\u2026\u00bb<\/em>. <em>[cf. B\u00edblia Sagrada-DB &#8211; Introdu\u00e7\u00e3o \u00e0 Carta]<\/em>.<\/p>\n<p>&nbsp;<\/p>\n<p>A \u2013 Assim sendo, \u00e9 f\u00e1cil, para n\u00f3s, refletirmos no tema central do <em>nosso texto<\/em>: a <strong>Palavra de Deus<\/strong>. At\u00e9 porque aparece a \u201cpersonifica\u00e7\u00e3o\u201d desta Palavra, que \u201cse identifica com Deus\u201d.<\/p>\n<p>B \u2013 Come\u00e7a por afirmar que <em>\u201ca<\/em> <em>Palavra<\/em> <em>penetra at\u00e9 ao ponto de divis\u00e3o da alma e do esp\u00edrito\u201d <\/em>humanos: <em>express\u00e3o<\/em> que constitui \u201cum atributo\u201d pr\u00f3prio e exclusivo de Deus.<\/p>\n<p>A \u2013 \u00c9 verdade, porque s\u00f3 Deus <em>\u201c\u00e9 capaz de discernir os pensamentos e as inten\u00e7\u00f5es do cora\u00e7\u00e3o\u201d<\/em>. Se a <em>Palavra<\/em> faz isso, s\u00f3 pode ser pelo facto de ela \u2013 a Palavra \u2013 ser Deus!<\/p>\n<p>B \u2013 Sabemos que, chegada a plenitude dos tempos, <em>a Palavra<\/em> (o <em>\u2018Verbo\u2019<\/em>) <em>se encarna,<\/em> e esta quest\u00e3o come\u00e7a a ficar esclarecida. <em>\u201cNo princ\u00edpio existia o Verbo e o Verbo estava em Deus e o Verbo era Deus\u2026 E o Verbo fez-se carne e habitou entre n\u00f3s\u201d.(Jo 1,<\/em><em>1.14<\/em><em>).<\/em><\/p>\n<p>A \u2013 Isso quer dizer que, ao afirmarmos <em>\u201ca Palavra encarnou\u201d<\/em>, estamos a aceitar essa \u2018personifica\u00e7\u00e3o\u2019 e <em>humaniza\u00e7\u00e3o<\/em> da Palavra, e em simult\u00e2neo a <em>diviniza\u00e7\u00e3o<\/em> do <em>homem-Jesus<\/em>.<\/p>\n<p>B \u2013 Algu\u00e9m poder\u00e1 pensar <em>\u2018agora j\u00e1 estou a perceber<\/em> <em>a \u00faltima frase\u2019<\/em> <em>(\u201cdevemos prestar contas \u00e0 palavra\u201d)<\/em>: j\u00e1 sei que \u00e9 Jesus \u2013 <em>\u201cPalavra encarnada\u201d<\/em> \u2013 quem nos vai julgar. Assim o afirmou Ele pr\u00f3prio: <em>\u201co Pai deu ao Filho o poder de julgar\u201d<\/em> <em>(Jo 5,<\/em><em>22<\/em><em>).<\/em><\/p>\n<p>A \u2013 Por\u00e9m, o mesmo Jesus explicou e completou: <em>Se algu\u00e9m n\u00e3o cumpre a minha palavra, n\u00e3o sou Eu que o julgo, pois Eu n\u00e3o vim para condenar o mundo, mas para o salvar<\/em>\u2026 <em>A palavra que Eu anunciei \u00e9 que o h\u00e1 de julgar\u201d (Jo 12,<\/em><em>48<\/em><em>)<\/em>. Ent\u00e3o, Jesus tamb\u00e9m n\u00e3o julga!<\/p>\n<p>B \u2013 Afinal, \u00e9 s\u00f3 a <em>Palavra<\/em> \u2013 a Verdade \u2013 que nos julgar\u00e1: <em>\u201cA ela devemos prestar contas\u201d!<\/em><\/p>\n<p><u>\u00a0<\/u><\/p>\n<p><u>A\/B<\/u>: <strong>Vemos, Jesus, que o <em>\u2018mist\u00e9rio da Palavra\u2019<\/em> n\u00e3o \u00e9 t\u00e3o dif\u00edcil de aceitar.<\/strong><\/p>\n<p><strong>O nosso compromisso ser\u00e1, portanto, receb\u00ea-La e transmiti-La:<\/strong><\/p>\n<p><strong>devemos tomar consci\u00eancia de que essa \u00abPalavra de Amor, Palavra\u00bb<\/strong><\/p>\n<p><strong>\u00e9s Tu mesmo \u2013 recebido e assumido! \u2013 para Te entregarmos aos outros.<\/strong><\/p>\n<p><strong>Faz de n\u00f3s, Jesus <em>(\u2018\u00e0 Tua imagem e semelhan\u00e7a\u2019)<\/em> essa <em>\u201cPalavra viva e eficaz\u201d!<\/em><\/strong><\/p>\n<p><strong>\u00a0<\/strong><\/p>\n<p>\/\/ <em>PARA uma outra REFLEX\u00c3O ALARGADA:<\/em> <u><a href=\"http:\/\/palavradeamorpalavra.sallep.net\">http:\/\/palavradeamorpalavra.sallep.net<\/a><\/u><\/p>\n","protected":false},"excerpt":{"rendered":"<p>&nbsp; &#8211;\u00a0A\u00a0PALAVRA, Refletida\u00a0ao ritmo Lit\u00fargico &#8211; (Ciclo B \u2013 Domingo 28 do T. Comum) \u201cA palavra de Deus \u00e9 viva e eficaz, mais cortante que uma espada de dois gumes: ela penetra at\u00e9 ao ponto de divis\u00e3o da alma e do esp\u00edrito\u2026 e \u00e9 capaz de discernir os pensamentos e as inten\u00e7\u00f5es do cora\u00e7\u00e3o\u2026 \u00c9 [&hellip;]<\/p>\n","protected":false},"author":2,"featured_media":0,"comment_status":"open","ping_status":"open","sticky":false,"template":"","format":"standard","meta":{"footnotes":""},"categories":[6],"tags":[],"class_list":["post-3468","post","type-post","status-publish","format-standard","hentry","category-refletida","has-post-title","has-post-date","has-post-category","has-post-tag","has-post-comment","has-post-author",""],"builder_content":"","_links":{"self":[{"href":"https:\/\/palavradeamorpalavra.sallep.net\/index.php?rest_route=\/wp\/v2\/posts\/3468","targetHints":{"allow":["GET"]}}],"collection":[{"href":"https:\/\/palavradeamorpalavra.sallep.net\/index.php?rest_route=\/wp\/v2\/posts"}],"about":[{"href":"https:\/\/palavradeamorpalavra.sallep.net\/index.php?rest_route=\/wp\/v2\/types\/post"}],"author":[{"embeddable":true,"href":"https:\/\/palavradeamorpalavra.sallep.net\/index.php?rest_route=\/wp\/v2\/users\/2"}],"replies":[{"embeddable":true,"href":"https:\/\/palavradeamorpalavra.sallep.net\/index.php?rest_route=%2Fwp%2Fv2%2Fcomments&post=3468"}],"version-history":[{"count":1,"href":"https:\/\/palavradeamorpalavra.sallep.net\/index.php?rest_route=\/wp\/v2\/posts\/3468\/revisions"}],"predecessor-version":[{"id":3470,"href":"https:\/\/palavradeamorpalavra.sallep.net\/index.php?rest_route=\/wp\/v2\/posts\/3468\/revisions\/3470"}],"wp:attachment":[{"href":"https:\/\/palavradeamorpalavra.sallep.net\/index.php?rest_route=%2Fwp%2Fv2%2Fmedia&parent=3468"}],"wp:term":[{"taxonomy":"category","embeddable":true,"href":"https:\/\/palavradeamorpalavra.sallep.net\/index.php?rest_route=%2Fwp%2Fv2%2Fcategories&post=3468"},{"taxonomy":"post_tag","embeddable":true,"href":"https:\/\/palavradeamorpalavra.sallep.net\/index.php?rest_route=%2Fwp%2Fv2%2Ftags&post=3468"}],"curies":[{"name":"wp","href":"https:\/\/api.w.org\/{rel}","templated":true}]}}