{"id":3472,"date":"2018-10-19T22:17:24","date_gmt":"2018-10-19T22:17:24","guid":{"rendered":"http:\/\/palavradeamorpalavra.sallep.net\/?p=3472"},"modified":"2022-11-22T12:09:34","modified_gmt":"2022-11-22T12:09:34","slug":"solidario-vem-de-solido-2","status":"publish","type":"post","link":"https:\/\/palavradeamorpalavra.sallep.net\/?p=3472","title":{"rendered":"\u00abSOLID\u00c1RIO\u00bb VEM DE \u00abS\u00d3LIDO\u00bb"},"content":{"rendered":"<p><a href=\"http:\/\/palavradeamorpalavra.sallep.net\/wp-content\/uploads\/2018\/10\/52b-Solid\u00e1rio-vem-de-s\u00f3lido.jpg\"><img fetchpriority=\"high\" decoding=\"async\" class=\"aligncenter size-full wp-image-3473\" src=\"http:\/\/palavradeamorpalavra.sallep.net\/wp-content\/uploads\/2018\/10\/52b-Solid\u00e1rio-vem-de-s\u00f3lido.jpg\" alt=\"52b- Solid\u00e1rio vem de s\u00f3lido\" width=\"804\" height=\"504\" srcset=\"https:\/\/palavradeamorpalavra.sallep.net\/wp-content\/uploads\/2018\/10\/52b-Solid\u00e1rio-vem-de-s\u00f3lido.jpg 804w, https:\/\/palavradeamorpalavra.sallep.net\/wp-content\/uploads\/2018\/10\/52b-Solid\u00e1rio-vem-de-s\u00f3lido-300x188.jpg 300w, https:\/\/palavradeamorpalavra.sallep.net\/wp-content\/uploads\/2018\/10\/52b-Solid\u00e1rio-vem-de-s\u00f3lido-768x481.jpg 768w, https:\/\/palavradeamorpalavra.sallep.net\/wp-content\/uploads\/2018\/10\/52b-Solid\u00e1rio-vem-de-s\u00f3lido-398x249.jpg 398w\" sizes=\"(max-width: 804px) 100vw, 804px\" \/><\/a><\/p>\n<p><em>\u00a0(Ciclo B \u2013 Domingo 29 do T. Comum\u2026)<\/em><strong>\u00a0<\/strong><\/p>\n<p><strong>\u00abSOLID\u00c1RIO\u00bb <\/strong><strong>VEM DE<\/strong><strong> \u00abS\u00d3LIDO\u00bb <\/strong><\/p>\n<p>Quem \u00e9 que n\u00e3o reparou no fen\u00f3meno f\u00edsico, t\u00e3o vulgar como universal, da transmiss\u00e3o ou transporte el\u00e9trico atrav\u00e9s dos fios ou cabos, <em>\u00abcondutores materiais\u00bb<\/em>? Basta-nos ligar ou desligar qualquer interrutor\u2026 J\u00e1 n\u00e3o poderemos dizer a mesma coisa acerca do \u201cporqu\u00ea\u201d e do \u201ccomo\u201d deste fen\u00f3meno el\u00e9trico e magn\u00e9tico, s\u00f3 acess\u00edvel a pessoas mais especializadas no tema. Mas \u00e9 bom que, neste momento, declaremos, sem mais, o que est\u00e1 na base desse <em>porqu\u00ea<\/em> e <em>como<\/em>. A quest\u00e3o \u00e9 bem simples: porque \u00e9 que essa \u201cfor\u00e7a el\u00e9trica\u201d (misteriosa!?) \u00e9 transferida de um corpo material, que <em>a possui<\/em>, para o outro que ainda <em>a n\u00e3o tem<\/em>? Mesmo que n\u00e3o o pare\u00e7a, h\u00e1 sempre (deve haver) uma \u00abcontinuidade material\u00bb entre o primeiro e o segundo <em>corpo<\/em>: esse \u00e9 \u201co caminho\u201d que percorrem os \u201celetr\u00f5es\u201d!\u2026 Bem, mas <em>a \u201cconclus\u00e3o\u201d<\/em> vem logo.<\/p>\n<p>E vamos j\u00e1 para <em>a Palavra<\/em> de hoje. O primeiro alerta, como \u00e9 costume, aparece-nos j\u00e1 no AT, com o profeta Isa\u00edas, na primeira leitura de hoje. <em>\u201cO justo, meu servo, justificar\u00e1 a muitos e tomar\u00e1 sobre si as suas iniquidades\u201d.<\/em> Ser\u00e1 que este \u00abjusto\u00bb poderia ser como que o primeiro \u00abcorpo condutor\u00bb?&#8230; Mas prossigamos com o profeta: <em>\u201cAprouve ao Senhor esmagar o seu servo pelo sofrimento. Mas, se oferecer a sua vida como sacrif\u00edcio de expia\u00e7\u00e3o, ter\u00e1 uma descend\u00eancia duradoira\u2026\u201d (Is 53 \/ 1\u00aa L.). <\/em>Come\u00e7amos a ver, ent\u00e3o, uma estreita rela\u00e7\u00e3o entre <em>\u201co justo\u201d<\/em> (<em>\u201co servo\u201d<\/em>) e aqueles <em>\u201cmuitos\u201d,<\/em> que s\u00e3o, ao mesmo tempo, a <em>\u201csua descend\u00eancia\u201d<\/em>.<\/p>\n<p>Desde logo, o autor da <em>Carta aos Hebreus<\/em> revela-nos j\u00e1 a identidade daquele <em>\u201cjusto\u201d, \u201cservo\u201d de Jav\u00e9<\/em>. <em>\u201cTendo n\u00f3s um sumo sacerdote que penetrou os C\u00e9us, Jesus, Filho de Deus\u201d\u2026 <\/em>E continua, para insistir na \u00abliga\u00e7\u00e3o\u00bb entre este \u201csumo sacerdote\u201d \u2013 \u00abMediador\u00bb \u2013 e \u201cn\u00f3s\u201d, que somos \u201ca sua descend\u00eancia\u201d: <em>\u201cN\u00f3s n\u00e3o temos um sumo sacerdote incapaz de se compadecer das nossas fraquezas. Pelo contr\u00e1rio, Ele mesmo foi provado em tudo, \u00e0 nossa semelhan\u00e7a\u2026\u201d. (Hb 4 \/2\u00aa L.).<\/em><\/p>\n<p>Contudo, vai ser o pr\u00f3prio <em>Jesus de Nazar\u00e9<\/em> a dar-nos, no seu Evangelho deste dia, <em>a chave<\/em> de toda esta quest\u00e3o. Em primeiro lugar, para os que queiram ser <em>\u201cgrandes\u201d,<\/em> mas com a verdadeira <em>\u201cgrandeza\u201d<\/em>, esclarece: <em>\u201cAquele que, entre v\u00f3s, quiser tornar-se grande, ser\u00e1 vosso servo, e quem quiser ser o primeiro, seja escravo de todos\u201d<\/em>. E a seguir, revela o fundamento dessa afirma\u00e7\u00e3o, atrav\u00e9s do <em>Modelo exemplar<\/em> que \u00e9 Ele pr\u00f3prio: <em>\u201cPorque o Filho do homem n\u00e3o veio para ser servido, mas para servir e dar a vida pela reden\u00e7\u00e3o de todos\u00bb\u201d. (Mc 10 \/ 3\u00aa L.).<\/em> Com isso, fica bem patente que Ele mesmo, o Filho de Deus, se considera <em>\u2018intimamente unido\u2019 <\/em>\u00e0queles \u2013 \u201ctodos\u201d \u2013 que v\u00e3o ser <em>\u201credimidos pela entrega da sua vida\u201d<\/em>. Bom, para exprimirmos esta realidade \u00e9 costume dizer que, deste modo, Jesus \u00e9 <em>\u201csolid\u00e1rio com todos os homens\u201d<\/em>, ou que, para todos os efeitos, Ele <em>\u201csolidariza-se com a sorte dos humanos\u201d<\/em>.<\/p>\n<p>\u201cSolid\u00e1rio\u201d, \u201csolidarizar-se\u201d, \u201csolidariedade\u201d\u2026 Sabiam que estes termos derivam todos da palavra \u201cs\u00f3lido\u201d (firme, inteiro, completo)? Ou seja (numa defini\u00e7\u00e3o f\u00edsico-qu\u00edmica): \u00ab<em>s\u00f3lido<\/em> \u00e9 aquele <em>corpo material<\/em> cujas part\u00edculas ou mol\u00e9culas est\u00e3o <em>unidas entre si<\/em> por <em>for\u00e7as t\u00e3o potentes <\/em>que lhe conferem uma estrutura forte, dura, r\u00edgida, \u00fanica\u00bb. Por consequ\u00eancia, poder\u00edamos afirmar que \u00abo que acontece em qualquer uma das partes desse \u201ccorpo\u201d \u00e9 transmitido, de modo instant\u00e2neo, a todas as outras partes\u00bb. Ou, por outras palavras, <em>\u201co que sucede a uma dessas partes \u2018\u00e9 sentido\u2019 por todas as outras\u201d<\/em>. Interessante! N\u00e3o \u00e9?&#8230; E quando dizemos \u201csentir-nos solid\u00e1rios com algu\u00e9m\u201d \u00e9 isso que deveremos significar. Assim, s\u00f3 ser\u00e1 aut\u00eantica a \u201csolidariedade\u201d quando nos sintamos formando \u00abalgo s\u00f3lido\u00bb com os nossos semelhantes\u2026 (Ent\u00e3o, agora j\u00e1 se entende aquilo de \u00abo condutor material da energia el\u00e9trica\u00bb).<\/p>\n<p>\u00c9 verdade que h\u00e1 por a\u00ed express\u00f5es interessantes neste campo da <em>solidariedade<\/em>, mas que podem ficar apenas na teoria e em <em>frases bonitas<\/em>. Por exemplo: \u201celes s\u00e3o n\u00f3s\u201d e \u201cn\u00f3s somos eles\u201d; do \u201ceu solit\u00e1rio\u201d ao \u201cn\u00f3s solid\u00e1rio\u201d; etc.<\/p>\n<p>Ent\u00e3o, depende de cada um de n\u00f3s \u2013 \u00e0 luz da <em>Palavra<\/em> de hoje \u2013 que vivamos, com autenticidade, o <em>\u201cser solid\u00e1rio\u201d<\/em>, como o viveu e vive Jesus! Que at\u00e9 se pode afirmar d\u2019Ele, \u00e0 luz da sua <em>Encarna\u00e7\u00e3o<\/em>: A <em>natureza humano-divina<\/em> do homem Jesus, o Filho de Deus, \u00e9 esta de \u00ab<em>ser solid\u00e1rio<\/em> com todo o ser humano\u00bb. \u00c9 o sentido daquela outra afirma\u00e7\u00e3o de Jesus (referindo-se a qualquer ser humano\u2026): <em>\u201cO que fizerdes a um deles, \u00e9 a Mim que o fazeis\u201d.(Mt 18,<\/em><em>5<\/em><em>; Mc 9,<\/em><em>37<\/em><em>; Lc 9,<\/em><em>48<\/em><em>.10,<\/em><em>16<\/em><em>)<\/em>.\u00a0 Aprendamos!!!<\/p>\n<p>&nbsp;<\/p>\n<p><em>Des\u00e7a sobre n\u00f3s a Tua bondade, <\/em><\/p>\n<p><em>porque em Ti esperamos, Senhor!<\/em><\/p>\n<p>Os Teus olhos misericordiosos<\/p>\n<p>est\u00e3o voltados sempre para n\u00f3s,<\/p>\n<p>que esperamos na Tua bondade\u2026<\/p>\n<p>O Teu Filho Jesus, aquele \u201cJusto\u201d,<\/p>\n<p>porque j\u00e1 era solid\u00e1rio connosco<\/p>\n<p>quis demonstr\u00e1-lo na Sua Encarna\u00e7\u00e3o,<\/p>\n<p>e ocupou o nosso lugar para \u201cnos resgatar\u201d;<\/p>\n<p>pois sendo Ele <em>solid\u00e1rio<\/em> com o <em>\u00abnosso Erro\u00bb<\/em>,<\/p>\n<p>n\u00f3s fic\u00e1mos <em>solid\u00e1rios<\/em> com a <em>\u201cSua Salva\u00e7\u00e3o\u201d<\/em>.<\/p>\n<p>\u00c9 que tamb\u00e9m esta obra da Reden\u00e7\u00e3o, \u00f3 Pai,<\/p>\n<p>nasceu da Tua bondade e fidelidade,<\/p>\n<p>bem como todas as Tuas Obras maravilhosas&#8230;<\/p>\n<p>Agora s\u00f3 queremos aprender a sermos<\/p>\n<p><em>\u201cde verdade solid\u00e1rios\u201d<\/em> com todos,<\/p>\n<p>seguindo o <em>Modelo exemplar<\/em> que \u00e9<\/p>\n<p>o nosso Irm\u00e3o mais velho, Jesus!<\/p>\n<p><em>E venha sobre n\u00f3s, \u00f3 Deus nosso Pai, <\/em><\/p>\n<p><em>a Tua bondade e miseric\u00f3rdia!<\/em><\/p>\n<p><em>[ do Salmo Responsorial \/ 32 (33) ]<\/em><\/p>\n","protected":false},"excerpt":{"rendered":"<p>\u00a0(Ciclo B \u2013 Domingo 29 do T. Comum\u2026)\u00a0 \u00abSOLID\u00c1RIO\u00bb VEM DE \u00abS\u00d3LIDO\u00bb Quem \u00e9 que n\u00e3o reparou no fen\u00f3meno f\u00edsico, t\u00e3o vulgar como universal, da transmiss\u00e3o ou transporte el\u00e9trico atrav\u00e9s dos fios ou cabos, \u00abcondutores materiais\u00bb? Basta-nos ligar ou desligar qualquer interrutor\u2026 J\u00e1 n\u00e3o poderemos dizer a mesma coisa acerca do \u201cporqu\u00ea\u201d e do \u201ccomo\u201d [&hellip;]<\/p>\n","protected":false},"author":2,"featured_media":0,"comment_status":"open","ping_status":"open","sticky":false,"template":"","format":"standard","meta":{"footnotes":""},"categories":[6],"tags":[],"class_list":["post-3472","post","type-post","status-publish","format-standard","hentry","category-refletida","has-post-title","has-post-date","has-post-category","has-post-tag","has-post-comment","has-post-author",""],"builder_content":"","_links":{"self":[{"href":"https:\/\/palavradeamorpalavra.sallep.net\/index.php?rest_route=\/wp\/v2\/posts\/3472","targetHints":{"allow":["GET"]}}],"collection":[{"href":"https:\/\/palavradeamorpalavra.sallep.net\/index.php?rest_route=\/wp\/v2\/posts"}],"about":[{"href":"https:\/\/palavradeamorpalavra.sallep.net\/index.php?rest_route=\/wp\/v2\/types\/post"}],"author":[{"embeddable":true,"href":"https:\/\/palavradeamorpalavra.sallep.net\/index.php?rest_route=\/wp\/v2\/users\/2"}],"replies":[{"embeddable":true,"href":"https:\/\/palavradeamorpalavra.sallep.net\/index.php?rest_route=%2Fwp%2Fv2%2Fcomments&post=3472"}],"version-history":[{"count":1,"href":"https:\/\/palavradeamorpalavra.sallep.net\/index.php?rest_route=\/wp\/v2\/posts\/3472\/revisions"}],"predecessor-version":[{"id":3474,"href":"https:\/\/palavradeamorpalavra.sallep.net\/index.php?rest_route=\/wp\/v2\/posts\/3472\/revisions\/3474"}],"wp:attachment":[{"href":"https:\/\/palavradeamorpalavra.sallep.net\/index.php?rest_route=%2Fwp%2Fv2%2Fmedia&parent=3472"}],"wp:term":[{"taxonomy":"category","embeddable":true,"href":"https:\/\/palavradeamorpalavra.sallep.net\/index.php?rest_route=%2Fwp%2Fv2%2Fcategories&post=3472"},{"taxonomy":"post_tag","embeddable":true,"href":"https:\/\/palavradeamorpalavra.sallep.net\/index.php?rest_route=%2Fwp%2Fv2%2Ftags&post=3472"}],"curies":[{"name":"wp","href":"https:\/\/api.w.org\/{rel}","templated":true}]}}