{"id":3481,"date":"2018-10-26T21:35:29","date_gmt":"2018-10-26T21:35:29","guid":{"rendered":"http:\/\/palavradeamorpalavra.sallep.net\/?p=3481"},"modified":"2022-11-16T23:42:39","modified_gmt":"2022-11-16T23:42:39","slug":"a-luz-e-dinamica-2","status":"publish","type":"post","link":"https:\/\/palavradeamorpalavra.sallep.net\/?p=3481","title":{"rendered":"A \u00abLUZ\u00bb \u00c9 DIN\u00c2MICA!&#8230;"},"content":{"rendered":"<p><a href=\"http:\/\/palavradeamorpalavra.sallep.net\/wp-content\/uploads\/2018\/10\/53b-A-Luz-\u00e9-din\u00e2mica.jpg\"><img fetchpriority=\"high\" decoding=\"async\" class=\"aligncenter size-full wp-image-3483\" src=\"http:\/\/palavradeamorpalavra.sallep.net\/wp-content\/uploads\/2018\/10\/53b-A-Luz-\u00e9-din\u00e2mica.jpg\" alt=\"53b- A Luz \u00e9 din\u00e2mica\" width=\"222\" height=\"227\" srcset=\"https:\/\/palavradeamorpalavra.sallep.net\/wp-content\/uploads\/2018\/10\/53b-A-Luz-\u00e9-din\u00e2mica.jpg 222w, https:\/\/palavradeamorpalavra.sallep.net\/wp-content\/uploads\/2018\/10\/53b-A-Luz-\u00e9-din\u00e2mica-50x50.jpg 50w, https:\/\/palavradeamorpalavra.sallep.net\/wp-content\/uploads\/2018\/10\/53b-A-Luz-\u00e9-din\u00e2mica-398x406.jpg 398w\" sizes=\"(max-width: 222px) 100vw, 222px\" \/><\/a><\/p>\n<p><em>\u00a0(Ciclo B \u2013 Domingo 30 do T. Comum\u2026)<\/em><strong>\u00a0<\/strong><\/p>\n<p><strong>A \u00abLUZ\u00bb \u00c9 DIN\u00c2MICA!&#8230;<\/strong><\/p>\n<p>Sabem aquela f\u00e1bula \u00abO cego e o paral\u00edtico\u00bb?&#8230; O pior que poderia acontecer a um cego \u00e9 ficar tamb\u00e9m paral\u00edtico!&#8230; Bom, para os que n\u00e3o conhecem \u201co conto\u201d, c\u00e1 fica, em s\u00edntese: <em>Pois aquele jovem \u201cparal\u00edtico\u201d (que n\u00e3o podia mexer bra\u00e7os nem pernas mas que via perfeitamente) ficou muito amigo de um outro jovem \u201ccego\u201d (que mexia perfeitamente bra\u00e7os e pernas ainda que lhe faltasse a vis\u00e3o). O jovem <\/em>cego<em>, que era de natural alegre e risonho, disse um dia ao seu amigo: \u2013 Acho que seria bom casarmos! \u2013 Mas como?, <\/em>perguntou o amigo paral\u00edtico.<em> \u2013 Naturalmente, os dois com a mesma mulher, <\/em>respondeu o primeiro<em>. \u2013 E ent\u00e3o? <\/em>inquiriu o paral\u00edtico<em>. \u2013 Olha, muito f\u00e1cil, <\/em>respondeu o amigo cego:<em> Tu olhas para ela e eu abra\u00e7o-a!<\/em><\/p>\n<p>Bom, para al\u00e9m da \u00ab<em>moral<\/em> \u201cengra\u00e7ada\u201d de <em>colabora\u00e7\u00e3o e partilha\u00bb<\/em>, para o tema da nossa reflex\u00e3o interessa-nos num outro sentido. Na sequ\u00eancia daquela afirma\u00e7\u00e3o inicial de que \u201ca pior coisa que poderia suceder a um cego era ficar tamb\u00e9m paral\u00edtico\u201d, \u00e9 para pensar na situa\u00e7\u00e3o terr\u00edvel que significa ficar sem \u201cmovimento\u201d quem j\u00e1 estava sem \u201cluz\u201d. Seria mesmo aterrador ficar algu\u00e9m <em>paralisado<\/em> e nas <em>trevas<\/em>!<\/p>\n<p>Antes de mais, admitamos igualmente que <em>a treva<\/em> ou escurid\u00e3o (no sentir geral dos especialistas) n\u00e3o tem entidade pr\u00f3pria, porquanto \u00e9 definida apenas como \u00abaus\u00eancia da energia luminosa\u00bb (tal como o frio \u00e9 s\u00f3 \u00abaus\u00eancia de energia calor\u00edfica\u00bb). Segundo isto, a treva ou escurid\u00e3o em que vivem os invisuais ou cegos \u2013 para al\u00e9m da causa concreta da sua cegueira \u2013 \u00e9 devida \u00e0 aus\u00eancia da <em>luz<\/em>. Quando ela reaparece no \u00f3rg\u00e3o visual, este recupera a maravilha da vis\u00e3o, das cores, das formas, dos tamanhos. E assim como <em>a escurid\u00e3o,<\/em> pelo facto de ser \u201caus\u00eancia\u201d, s\u00f3 produzir\u00e1 situa\u00e7\u00f5es <em>im\u00f3veis e est\u00e1ticas<\/em>\u2026 do mesmo modo <em>a luz,<\/em> por ser \u201cenergia radiante\u201d, s\u00f3 pode originar e provocar <em>movimento e dinamismo<\/em>. N\u00e3o em v\u00e3o ficamos admirados ao constatarmos a <em>estonteante velocidade<\/em> dos \u00abfot\u00f5es de luz\u00bb (da ordem dos <em>300.000<\/em> <em>km<\/em> por <em>seg.!!!<\/em>).<\/p>\n<p>Digamos que esta <em>quest\u00e3o<\/em> aparece patente no epis\u00f3dio do cego, no Evangelho de hoje. <em>\u201cQuando Jesus ia a sair de Jeric\u00f3\u2026 estava um cego, chamado Bartimeu, filho de Timeu, a pedir esmola, sentado \u00e0 beira do caminho\u201d<\/em>. Vemos j\u00e1 a primeira atitude de <em>inatividade e imobilismo<\/em> da parte daquele cego (<em>\u201csentado \u00e0 beira do caminho\u201d<\/em>) pr\u00f3pria de quem est\u00e1 envolvido pelas trevas e sumido naquela negra escurid\u00e3o. Mas h\u00e1 um dado curioso. Mesmo antes de recuperar a vis\u00e3o, e s\u00f3 por causa da imensa f\u00e9 que lhe d\u00e1 a certeza da pr\u00f3xima \u201cilumina\u00e7\u00e3o\u201d, \u00e9 capaz de <em>\u201catirar fora a capa, dar um salto e ir ter com Jesus\u201d.<\/em> Maravilhoso o que faz a forte esperan\u00e7a na <em>futura transforma\u00e7\u00e3o!<\/em><\/p>\n<p>Mas o facto de <em>\u201catirar fora a capa\u201d<\/em> quer igualmente significar a firme vontade <em>de deitar fora as trevas<\/em> que o envolvem e <em>rasgar a escurid\u00e3o<\/em> que o cerca\u2026 Mas foi sobretudo <em>\u201cquando Jesus lhe disse: \u00abVai: a tua f\u00e9 te salvou\u00bb, que, ao recuperar a vista\u201d, <\/em>recuperou tamb\u00e9m o movimento, e de tal maneira que j\u00e1 foi capaz de<em> \u201cseguir Jesus pelo caminho\u201d. (Mc 10 \/ 3\u00aa L.). <\/em>\u00c9 que \u00abA LUZ \u2013 toda a luz, e mais ainda <em>a Luz de Jesus<\/em> \u2013 \u00c9 MESMO DIN\u00c2MICA\u00bb, ao inv\u00e9s da <em>treva<\/em>, que \u00e9 <em>est\u00e1tica<\/em>, im\u00f3vel, est\u00e9ril. E embora n\u00e3o seja f\u00e1cil seguir Jesus \u2013 \u201cpelo Seu Caminho\u201d! \u2013 aquele homem, a partir de ent\u00e3o, decidiu apostar no movimento (din\u00e2mico!) do <em>Caminho de Jesus<\/em>.<\/p>\n<p>Ora bom, os que temos a gra\u00e7a de \u201cver e viver com a Luz de Cristo Jesus\u201d, embora <em>ainda com \u201czonas de trevas\u201d<\/em> na nossa vida, devemos aprender a <em>compaix\u00e3o<\/em>: <em>ajudar<\/em> e <em>acompanhar<\/em> aqueles irm\u00e3os nossos que ainda vivem cercados pela <em>escurid\u00e3o do pecado<\/em> ou pelas <em>trevas do mal<\/em>, tal como faziam os \u00absumos sacerdotes (que a <em>carta aos Hebreus<\/em> comparam com o <em>Messias<\/em>)<em> \u201cpois eles podiam ser compreensivos para com os ignorantes e os transviados, j\u00e1 que tamb\u00e9m eles estavam revestidos de fraqueza\u2026\u201d(Hb 5 \/ 2\u00aa L.).<\/em> Ser\u00e1 que n\u00f3s vamos ser menos, neste \u00abcompromisso din\u00e2mico\u00bb de <em>seguidores<\/em> desse Jesus, que \u00e9 <em>\u00aba Luz do mundo\u00bb<\/em>?!<\/p>\n<p>&nbsp;<\/p>\n<p>Hoje escutamos a Tua voz, Senhor <em>(Jr 31 \/ 1\u00aa L.)<\/em>:<\/p>\n<p><em>\u00abSoltai brados de alegria\u2026 <\/em><\/p>\n<p><em>e fazei ouvir os vossos louvores: <\/em><\/p>\n<p><em>\u201cO Senhor salvou o Seu povo, o resto de Israel\u201d\u00bb<\/em>\u2026<\/p>\n<p>Sim, \u00f3 Pai, porque \u00e9 bem verdade<\/p>\n<p>que Tu fizeste maravilhas em favor do Teu povo\u2026<\/p>\n<p>quando nos fizeste regressar do <em>reino das trevas<\/em>,<\/p>\n<p>onde a \u201ccegueira\u201d do mal nos tinha desterrado,<\/p>\n<p>para nos trazer ao <em>Reino da Tua Luz<\/em>,<\/p>\n<p>pelo <em>Caminho Luminoso e din\u00e2mico<\/em><\/p>\n<p>do Teu Amado Filho, Jesus Salvador.<\/p>\n<p>\u00c9 verdade, Senhor e Pai nosso:<\/p>\n<p><em>Parecia-nos viver um sonho <\/em><\/p>\n<p>\u2013 ou um despertar da \u201cescurid\u00e3o para a luz\u201d \u2013<\/p>\n<p><em>pois t\u00ednhamos ido entre l\u00e1grimas de afli\u00e7\u00e3o, <\/em><\/p>\n<p><em>levando as sementes dos nossos suores\u2026 <\/em><\/p>\n<p><em>e agora regressamos pelo \u201ccaminho da Luz\u201d,<\/em><\/p>\n<p><em>com can\u00e7\u00f5es de alegria e entusiasmo, <\/em><\/p>\n<p><em>trazendo os frutos e os molhos de espigas<\/em>\u2026<\/p>\n<p>Para Ti: a nossa Alegria e a Luz dos nossos olhos!<\/p>\n<p><em>[ do Salmo Responsorial \/ 125 (126) ]<\/em><\/p>\n","protected":false},"excerpt":{"rendered":"<p>\u00a0(Ciclo B \u2013 Domingo 30 do T. Comum\u2026)\u00a0 A \u00abLUZ\u00bb \u00c9 DIN\u00c2MICA!&#8230; Sabem aquela f\u00e1bula \u00abO cego e o paral\u00edtico\u00bb?&#8230; O pior que poderia acontecer a um cego \u00e9 ficar tamb\u00e9m paral\u00edtico!&#8230; Bom, para os que n\u00e3o conhecem \u201co conto\u201d, c\u00e1 fica, em s\u00edntese: Pois aquele jovem \u201cparal\u00edtico\u201d (que n\u00e3o podia mexer bra\u00e7os nem pernas [&hellip;]<\/p>\n","protected":false},"author":2,"featured_media":0,"comment_status":"open","ping_status":"open","sticky":false,"template":"","format":"standard","meta":{"footnotes":""},"categories":[6],"tags":[],"class_list":["post-3481","post","type-post","status-publish","format-standard","hentry","category-refletida","has-post-title","has-post-date","has-post-category","has-post-tag","has-post-comment","has-post-author",""],"builder_content":"","_links":{"self":[{"href":"https:\/\/palavradeamorpalavra.sallep.net\/index.php?rest_route=\/wp\/v2\/posts\/3481","targetHints":{"allow":["GET"]}}],"collection":[{"href":"https:\/\/palavradeamorpalavra.sallep.net\/index.php?rest_route=\/wp\/v2\/posts"}],"about":[{"href":"https:\/\/palavradeamorpalavra.sallep.net\/index.php?rest_route=\/wp\/v2\/types\/post"}],"author":[{"embeddable":true,"href":"https:\/\/palavradeamorpalavra.sallep.net\/index.php?rest_route=\/wp\/v2\/users\/2"}],"replies":[{"embeddable":true,"href":"https:\/\/palavradeamorpalavra.sallep.net\/index.php?rest_route=%2Fwp%2Fv2%2Fcomments&post=3481"}],"version-history":[{"count":1,"href":"https:\/\/palavradeamorpalavra.sallep.net\/index.php?rest_route=\/wp\/v2\/posts\/3481\/revisions"}],"predecessor-version":[{"id":3484,"href":"https:\/\/palavradeamorpalavra.sallep.net\/index.php?rest_route=\/wp\/v2\/posts\/3481\/revisions\/3484"}],"wp:attachment":[{"href":"https:\/\/palavradeamorpalavra.sallep.net\/index.php?rest_route=%2Fwp%2Fv2%2Fmedia&parent=3481"}],"wp:term":[{"taxonomy":"category","embeddable":true,"href":"https:\/\/palavradeamorpalavra.sallep.net\/index.php?rest_route=%2Fwp%2Fv2%2Fcategories&post=3481"},{"taxonomy":"post_tag","embeddable":true,"href":"https:\/\/palavradeamorpalavra.sallep.net\/index.php?rest_route=%2Fwp%2Fv2%2Ftags&post=3481"}],"curies":[{"name":"wp","href":"https:\/\/api.w.org\/{rel}","templated":true}]}}