{"id":3486,"date":"2018-10-26T21:40:25","date_gmt":"2018-10-26T21:40:25","guid":{"rendered":"http:\/\/palavradeamorpalavra.sallep.net\/?p=3486"},"modified":"2022-11-16T21:50:49","modified_gmt":"2022-11-16T21:50:49","slug":"e-uma-grande-multidao-que-regressa","status":"publish","type":"post","link":"https:\/\/palavradeamorpalavra.sallep.net\/?p=3486","title":{"rendered":"\u00ab\u00c9 uma grande multid\u00e3o que regressa&#8230;"},"content":{"rendered":"<p><a href=\"http:\/\/palavradeamorpalavra.sallep.net\/wp-content\/uploads\/2018\/10\/53bb-\u00ab\u00c9-uma-grande-multid\u00e3o-que-regressa....jpg\"><img fetchpriority=\"high\" decoding=\"async\" class=\"aligncenter size-full wp-image-3487\" src=\"http:\/\/palavradeamorpalavra.sallep.net\/wp-content\/uploads\/2018\/10\/53bb-\u00ab\u00c9-uma-grande-multid\u00e3o-que-regressa....jpg\" alt=\"53bb- \u00ab\u00c9 uma grande multid\u00e3o que regressa...\" width=\"4000\" height=\"3000\" srcset=\"https:\/\/palavradeamorpalavra.sallep.net\/wp-content\/uploads\/2018\/10\/53bb-\u00ab\u00c9-uma-grande-multid\u00e3o-que-regressa....jpg 4000w, https:\/\/palavradeamorpalavra.sallep.net\/wp-content\/uploads\/2018\/10\/53bb-\u00ab\u00c9-uma-grande-multid\u00e3o-que-regressa...-300x225.jpg 300w, https:\/\/palavradeamorpalavra.sallep.net\/wp-content\/uploads\/2018\/10\/53bb-\u00ab\u00c9-uma-grande-multid\u00e3o-que-regressa...-768x576.jpg 768w, https:\/\/palavradeamorpalavra.sallep.net\/wp-content\/uploads\/2018\/10\/53bb-\u00ab\u00c9-uma-grande-multid\u00e3o-que-regressa...-1024x768.jpg 1024w, https:\/\/palavradeamorpalavra.sallep.net\/wp-content\/uploads\/2018\/10\/53bb-\u00ab\u00c9-uma-grande-multid\u00e3o-que-regressa...-1024x768-398x298.jpg 398w\" sizes=\"(max-width: 4000px) 100vw, 4000px\" \/><\/a><\/p>\n<p><strong>&#8211;\u00a0<em>A<\/em>\u00a0<em>PALAVRA, Refletida<\/em>\u00a0ao ritmo Lit\u00fargico &#8211;<\/strong><\/p>\n<p><em>(Ciclo B \u2013 Domingo 30 do T. Comum)<\/em><\/p>\n<p>&nbsp;<\/p>\n<p><strong><em>\u201cO Senhor salvou o seu povo, o resto de Israel. \u2018Vou traz\u00ea-los das terras do Norte e reuni-los dos confins do mundo. Entre eles v\u00eam o cego e o coxo, a mulher que vai ser m\u00e3e e a que j\u00e1 deu \u00e0 luz. <u>\u00c9 uma grande multid\u00e3o que regressa<\/u>. Eles partiram com l\u00e1grimas nos olhos, mas Eu vou traz\u00ea-los no meio de consola\u00e7\u00f5es. Lev\u00e1-los-ei \u00e0s \u00e1guas correntes\u2026 Porque Eu sou um Pai para Israel\u2019\u2026\u201d. (Jr 31,<\/em><\/strong><strong><em>7-9 <\/em><\/strong><strong><em>\/ 1\u00aa L.).<\/em><\/strong><\/p>\n<p>&nbsp;<\/p>\n<p>Para centrar hist\u00f3rica e profeticamente o <em>Livro de Jeremias<\/em>, devemos ter em aten\u00e7\u00e3o, antes de mais, que a sua atividade prof\u00e9tica tem lugar \u00abna \u00e9poca mais <em>conturbada<\/em> do povo de Israel: a etapa anterior ao fim do reino de Jud\u00e1 e a destrui\u00e7\u00e3o de Jerusal\u00e9m (587\/586) pelo imp\u00e9rio da Babil\u00f3nia\u00bb (na opini\u00e3o dos biblistas\/historiadores e te\u00f3logos). Ou seja, entre os s\u00e9culos <em>VII<\/em> (ataques do imp\u00e9rio Eg\u00edpcio) e <em>VI<\/em> (supremacia do imp\u00e9rio <em>Babil\u00f3nico<\/em>)\u2026 Quanto ao nosso <em>texto<\/em>, ele pertence \u00e0 <em>profecia<\/em> relativa \u00e0 futura<em> \u00abnova alian\u00e7a ap\u00f3s a restaura\u00e7\u00e3o\u00bb<\/em>.<\/p>\n<p>&nbsp;<\/p>\n<p>A \u2013 Jeremias \u2013 em \u2018vis\u00e3o\u2019 prof\u00e9tica \u2013 parece estar a contemplar uma multid\u00e3o de pessoas, de todas as idades, ra\u00e7as e feitios\u2026 a se deslocarem para a futura <em>Jerusal\u00e9m&#8230; celeste (?)<\/em>.<\/p>\n<p>B \u2013 E h\u00e1 que reparar no facto de isto \u2018acontecer\u2019 precisamente enquanto <em>a sociedade<\/em>, na sua totalidade, e n\u00e3o s\u00f3 a <em>de Israel<\/em>, est\u00e1 sumida na inseguran\u00e7a, no medo, no desespero\u2026<\/p>\n<p>A \u2013 Perante uma tal situa\u00e7\u00e3o, no limite da afli\u00e7\u00e3o, a rea\u00e7\u00e3o normal pode ser, ou deixar-se vencer pela desespera\u00e7\u00e3o\u2026 ou, ent\u00e3o, procurar \u2018alian\u00e7as\u2019, at\u00e9 com os pr\u00f3prios inimigos (!).<\/p>\n<p>B \u2013 Mas \u00e9 nestes casos de \u2018situa\u00e7\u00f5es-limite\u2019, quando a Provid\u00eancia de Deus atua, mediante os seus enviados \u2013 profetas, ap\u00f3stolos, mission\u00e1rios \u2013 para refor\u00e7ar <em>a f\u00e9<\/em> e <em>a esperan\u00e7a<\/em>!<\/p>\n<p>A \u2013 Por\u00e9m, a Palavra de Deus \u2013 atrav\u00e9s deles \u2013 n\u00e3o se contenta com alentar e fortalecer o \u201cseu povo\u201d. Mas abre <em>a promessa<\/em> da Sua <em>Nova Alian\u00e7a<\/em> a <em>todos<\/em> os povos, na\u00e7\u00f5es e ra\u00e7as.<\/p>\n<p>E <em>\u201centre eles, vir\u00e1 o cego e o coxo, a mulher gr\u00e1vida e a que amamenta\u2026\u201d<\/em>.<\/p>\n<p>B \u2013 Ou seja, que, al\u00e9m de caber \u2013 na <em>Promessa<\/em> de Deus \u2013 todas as etnias, origens e cores, s\u00e3o preferidos, de prop\u00f3sito, os <em>\u201cmais fracos\u201d<\/em> e\/ou <em>\u201cdeficientes\u201d<\/em>. Isto seria impens\u00e1vel em qualquer outra cultura ou religi\u00e3o ou<em> divindade<\/em> que n\u00e3o fosse Jav\u00e9-Deus, <em>\u201co Pai para Israel\u201d!<\/em><\/p>\n<p>A \u2013 Parece como que, nos planos de Deus, fosse necess\u00e1rio <em>\u201cpartir com l\u00e1grimas nos olhos\u201d<\/em> para, na hora da Verdade, Ele <em>\u201ctraz\u00ea-los no meio de consola\u00e7\u00f5es\u201d.<\/em> Ou como diz <em>o salmo<\/em>: <em>\u201c\u00c0 ida, v\u00e3o a chorar\u2026 mas, no regresso, cantam de alegria\u2026\u201d. <\/em>(Sl 125,6).<\/p>\n<p>B \u2013 Mais uma vez, a mesma constata\u00e7\u00e3o: A <em>cruz <\/em>\u00e9 imprescind\u00edvel! E s\u00f3 ser\u00e1 poss\u00edvel aceit\u00e1-la e assumi-la, na nossa vida, de duas formas: Ou seguindo o exemplo de Jesus que vai \u00e0 nossa frente, carregando a Sua; ou\/e olhando para <em>esse horizonte<\/em> de eterna Felicidade.<\/p>\n<p><u>\u00a0<\/u><\/p>\n<p style=\"text-align: right;\"><u>A\/B<\/u>: <strong>A Ti,<\/strong> <strong>Senhor, que j\u00e1 naqueles \u2018tempos antigos\u2019 \u2013 <em>incipientes e incertos<\/em> \u2013<\/strong><\/p>\n<p style=\"text-align: right;\"><strong>mas em que \u2018aquele povo\u2019 j\u00e1 ousava adivinhar que eras <em>\u201cum Pai para ele\u201d<\/em>,<\/strong><\/p>\n<p style=\"text-align: right;\"><strong>a Ti louvamos e glorificamos\u2026 Mas com imensa gratid\u00e3o, damos-Te gra\u00e7as<\/strong><\/p>\n<p style=\"text-align: right;\"><strong>porque foi o Teu Filho Jesus quem nos revelou que \u00e9s, de verdade, <em>nosso Pai!<\/em><\/strong><\/p>\n<p style=\"text-align: right;\"><strong>Ent\u00e3o, <em>Abb\u00e1<\/em>, Pai, quando sintamos o peso da<em> cruz,<\/em> em <em>\u2018tempos conturbados\u2019<\/em>:<\/strong><\/p>\n<p style=\"text-align: right;\"><strong>que, nem procuremos \u201cfalsas alian\u00e7as\u201d nem deixemos que ven\u00e7a o \u2018desespero\u2019;<\/strong><\/p>\n<p style=\"text-align: right;\"><strong>mas que, s\u00f3 e unicamente, confiemos em Ti e na for\u00e7a da Tua <em>Nova Alian\u00e7a!\u00a0<\/em><\/strong><\/p>\n<p><strong>\u00a0 \u00a0<\/strong><\/p>\n<p>\/\/ <em>PARA uma outra REFLEX\u00c3O ALARGADA:<\/em> <u><a href=\"http:\/\/palavradeamorpalavra.sallep.net\">http:\/\/palavradeamorpalavra.sallep.net<\/a><\/u><\/p>\n","protected":false},"excerpt":{"rendered":"<p>&#8211;\u00a0A\u00a0PALAVRA, Refletida\u00a0ao ritmo Lit\u00fargico &#8211; (Ciclo B \u2013 Domingo 30 do T. Comum) &nbsp; \u201cO Senhor salvou o seu povo, o resto de Israel. \u2018Vou traz\u00ea-los das terras do Norte e reuni-los dos confins do mundo. Entre eles v\u00eam o cego e o coxo, a mulher que vai ser m\u00e3e e a que j\u00e1 deu [&hellip;]<\/p>\n","protected":false},"author":2,"featured_media":0,"comment_status":"open","ping_status":"open","sticky":false,"template":"","format":"standard","meta":{"footnotes":""},"categories":[6],"tags":[],"class_list":["post-3486","post","type-post","status-publish","format-standard","hentry","category-refletida","has-post-title","has-post-date","has-post-category","has-post-tag","has-post-comment","has-post-author",""],"builder_content":"","_links":{"self":[{"href":"https:\/\/palavradeamorpalavra.sallep.net\/index.php?rest_route=\/wp\/v2\/posts\/3486","targetHints":{"allow":["GET"]}}],"collection":[{"href":"https:\/\/palavradeamorpalavra.sallep.net\/index.php?rest_route=\/wp\/v2\/posts"}],"about":[{"href":"https:\/\/palavradeamorpalavra.sallep.net\/index.php?rest_route=\/wp\/v2\/types\/post"}],"author":[{"embeddable":true,"href":"https:\/\/palavradeamorpalavra.sallep.net\/index.php?rest_route=\/wp\/v2\/users\/2"}],"replies":[{"embeddable":true,"href":"https:\/\/palavradeamorpalavra.sallep.net\/index.php?rest_route=%2Fwp%2Fv2%2Fcomments&post=3486"}],"version-history":[{"count":1,"href":"https:\/\/palavradeamorpalavra.sallep.net\/index.php?rest_route=\/wp\/v2\/posts\/3486\/revisions"}],"predecessor-version":[{"id":3488,"href":"https:\/\/palavradeamorpalavra.sallep.net\/index.php?rest_route=\/wp\/v2\/posts\/3486\/revisions\/3488"}],"wp:attachment":[{"href":"https:\/\/palavradeamorpalavra.sallep.net\/index.php?rest_route=%2Fwp%2Fv2%2Fmedia&parent=3486"}],"wp:term":[{"taxonomy":"category","embeddable":true,"href":"https:\/\/palavradeamorpalavra.sallep.net\/index.php?rest_route=%2Fwp%2Fv2%2Fcategories&post=3486"},{"taxonomy":"post_tag","embeddable":true,"href":"https:\/\/palavradeamorpalavra.sallep.net\/index.php?rest_route=%2Fwp%2Fv2%2Ftags&post=3486"}],"curies":[{"name":"wp","href":"https:\/\/api.w.org\/{rel}","templated":true}]}}