{"id":3494,"date":"2018-11-02T22:55:46","date_gmt":"2018-11-02T22:55:46","guid":{"rendered":"http:\/\/palavradeamorpalavra.sallep.net\/?p=3494"},"modified":"2022-11-17T07:29:19","modified_gmt":"2022-11-17T07:29:19","slug":"amaras-a-deus-e-ao-proximo","status":"publish","type":"post","link":"https:\/\/palavradeamorpalavra.sallep.net\/?p=3494","title":{"rendered":"\u00abAmar\u00e1s&#8230; a Deus&#8230; e ao pr\u00f3ximo&#8230;\u00bb"},"content":{"rendered":"<p><a href=\"http:\/\/palavradeamorpalavra.sallep.net\/wp-content\/uploads\/2018\/11\/54bb-\u00abAmar\u00e1s...-a-Deus...-e-ao-pr\u00f3ximo....jpg\"><img fetchpriority=\"high\" decoding=\"async\" class=\"aligncenter size-full wp-image-3495\" src=\"http:\/\/palavradeamorpalavra.sallep.net\/wp-content\/uploads\/2018\/11\/54bb-\u00abAmar\u00e1s...-a-Deus...-e-ao-pr\u00f3ximo....jpg\" alt=\"54bb- \u00abAmar\u00e1s... a Deus... e ao pr\u00f3ximo...\" width=\"427\" height=\"320\" srcset=\"https:\/\/palavradeamorpalavra.sallep.net\/wp-content\/uploads\/2018\/11\/54bb-\u00abAmar\u00e1s...-a-Deus...-e-ao-pr\u00f3ximo....jpg 427w, https:\/\/palavradeamorpalavra.sallep.net\/wp-content\/uploads\/2018\/11\/54bb-\u00abAmar\u00e1s...-a-Deus...-e-ao-pr\u00f3ximo...-300x225.jpg 300w, https:\/\/palavradeamorpalavra.sallep.net\/wp-content\/uploads\/2018\/11\/54bb-\u00abAmar\u00e1s...-a-Deus...-e-ao-pr\u00f3ximo...-398x298.jpg 398w\" sizes=\"(max-width: 427px) 100vw, 427px\" \/><\/a><\/p>\n<p>&nbsp;<\/p>\n<p><strong>&#8211;\u00a0<em>A<\/em>\u00a0<em>PALAVRA, Refletida<\/em>\u00a0ao ritmo Lit\u00fargico &#8211;<\/strong><\/p>\n<p><em>(Ciclo B \u2013 Domingo 31 do T. Comum)<\/em><\/p>\n<p>&nbsp;<\/p>\n<p><strong><em>\u201c\u2026Jesus respondeu (ao escriba): \u00abO primeiro \u00e9 este: \u2018Escuta, Israel: O Senhor nosso Deus \u00e9 o \u00fanico Senhor. <u>Amar\u00e1s o Senhor, teu Deus<\/u>, com todo o teu cora\u00e7\u00e3o, com toda a tua alma, com todo o teu entendimento e com todas as tuas for\u00e7as\u2019. O segundo \u00e9 este: \u2018<u>Amar\u00e1s o teu pr\u00f3ximo<\/u> como a ti mesmo\u2019\u2026\u00bb\u201d. (Mc 12,<\/em><\/strong><strong><em>29-31 <\/em><\/strong><strong><em>\/ 3\u00aaL).<\/em><\/strong><\/p>\n<p>&nbsp;<\/p>\n<p>Ao refletirmos na <em>Palavra de Deus<\/em> [\u00abPalavra de Amor, Palavra\u00bb] \u2013 ou orarmos com ela \u2013 resulta sempre interessante constatar <em>como se \u2018conjugam\u2019 os dois Testamentos<\/em> (AT e NT). No nosso <em>texto<\/em> de hoje, vemos isso com uma clareza <em>fundamental<\/em>, al\u00e9m de <em>agrad\u00e1vel e aliciante<\/em>\u2026 V\u00ea-se logo, que Jesus aproveita \u2013 em profundidade! \u2013 a ocasi\u00e3o que lhe brinda o di\u00e1logo com aquele <em>escriba \u201cinteligente\u201d<\/em> e s\u00e1bio&#8230; \u00abShem\u00e1 Yisrael\u00bb \u00e9 o \u00abgrito\u00bb (Ora\u00e7\u00e3o) repetido \u2018infinitamente\u2019 pelo <em>povo judeu<\/em>, j\u00e1 desde o AT at\u00e9 \u00e0 atualidade (votos de louvor \u2013 neste sentido \u2013 a este admir\u00e1vel <em>povo!<\/em>). Observemos, de passagem, que os dois livros do AT que s\u00e3o citados (<em>Deuteron\u00f3mio<\/em> e <em>Lev\u00edtico<\/em>) pertencem precisamente ao <em>\u2018Pentateuco\u2019<\/em>, isto \u00e9, \u00e0 parte mais antiga e importante do AT.<\/p>\n<p>&nbsp;<\/p>\n<p>A \u2013 \u00c9 verdade. Todo o israelita <em>piedoso<\/em> repete, v\u00e1rias vezes ao dia, a express\u00e3o-ora\u00e7\u00e3o: <em>\u00abEscuta, Israel <\/em>[\u2018chem\u00e1 yisrael\u2019]<em>: O Senhor nosso Deus \u00e9 o \u00fanico Senhor. Amar\u00e1s o Senhor, teu Deus, com todo o teu cora\u00e7\u00e3o, com toda a tua alma\u2026 e com todas as tuas for\u00e7as\u2019\u00bb<\/em>.<\/p>\n<p>B \u2013 O primeiro que nos ocorre \u00e9 <em>reconhecer<\/em> e <em>louvar<\/em> o nosso Deus (sob a denomina\u00e7\u00e3o de \u2018Jav\u00e9\u2019 no AT) pelo facto de ter \u2018inspirado\u2019 esta <em>Palavra<\/em>, que ficou no <em>Deuteron\u00f3mio<\/em> (Dt 6,4-5).<\/p>\n<p>A \u2013 Ou seja, a resposta de Jesus ao escriba \u00e9 <em>a cita\u00e7\u00e3o<\/em>, \u00e0 letra, deste texto do AT, o que \u00e9 um modo perfeito de reconhecer a <em>inspira\u00e7\u00e3o divina<\/em> e a <em>autoridade<\/em> das <em>Sagradas Escrituras<\/em>.<\/p>\n<p>B \u2013 A quest\u00e3o \u00e9 que Jesus n\u00e3o se contenta com <em>esse texto<\/em> (que <em>ficaria incompleto<\/em>). E o que Ele faz \u00e9 \u2018rematar\u2019 com um outro texto \u2013 pelos vistos bastante esquecido (!?) \u2013 tamb\u00e9m do AT, no <em>livro<\/em> do <em>Lev\u00edtico<\/em>: <em>\u00abAmar\u00e1s o teu pr\u00f3ximo como a ti mesmo\u00bb<\/em> (Lv 19,18).<\/p>\n<p>A \u2013 Quer dizer, da nossa parte n\u00e3o seriam precisos mais coment\u00e1rios. A n\u00e3o ser as pr\u00f3prias palavras do escriba, ao ficar gratamente assombrado e satisfeito com a resposta de Jesus.<\/p>\n<p>B \u2013 Exatamente. Pois aquele <em>\u2018escriba s\u00e1bio\u2019<\/em> acrescentou, dir\u00edamos <em>por sua conta e risco<\/em>: <em>\u201c\u00abMuito bem, Mestre! Tens raz\u00e3o quando dizes \u2026<\/em> (\u201cisso\u201d) <em>vale mais do que todos os holocaustos e sacrif\u00edcios\u00bb\u201d.<\/em> Claro que Jesus, por sua vez, tamb\u00e9m ficou \u201cadmirado\u201d!<\/p>\n<p>A \u2013 Ent\u00e3o, ficaremos com este <em>louvor<\/em> de Jesus ao escriba (que \u00e9 ao mesmo tempo uma <em>constata\u00e7\u00e3o<\/em>) por aquela resposta \u201cinteligente\u201d: <em>\u00abTu n\u00e3o est\u00e1s longe do Reino de Deus\u00bb.<\/em><\/p>\n<p><u>\u00a0<\/u><\/p>\n<p style=\"text-align: right;\"><u>A\/B<\/u>: <strong>Deus e Senhor nosso \u2013 \u00abJav\u00e9\u00bb, para os nossos antepassados na f\u00e9 \u2013<\/strong><\/p>\n<p style=\"text-align: right;\"><strong>perdoa-nos que sejamos t\u00e3o incapazes de <em>entender<\/em>, ou pelo menos de <em>aceitar<\/em>,<\/strong><\/p>\n<p style=\"text-align: right;\"><strong>a <em>linguagem<\/em> fundamental do <em>Amor<\/em> que Tu nos <em>queres revelar<\/em> desde antigo!&#8230;<\/strong><\/p>\n<p style=\"text-align: right;\"><strong>E sentimos vergonha pelo facto de termos que amar \u201cpor mandato\u201d<em> (\u201cAmar\u00e1s\u201d)<\/em>,<\/strong><\/p>\n<p style=\"text-align: right;\"><strong>como se fosse \u201cobrigat\u00f3rio amar\u201d, e n\u00e3o nascesse\u00a0<\/strong><strong>essa <em>necessidade de Amor<\/em><\/strong><\/p>\n<p style=\"text-align: right;\"><strong>na mesma ess\u00eancia de n\u00f3s, mais ainda do que o \u2018instinto de respirar\u2019\u2026<\/strong><\/p>\n<p style=\"text-align: right;\"><strong>Queremos, isso sim, Senhor, prometer que, desde agora e para sempre,<\/strong><\/p>\n<p style=\"text-align: right;\"><strong>tentaremos <em>unir, vitalmente,<\/em> o Amor <em>do pr\u00f3ximo<\/em> e <em>o Teu<\/em> Amor!<\/strong><\/p>\n<p><strong>\u00a0\u00a0\u00a0\u00a0<\/strong><\/p>\n<p>\/\/ <em>PARA uma outra REFLEX\u00c3O ALARGADA:<\/em> <u><a href=\"http:\/\/palavradeamorpalavra.sallep.net\">http:\/\/palavradeamorpalavra.sallep.net<\/a><\/u><\/p>\n","protected":false},"excerpt":{"rendered":"<p>&nbsp; &#8211;\u00a0A\u00a0PALAVRA, Refletida\u00a0ao ritmo Lit\u00fargico &#8211; (Ciclo B \u2013 Domingo 31 do T. Comum) &nbsp; \u201c\u2026Jesus respondeu (ao escriba): \u00abO primeiro \u00e9 este: \u2018Escuta, Israel: O Senhor nosso Deus \u00e9 o \u00fanico Senhor. Amar\u00e1s o Senhor, teu Deus, com todo o teu cora\u00e7\u00e3o, com toda a tua alma, com todo o teu entendimento e com [&hellip;]<\/p>\n","protected":false},"author":2,"featured_media":0,"comment_status":"open","ping_status":"open","sticky":false,"template":"","format":"standard","meta":{"footnotes":""},"categories":[6],"tags":[],"class_list":["post-3494","post","type-post","status-publish","format-standard","hentry","category-refletida","has-post-title","has-post-date","has-post-category","has-post-tag","has-post-comment","has-post-author",""],"builder_content":"","_links":{"self":[{"href":"https:\/\/palavradeamorpalavra.sallep.net\/index.php?rest_route=\/wp\/v2\/posts\/3494","targetHints":{"allow":["GET"]}}],"collection":[{"href":"https:\/\/palavradeamorpalavra.sallep.net\/index.php?rest_route=\/wp\/v2\/posts"}],"about":[{"href":"https:\/\/palavradeamorpalavra.sallep.net\/index.php?rest_route=\/wp\/v2\/types\/post"}],"author":[{"embeddable":true,"href":"https:\/\/palavradeamorpalavra.sallep.net\/index.php?rest_route=\/wp\/v2\/users\/2"}],"replies":[{"embeddable":true,"href":"https:\/\/palavradeamorpalavra.sallep.net\/index.php?rest_route=%2Fwp%2Fv2%2Fcomments&post=3494"}],"version-history":[{"count":4,"href":"https:\/\/palavradeamorpalavra.sallep.net\/index.php?rest_route=\/wp\/v2\/posts\/3494\/revisions"}],"predecessor-version":[{"id":3499,"href":"https:\/\/palavradeamorpalavra.sallep.net\/index.php?rest_route=\/wp\/v2\/posts\/3494\/revisions\/3499"}],"wp:attachment":[{"href":"https:\/\/palavradeamorpalavra.sallep.net\/index.php?rest_route=%2Fwp%2Fv2%2Fmedia&parent=3494"}],"wp:term":[{"taxonomy":"category","embeddable":true,"href":"https:\/\/palavradeamorpalavra.sallep.net\/index.php?rest_route=%2Fwp%2Fv2%2Fcategories&post=3494"},{"taxonomy":"post_tag","embeddable":true,"href":"https:\/\/palavradeamorpalavra.sallep.net\/index.php?rest_route=%2Fwp%2Fv2%2Ftags&post=3494"}],"curies":[{"name":"wp","href":"https:\/\/api.w.org\/{rel}","templated":true}]}}