{"id":3503,"date":"2018-11-09T22:10:42","date_gmt":"2018-11-09T22:10:42","guid":{"rendered":"http:\/\/palavradeamorpalavra.sallep.net\/?p=3503"},"modified":"2022-11-17T09:44:39","modified_gmt":"2022-11-17T09:44:39","slug":"nao-se-esgotara-a-panela-da-farinha","status":"publish","type":"post","link":"https:\/\/palavradeamorpalavra.sallep.net\/?p=3503","title":{"rendered":"\u00abN\u00e3o se esgotar\u00e1 a panela da farinha&#8230;"},"content":{"rendered":"<p><a href=\"http:\/\/palavradeamorpalavra.sallep.net\/wp-content\/uploads\/2018\/11\/55bb-\u00abN\u00e3o-se-esgotar\u00e1-a-panela-da-farinha....jpg\"><img fetchpriority=\"high\" decoding=\"async\" class=\"aligncenter size-full wp-image-3504\" src=\"http:\/\/palavradeamorpalavra.sallep.net\/wp-content\/uploads\/2018\/11\/55bb-\u00abN\u00e3o-se-esgotar\u00e1-a-panela-da-farinha....jpg\" alt=\"55bb- \u00abN\u00e3o se esgotar\u00e1 a panela da farinha...\" width=\"424\" height=\"398\" srcset=\"https:\/\/palavradeamorpalavra.sallep.net\/wp-content\/uploads\/2018\/11\/55bb-\u00abN\u00e3o-se-esgotar\u00e1-a-panela-da-farinha....jpg 424w, https:\/\/palavradeamorpalavra.sallep.net\/wp-content\/uploads\/2018\/11\/55bb-\u00abN\u00e3o-se-esgotar\u00e1-a-panela-da-farinha...-300x282.jpg 300w, https:\/\/palavradeamorpalavra.sallep.net\/wp-content\/uploads\/2018\/11\/55bb-\u00abN\u00e3o-se-esgotar\u00e1-a-panela-da-farinha...-398x373.jpg 398w\" sizes=\"(max-width: 424px) 100vw, 424px\" \/><\/a><\/p>\n<p><strong>&#8211;\u00a0<em>A<\/em>\u00a0<em>PALAVRA, Refletida<\/em>\u00a0ao ritmo Lit\u00fargico &#8211;<\/strong><\/p>\n<p><em>(Ciclo B \u2013 Domingo 31 do T. Comum)<\/em><\/p>\n<p>&nbsp;<\/p>\n<p><strong><em>\u201c\u00ab\u2026Vim apanhar dois cavacos de lenha, a fim de preparar esse resto para mim e meu filho. Depois comeremos e esperaremos a morte\u00bb.<\/em><\/strong> <strong><em>Elias disse-lhe: \u00abN\u00e3o temas; volta e faz como disseste. Mas primeiro coze um p\u00e3ozinho e traz-mo aqui. Depois preparar\u00e1s o resto para ti e teu filho. Porque assim fala o Senhor, Deus de Israel: \u2018<u>N\u00e3o se esgotar\u00e1 a panela da farinha<\/u>, nem se esvaziar\u00e1 a almotolia do azeite\u2026\u00bb\u201d. (1 Rs 17,<\/em><\/strong><strong><em>12-14 <\/em><\/strong><strong><em>\/ 1\u00aaL).<\/em><\/strong><\/p>\n<p>&nbsp;<\/p>\n<p>Pod\u00edamos dizer que o assunto dos <em>\u201c\u00f3rf\u00e3os e as vi\u00favas\u201d<\/em> \u00e9 tema <em>\u201crecorrente\u201d<\/em> na Sagrada Escritura, j\u00e1 desde os tempos mais remotos\u2026 Vemos que sempre aparece clara essa \u201cpreocupa\u00e7\u00e3o\u201d de Deus por todos aqueles <em>\u2018seres\u2019<\/em> \u2013 principalmente os <em>humanos!<\/em> \u2013 mais fr\u00e1geis, pobres e desamparados\u2026 H\u00e1 quem fale de <em>obsess\u00e3o<\/em> divina \u2013 no melhor sentido do termo \u2013. Tamb\u00e9m \u00e9 constat\u00e1vel que, na pr\u00f3pria <em>natureza humana<\/em>, est\u00e1 como que <em>inserido<\/em> um <em>\u2018germe\u2019<\/em> de <em>\u2018compaix\u00e3o e como\u00e7\u00e3o\u2019<\/em> perante aquilo que \u00e9 d\u00e9bil, fraco, desgra\u00e7ado\u2026<\/p>\n<p>&nbsp;<\/p>\n<p>A \u2013 E verifica-se, com certa frequ\u00eancia, o facto de, essas <em>\u201centranhas de miseric\u00f3rdia\u201d<\/em> de Deus, serem <em>projetadas<\/em> <em>e refletidas<\/em>, naturalmente, nos cora\u00e7\u00f5es de outros \u201chumanos\u201d\u2026<\/p>\n<p>B \u2013 Neste caso, o \u201chumano\u201d \u00e9 o profeta Elias (considerado como <em>o profeta mais antigo<\/em>), que \u00e9 confrontado com duas necessidades: a sua e a daquela vi\u00fava de <em>Sarepta<\/em> de Sid\u00f3nia\u2026<\/p>\n<p>A \u2013 Coisa curiosa, que Elias seja enviado, pela inspira\u00e7\u00e3o de Deus, a uma terra estrangeira e a uma vi\u00fava pag\u00e3, e n\u00e3o do povo de Israel, como salientou Jesus en certa altura (Lc 4,26).<\/p>\n<p>B \u2013 Vemos o homem Elias \u2013 sofrendo grave necessidade \u2013 a confiar na <em>provid\u00eancia<\/em> do Deus Bondoso e no poder da <em>Palavra<\/em> que lhe vai conduzindo\u2026 Est\u00e1 certo que vir\u00e1 no seu aux\u00edlio!<\/p>\n<p>A \u2013 Acontece, por\u00e9m, que a pessoa a quem Deus lhe envia, naquela altura, n\u00e3o \u00e9 menos carenciada do que ele. Aquela mulher tinha apenas <em>\u201cum punhado de farinha na panela e um pouco de azeite na almotolia, para ela e o seu filho\u201d<\/em> (\u2018\u00f3rf\u00e3o\u2019, claro).<\/p>\n<p>B \u2013 Ser\u00e1 que Elias vai encontrar aqui alguma ajuda ou conforto?&#8230; S\u00f3 perseverando naquela firme confian\u00e7a na <em>bondade e poder<\/em> de Deus \u00e9 que <em>\u201cnem se esgotar\u00e1 a panela da farinha nem se esvaziar\u00e1 a almotolia do azeite\u201d<\/em> at\u00e9 ficarem <em>satisfeitas<\/em> as suas necessidades!<\/p>\n<p>A \u2013 Outro \u201chumano\u201d (<em>\u201cfilho do homem\u201d<\/em>) Jesus de Nazar\u00e9 \u2013 em quem se <em>projetam e refletem<\/em> as <em>\u201centranhas de miseric\u00f3rdia\u201d<\/em> do Pai Deus em sumo grau \u2013 defendeu sempre as <em>vi\u00favas\u2026<\/em><\/p>\n<p>B \u2013 Ou ent\u00e3o \u2013 como no Evangelho de hoje \u2013 p\u00f5e-nas como exemplo de generosidade: <em>\u201cApesar da sua pobreza e pen\u00faria,<\/em> <em>ela ofereceu tudo o que tinha para viver\u201d!<\/em> (Mc 12 \/ 3\u00aa L). <u>\u00a0\u00a0<\/u><\/p>\n<p><u>\u00a0<\/u><\/p>\n<p style=\"text-align: right;\"><u>A\/B<\/u>: <strong>E verdade, Senhor, que lamentamos as nossas necessidades e limita\u00e7\u00f5es,<\/strong><\/p>\n<p style=\"text-align: right;\"><strong>e n\u00e3o temos problema em suplicar \u2013 pelos Teus Santos \u2013 a ajuda que precisamos&#8230;<\/strong><\/p>\n<p style=\"text-align: right;\"><strong>Mas, custa-nos escutar e seguir a Tua <em>Palavra<\/em>, que nos <em>envia<\/em> para a \u2018miss\u00e3o\u2019;<\/strong><\/p>\n<p style=\"text-align: right;\"><strong>e esquecemos que s\u00f3 ser\u00e3o satisfeitas as nossas necessidades e car\u00eancias<\/strong><\/p>\n<p style=\"text-align: right;\"><strong>se formos fi\u00e9is e d\u00f3ceis a <em>essa Palavra<\/em> que nos conduz e que \u00e9 capaz<\/strong><\/p>\n<p style=\"text-align: right;\"><strong>\u2013 para <em>nos alimentar<\/em> \u2013 de <em>\u201cordenar \u00e0 vi\u00fava pobre\u201d <\/em>ou at\u00e9, de <em>\u201cordenar aos corvos\u201d&#8230;<\/em> <\/strong><\/p>\n<p style=\"text-align: right;\"><strong>Louvor e gl\u00f3ria, Senhor, ao Teu Amor<em> omnipotente,<\/em> que sempre est\u00e1 connosco!<\/strong><\/p>\n<p style=\"text-align: right;\"><strong>\u00a0 \u00a0\u00a0<\/strong><\/p>\n<p style=\"text-align: left;\">\/\/ <em>PARA uma outra REFLEX\u00c3O ALARGADA:<\/em> <u><a href=\"http:\/\/palavradeamorpalavra.sallep.net\">http:\/\/palavradeamorpalavra.sallep.net<\/a><\/u><\/p>\n","protected":false},"excerpt":{"rendered":"<p>&#8211;\u00a0A\u00a0PALAVRA, Refletida\u00a0ao ritmo Lit\u00fargico &#8211; (Ciclo B \u2013 Domingo 31 do T. Comum) &nbsp; \u201c\u00ab\u2026Vim apanhar dois cavacos de lenha, a fim de preparar esse resto para mim e meu filho. Depois comeremos e esperaremos a morte\u00bb. Elias disse-lhe: \u00abN\u00e3o temas; volta e faz como disseste. Mas primeiro coze um p\u00e3ozinho e traz-mo aqui. Depois [&hellip;]<\/p>\n","protected":false},"author":2,"featured_media":0,"comment_status":"open","ping_status":"open","sticky":false,"template":"","format":"standard","meta":{"footnotes":""},"categories":[6],"tags":[],"class_list":["post-3503","post","type-post","status-publish","format-standard","hentry","category-refletida","has-post-title","has-post-date","has-post-category","has-post-tag","has-post-comment","has-post-author",""],"builder_content":"","_links":{"self":[{"href":"https:\/\/palavradeamorpalavra.sallep.net\/index.php?rest_route=\/wp\/v2\/posts\/3503","targetHints":{"allow":["GET"]}}],"collection":[{"href":"https:\/\/palavradeamorpalavra.sallep.net\/index.php?rest_route=\/wp\/v2\/posts"}],"about":[{"href":"https:\/\/palavradeamorpalavra.sallep.net\/index.php?rest_route=\/wp\/v2\/types\/post"}],"author":[{"embeddable":true,"href":"https:\/\/palavradeamorpalavra.sallep.net\/index.php?rest_route=\/wp\/v2\/users\/2"}],"replies":[{"embeddable":true,"href":"https:\/\/palavradeamorpalavra.sallep.net\/index.php?rest_route=%2Fwp%2Fv2%2Fcomments&post=3503"}],"version-history":[{"count":1,"href":"https:\/\/palavradeamorpalavra.sallep.net\/index.php?rest_route=\/wp\/v2\/posts\/3503\/revisions"}],"predecessor-version":[{"id":3505,"href":"https:\/\/palavradeamorpalavra.sallep.net\/index.php?rest_route=\/wp\/v2\/posts\/3503\/revisions\/3505"}],"wp:attachment":[{"href":"https:\/\/palavradeamorpalavra.sallep.net\/index.php?rest_route=%2Fwp%2Fv2%2Fmedia&parent=3503"}],"wp:term":[{"taxonomy":"category","embeddable":true,"href":"https:\/\/palavradeamorpalavra.sallep.net\/index.php?rest_route=%2Fwp%2Fv2%2Fcategories&post=3503"},{"taxonomy":"post_tag","embeddable":true,"href":"https:\/\/palavradeamorpalavra.sallep.net\/index.php?rest_route=%2Fwp%2Fv2%2Ftags&post=3503"}],"curies":[{"name":"wp","href":"https:\/\/api.w.org\/{rel}","templated":true}]}}