{"id":3512,"date":"2018-11-16T23:01:31","date_gmt":"2018-11-16T23:01:31","guid":{"rendered":"http:\/\/palavradeamorpalavra.sallep.net\/?p=3512"},"modified":"2022-11-17T13:34:24","modified_gmt":"2022-11-17T13:34:24","slug":"os-que-dormem-no-po-da-terra-acordarao","status":"publish","type":"post","link":"https:\/\/palavradeamorpalavra.sallep.net\/?p=3512","title":{"rendered":"\u00abOs que dormem no p\u00f3 da terra acordar\u00e3o&#8230;"},"content":{"rendered":"<p><a href=\"http:\/\/palavradeamorpalavra.sallep.net\/wp-content\/uploads\/2018\/11\/56bb-\u00abOs-que-dormem-no-p\u00f3-da-terra-acordar\u00e3o....jpg\"><img fetchpriority=\"high\" decoding=\"async\" class=\"aligncenter size-full wp-image-3513\" src=\"http:\/\/palavradeamorpalavra.sallep.net\/wp-content\/uploads\/2018\/11\/56bb-\u00abOs-que-dormem-no-p\u00f3-da-terra-acordar\u00e3o....jpg\" alt=\"56bb- \u00abOs que dormem no p\u00f3 da terra acordar\u00e3o...\" width=\"638\" height=\"359\" srcset=\"https:\/\/palavradeamorpalavra.sallep.net\/wp-content\/uploads\/2018\/11\/56bb-\u00abOs-que-dormem-no-p\u00f3-da-terra-acordar\u00e3o....jpg 638w, https:\/\/palavradeamorpalavra.sallep.net\/wp-content\/uploads\/2018\/11\/56bb-\u00abOs-que-dormem-no-p\u00f3-da-terra-acordar\u00e3o...-300x169.jpg 300w, https:\/\/palavradeamorpalavra.sallep.net\/wp-content\/uploads\/2018\/11\/56bb-\u00abOs-que-dormem-no-p\u00f3-da-terra-acordar\u00e3o...-398x223.jpg 398w\" sizes=\"(max-width: 638px) 100vw, 638px\" \/><\/a><\/p>\n<p><strong>&#8211;\u00a0<em>A<\/em>\u00a0<em>PALAVRA, Refletida<\/em>\u00a0ao ritmo Lit\u00fargico &#8211;<\/strong><\/p>\n<p><em>(Ciclo B \u2013 Domingo 33 do T. Comum)<\/em><\/p>\n<p>&nbsp;<\/p>\n<p><strong><em>\u201cQuando surgir Miguel, o grande chefe dos Anjos\u2026 Ser\u00e1 um tempo de ang\u00fastia, como n\u00e3o ter\u00e1 havido at\u00e9 ent\u00e3o\u2026 <u>Os que dormem no p\u00f3 da terra acordar\u00e3o<\/u>, uns para a vida eterna, outros para a vergonha e o horror eterno. Os que tiverem sido s\u00e1bios brilhar\u00e3o como a luz do firmamento, e os que tiverem ensinado a muitos o caminho da justi\u00e7a reluzir\u00e3o como estrelas por toda a eternidade\u201d. (Dn 12,<\/em><\/strong><strong><em>1-3 <\/em><\/strong><strong><em>\/ 1\u00aaL).<\/em><\/strong><\/p>\n<p>&nbsp;<\/p>\n<p>Para iluminar e centrar o momento (\u201ctempo\u201d) hist\u00f3rico em que viveu \u2013 e escreveu (?) \u2013 o profeta Daniel, nada melhor, do que citar aqui o seguinte texto dos biblistas: <em>\u00abO nome de \u2018Daniel\u2019 foi atribu\u00eddo ao autor deste livro \u2018como s\u00edmbolo\u2019; na verdade, parece ajustar-se bem a uma obra cujo conte\u00fado tinha muito a ver com a dura experi\u00eancia judaica vivida no Ex\u00edlio e se ligava profundamente \u00e0 sabedoria representada pela antiga tradi\u00e7\u00e3o de Israel e de toda a regi\u00e3o de Cana\u00e3. A situa\u00e7\u00e3o hist\u00f3rica em que este livro apareceu, coloca o seu autor (s\u00e9c. II a. de C.) no reinado de Ant\u00edoco IV, Epif\u00e2nio, rei helenista\u00bb. <\/em><em>[B\u00edblia Sagrada-DB \/ \u2018Introdu\u00e7\u00e3o\u2019 ao profeta Daniel]<\/em>. E \u00e9 curioso salientar que, dependendo das diversas partes, aparece escrito em tr\u00eas l\u00ednguas: <em>hebraico, aramaico e grego<\/em>. Tudo isto faz dele um \u2018livro singular\u2019.<\/p>\n<p>&nbsp;<\/p>\n<p>A \u2013 Como <em>texto<\/em> do <em>g\u00e9nero \u2018apocal\u00edptico\u2019<\/em>, pertencente ao chamado <em>\u201cApocalipse de Daniel\u201d <\/em>(parte central do Livro), confronta-nos com quest\u00f5es <em>escatol\u00f3gicas<\/em> \u2013 do <em>\u2018fim dos tempos\u2019 \u2013<\/em>\u2026<\/p>\n<p>B \u2013 V\u00ea-se logo, desde o in\u00edcio do texto, at\u00e9 que ponto \u00e9 isto verdade. Quando chegar aquele tempo final, <em>\u201cao surgir Miguel, o grande chefe dos Anjos\u2026 ser\u00e1 um tempo de ang\u00fastia\u2026\u201d<\/em>.<\/p>\n<p>A \u2013 Interessa-nos, por\u00e9m, destacar sobretudo aquelas <em>passagens<\/em>, do AT, que constituem como que os primeiros passos da Humanidade na cren\u00e7a da outra vida no Al\u00e9m. J\u00e1 vimos, n\u00e3o obstante, noutros <em>livros b\u00edblicos<\/em> mais <em>antigos,<\/em> v\u00e1rias intui\u00e7\u00f5es sobre <em>a \u2018transcend\u00eancia\u2019<\/em>.<\/p>\n<p>B \u2013 E percebemos \u2013 como no caso de <em>Daniel<\/em> \u2013 que na medida em que nos aproximamos da viragem do NT, estes <em>textos,<\/em> de uma <em>f\u00e9 incipiente<\/em> na \u2018vida futura\u2019, s\u00e3o cada vez mais claros.<\/p>\n<p>A \u2013 Tenha-se em conta que, <em>naquelas Idades<\/em>, ainda n\u00e3o t\u00ednhamos a revela\u00e7\u00e3o, aberta e luzidia, de Jesus, o Filho de Deus, acerca do <em>Al\u00e9m <\/em>e dos<em> mist\u00e9rios<\/em> da <em>Vida <\/em>que esperamos.<\/p>\n<p>B \u2013 Apesar disso, o Livro do profeta Daniel tem, globalmente, uma perspetiva sobrenatural e transcendente, sem a qual n\u00e3o teria sentido nem \u2018proje\u00e7\u00e3o final\u2019 a sua \u2018escatologia\u2019\u2026<\/p>\n<p>A \u2013 Qual seria, se n\u00e3o, o sentido que tem esta express\u00e3o, por exemplo, <em>\u201cos que dormem no p\u00f3 da terra acordar\u00e3o\u201d?<\/em> \u00c9 que, naqueles tempos, todas as na\u00e7\u00f5es que rodeavam o <em>povo de Israel<\/em>, ainda estavam mergulhadas \u2018numas trevas\u2019 que \u00abtudo limitavam ao tempo presente\u00bb!<\/p>\n<p>B \u2013 Nesta etapa \u2013 que pod\u00edamos considerar j\u00e1 como o \u2018vest\u00edbulo do NT\u2019 \u2013 aparecem claros <em>os alertas<\/em> sobre a <em>implica\u00e7\u00e3o<\/em> que <em>o nosso estilo de vida<\/em> ter\u00e1 na \u2013 inevit\u00e1vel(!) \u2013 Vida Futura!<\/p>\n<p>A \u2013 S\u00e3o assim de \u201ctransparentes e radicais\u201d: <em>\u201cUns acordar\u00e3o para a vida eterna, outros para a vergonha e o horror eterno\u201d<\/em>; <em>\u201cos que <\/em>\u2013 c\u00e1 em baixo! \u2013 <em>tiverem vivido e ensinado o caminho da justi\u00e7a reluzir\u00e3o como estrelas por toda a eternidade\u201d<\/em>\u2026 Verdadeira <em>inspira\u00e7\u00e3o de Deus!<\/em><\/p>\n<p>&nbsp;<\/p>\n<p style=\"text-align: right;\"><u>A\/B<\/u>: <strong>Deus e Pai nosso, que, com infinita Sabedoria, com um Amor imenso,<\/strong><\/p>\n<p style=\"text-align: right;\"><strong>e com ilimitada Paci\u00eancia\u2026 <em>nos preparaste<\/em> o caminho da F\u00e9 e da Salva\u00e7\u00e3o:<\/strong><\/p>\n<p style=\"text-align: right;\"><strong>Continua a acompanhar-nos sempre \u2013 noite e dia, na luz e na treva \u2013 at\u00e9 ao despertar<\/strong><\/p>\n<p style=\"text-align: right;\"><strong>da Verdade e da Luz (livres j\u00e1 de toda a <em>ang\u00fastia<\/em> e escurid\u00e3o) numa Vida Eterna Feliz! <\/strong><\/p>\n<p><strong>\u00a0\u00a0\u00a0\u00a0\u00a0\u00a0<\/strong><\/p>\n<p>\/\/ <em>PARA uma outra REFLEX\u00c3O ALARGADA:<\/em> <u><a href=\"http:\/\/palavradeamorpalavra.sallep.net\">http:\/\/palavradeamorpalavra.sallep.net<\/a><\/u><\/p>\n","protected":false},"excerpt":{"rendered":"<p>&#8211;\u00a0A\u00a0PALAVRA, Refletida\u00a0ao ritmo Lit\u00fargico &#8211; (Ciclo B \u2013 Domingo 33 do T. Comum) &nbsp; \u201cQuando surgir Miguel, o grande chefe dos Anjos\u2026 Ser\u00e1 um tempo de ang\u00fastia, como n\u00e3o ter\u00e1 havido at\u00e9 ent\u00e3o\u2026 Os que dormem no p\u00f3 da terra acordar\u00e3o, uns para a vida eterna, outros para a vergonha e o horror eterno. Os [&hellip;]<\/p>\n","protected":false},"author":2,"featured_media":0,"comment_status":"open","ping_status":"open","sticky":false,"template":"","format":"standard","meta":{"footnotes":""},"categories":[6],"tags":[],"class_list":["post-3512","post","type-post","status-publish","format-standard","hentry","category-refletida","has-post-title","has-post-date","has-post-category","has-post-tag","has-post-comment","has-post-author",""],"builder_content":"","_links":{"self":[{"href":"https:\/\/palavradeamorpalavra.sallep.net\/index.php?rest_route=\/wp\/v2\/posts\/3512","targetHints":{"allow":["GET"]}}],"collection":[{"href":"https:\/\/palavradeamorpalavra.sallep.net\/index.php?rest_route=\/wp\/v2\/posts"}],"about":[{"href":"https:\/\/palavradeamorpalavra.sallep.net\/index.php?rest_route=\/wp\/v2\/types\/post"}],"author":[{"embeddable":true,"href":"https:\/\/palavradeamorpalavra.sallep.net\/index.php?rest_route=\/wp\/v2\/users\/2"}],"replies":[{"embeddable":true,"href":"https:\/\/palavradeamorpalavra.sallep.net\/index.php?rest_route=%2Fwp%2Fv2%2Fcomments&post=3512"}],"version-history":[{"count":2,"href":"https:\/\/palavradeamorpalavra.sallep.net\/index.php?rest_route=\/wp\/v2\/posts\/3512\/revisions"}],"predecessor-version":[{"id":3515,"href":"https:\/\/palavradeamorpalavra.sallep.net\/index.php?rest_route=\/wp\/v2\/posts\/3512\/revisions\/3515"}],"wp:attachment":[{"href":"https:\/\/palavradeamorpalavra.sallep.net\/index.php?rest_route=%2Fwp%2Fv2%2Fmedia&parent=3512"}],"wp:term":[{"taxonomy":"category","embeddable":true,"href":"https:\/\/palavradeamorpalavra.sallep.net\/index.php?rest_route=%2Fwp%2Fv2%2Fcategories&post=3512"},{"taxonomy":"post_tag","embeddable":true,"href":"https:\/\/palavradeamorpalavra.sallep.net\/index.php?rest_route=%2Fwp%2Fv2%2Ftags&post=3512"}],"curies":[{"name":"wp","href":"https:\/\/api.w.org\/{rel}","templated":true}]}}