{"id":3522,"date":"2018-11-23T21:54:07","date_gmt":"2018-11-23T21:54:07","guid":{"rendered":"http:\/\/palavradeamorpalavra.sallep.net\/?p=3522"},"modified":"2022-11-19T16:43:16","modified_gmt":"2022-11-19T16:43:16","slug":"todos-os-olhos-o-verao-mesmo-aqueles-que-o-trespassaram","status":"publish","type":"post","link":"https:\/\/palavradeamorpalavra.sallep.net\/?p=3522","title":{"rendered":"\u00abTodos os olhos O ver\u00e3o, mesmo aqueles que O trespassaram&#8230;"},"content":{"rendered":"<p><a href=\"http:\/\/palavradeamorpalavra.sallep.net\/wp-content\/uploads\/2018\/11\/57bb-\u00abTodos-os-olhos-O-ver\u00e3o-mesmo-aqueles-que-O-trespassaram....jpg\"><img decoding=\"async\" class=\"aligncenter size-full wp-image-3523\" src=\"http:\/\/palavradeamorpalavra.sallep.net\/wp-content\/uploads\/2018\/11\/57bb-\u00abTodos-os-olhos-O-ver\u00e3o-mesmo-aqueles-que-O-trespassaram....jpg\" alt=\"57bb- \u00abTodos os olhos O ver\u00e3o, mesmo aqueles que O trespassaram...\" width=\"249\" height=\"170\" srcset=\"https:\/\/palavradeamorpalavra.sallep.net\/wp-content\/uploads\/2018\/11\/57bb-\u00abTodos-os-olhos-O-ver\u00e3o-mesmo-aqueles-que-O-trespassaram....jpg 249w, https:\/\/palavradeamorpalavra.sallep.net\/wp-content\/uploads\/2018\/11\/57bb-\u00abTodos-os-olhos-O-ver\u00e3o-mesmo-aqueles-que-O-trespassaram...-398x271.jpg 398w\" sizes=\"(max-width: 249px) 100vw, 249px\" \/><\/a><\/p>\n<p><strong>&#8211;\u00a0<em>A<\/em>\u00a0<em>PALAVRA, Refletida<\/em>\u00a0ao ritmo Lit\u00fargico &#8211;<\/strong><\/p>\n<p><em>(Ciclo B \u2013 Domingo 34 do T. Comum)<\/em><\/p>\n<p><strong><em>\u201cJesus Cristo \u00e9 a Testemunha fiel, o Primog\u00e9nito dos mortos, o Pr\u00edncipe dos reis da terra\u2026 Ei-l\u2019O que vem entre as nuvens, e <\/em><\/strong><u><strong><em>todos os olhos O ver\u00e3o, mesmo aqueles que O trespassaram<\/em><\/strong><\/u><strong><em>; e por sua causa h\u00e3o de lamentar-se todas as tribos da terra. Sim. \u00c1men. \u00abEu sou o Alfa e o \u00d3mega\u00bb, diz o Senhor Deus, \u00abAquele que \u00e9, que era e que h\u00e1 de vir, o Senhor do Universo\u00bb\u201d. (Ap <\/em><\/strong><strong><em>1,<\/em><\/strong><strong><em>5.7-8 <\/em><\/strong><strong><em>\/ 2\u00aaL).<\/em><\/strong><\/p>\n<p>&nbsp;<\/p>\n<p>O <em>texto,<\/em> pertencente ao in\u00edcio do Livro do Apocalipse (ou <em>\u2018Revela\u00e7\u00e3o\u2019<\/em>), apresenta-se-nos \u2013 como \u00e9 pr\u00f3prio do seu estilo \u2013 com palavras e express\u00f5es t\u00edpicas da \u201cliteratura apocal\u00edptica\u201d; isto \u00e9, com <em>imagens<\/em> misteriosas ou atrevidas e com <em>termos<\/em> enigm\u00e1ticos, por vezes, dif\u00edceis de <em>decifrar<\/em> ou <em>interpretar<\/em>. \u00c9 o caso da frase <em>\u201ctodos os olhos O ver\u00e3o, mesmo aqueles que O trespassaram\u201d<\/em>. Lembremos que Jo\u00e3o, o autor deste <em>Apocalipse<\/em>, \u00e9 o mesmo que escreveu o <em>quarto Evangelho.<\/em> E a\u00ed, ao falar da crucifix\u00e3o e morte de Jesus, interpreta o epis\u00f3dio de <em>\u201co peito d\u2019Ele ter sido perfurado pela lan\u00e7a\u201d<\/em>, como sendo o cumprimento de um <em>vatic\u00ednio<\/em> do profeta Zacarias que escreveu: <em>\u201ccontemplar\u00e3o aquele a quem trespassaram\u201d (Zc 12,<\/em><em>10<\/em><em>)<\/em>. E esta profecia aparece precisamente na parte em que est\u00e1 a falar da \u00abliberta\u00e7\u00e3o e renova\u00e7\u00e3o de Jerusal\u00e9m\u00bb entre epis\u00f3dios de <em>vit\u00f3ria sobre os inimigos<\/em> e de <em>lamenta\u00e7\u00f5es<\/em> <em>e grande pranto<\/em> dos que h\u00e3o de salvar-se\u2026 justamente<em> \u201cpor causa<\/em> <em>daquele a quem trespassaram\u201d!<\/em><\/p>\n<p>&nbsp;<\/p>\n<p>A \u2013 \u00c9 evidente que, \u00e0 luz destes esclarecimentos, \u00e9 mais f\u00e1cil refletir acerca deste <em>texto<\/em> <em>apocal\u00edptico<\/em> e aplic\u00e1-lo a Cristo Jesus, como Rei do Universo, com a <em>melhor interpreta\u00e7\u00e3o<\/em>\u2026<\/p>\n<p>B \u2013 Num mundo \u2013 o do tempo de Jesus, o anterior e o posterior \u2013 tal como o atual que nos calhou viver e onde \u00e9 voz comum que <em>\u2018uma pessoa n\u00e3o pode confiar na palavra dada\u2019\u2026<\/em> a\u00ed, descobrir e conhecer algu\u00e9m, capaz de <em>dar a vida<\/em> para defender <em>\u2018essa palavra\u2019,<\/em> \u00e9 ins\u00f3lito!<\/p>\n<p>A \u2013 Mas isso j\u00e1 aconteceu \u2013 historicamente \u2013 na pessoa de Jesus de Nazar\u00e9. E n\u00e3o admira que um <em>espetador privilegiado<\/em> \u2013 que se diz, a si mesmo, <em>\u201co servo Jo\u00e3o\u201d<\/em> \u2013 se esforce por \u201cdivulg\u00e1-lo\u201d entre todos, a partir do momento em que recebe a tal \u201cRevela\u00e7\u00e3o\u201d (Ap 1,1-2).<\/p>\n<p>B \u2013 Por isso, a tripla afirma\u00e7\u00e3o que se faz acerca de Cristo tem uma sequ\u00eancia perfeita. Vejam: Pelo facto de ser <em>\u201cTestemunha fiel\u201d<\/em> da <em>Palavra<\/em> \u00e0 h\u00e1 de aceitar a morte, <em>\u201cPrimog\u00e9nito dos mortos\u201d<\/em> \u00e0 e, consequentemente, conquistar\u00e1 o <em>\u201cPrincipado dos reis da terra\u201d<\/em>\u2026<\/p>\n<p>A \u2013 Ali\u00e1s, neste texto, o que se destaca e salienta \u00e9 o n\u00facleo central de tudo, que \u00e9, paradoxalmente, a Sua entrega volunt\u00e1ria at\u00e9 \u00e0 morte: <em>\u201cVer\u00e3o Aquele que trespassaram\u201d<\/em>.<\/p>\n<p>B \u2013 Assim, chega a conclus\u00e3o final: Aquele que \u00e9 <em>\u00abo Alfa e o \u00d3mega\u00bb<\/em> \u2013 princ\u00edpio e fim \u2013 de tudo o que <em>\u2018\u00e9 caduco\u2019<\/em>\u2026 \u00e9 tamb\u00e9m <em>\u00abAquele que \u00e9, que era e que h\u00e1 de vir, o Senhor do Universo\u00bb,<\/em> isto \u00e9, o Rei e Senhor de tudo o que <em>\u2018n\u00e3o tem fim\u2019!<\/em><\/p>\n<p>&nbsp;<\/p>\n<p style=\"text-align: right;\"><u>A\/B<\/u>: <strong>Porque ser\u00e1, Senhor, que desde antigo Te proclamam <em>\u00abRei, num trono de luz\u00bb?<\/em> <\/strong><\/p>\n<p style=\"text-align: right;\"><strong>Com certeza \u00e9 preciso louvar-Te como \u201cRei revestido de majestade e de poder\u201d<\/strong><\/p>\n<p style=\"text-align: right;\"><strong>pois isso n\u00e3o foi conseguido pela for\u00e7a ou dom\u00ednio, como os reis deste mundo.<\/strong><\/p>\n<p style=\"text-align: right;\"><strong>Antes, foi alcan\u00e7ado pelo caminho <em>do servi\u00e7o, da humildade, da entrega total<\/em>\u2026<\/strong><\/p>\n<p style=\"text-align: right;\"><strong>Porque s\u00f3 assim se consegue criar e \u201cfirmar o Universo para que n\u00e3o vacile\u201d,<\/strong><\/p>\n<p style=\"text-align: right;\"><strong>e s\u00f3 atrav\u00e9s desses <em>meios<\/em> \u00abfr\u00e1geis e d\u00e9beis\u00bb, Senhor, Tu consegues este<em> fim<\/em>:<\/strong><\/p>\n<p style=\"text-align: right;\"><strong><em>\u201cque os Teus testemunhos sejam dignos de f\u00e9 e a Tua Santidade, eterna\u201d<\/em><\/strong><strong>.<\/strong>(<strong>Sl 92\/93<\/strong>)<\/p>\n<p><strong>\u00a0<\/strong><\/p>\n<p>\/\/ <em>PARA uma outra REFLEX\u00c3O ALARGADA:<\/em> <u><a href=\"http:\/\/palavradeamorpalavra.sallep.net\">http:\/\/palavradeamorpalavra.sallep.net<\/a><\/u><\/p>\n","protected":false},"excerpt":{"rendered":"<p>&#8211;\u00a0A\u00a0PALAVRA, Refletida\u00a0ao ritmo Lit\u00fargico &#8211; (Ciclo B \u2013 Domingo 34 do T. Comum) \u201cJesus Cristo \u00e9 a Testemunha fiel, o Primog\u00e9nito dos mortos, o Pr\u00edncipe dos reis da terra\u2026 Ei-l\u2019O que vem entre as nuvens, e todos os olhos O ver\u00e3o, mesmo aqueles que O trespassaram; e por sua causa h\u00e3o de lamentar-se todas as [&hellip;]<\/p>\n","protected":false},"author":2,"featured_media":0,"comment_status":"open","ping_status":"open","sticky":false,"template":"","format":"standard","meta":{"footnotes":""},"categories":[6],"tags":[],"class_list":["post-3522","post","type-post","status-publish","format-standard","hentry","category-refletida","has-post-title","has-post-date","has-post-category","has-post-tag","has-post-comment","has-post-author",""],"builder_content":"","_links":{"self":[{"href":"https:\/\/palavradeamorpalavra.sallep.net\/index.php?rest_route=\/wp\/v2\/posts\/3522","targetHints":{"allow":["GET"]}}],"collection":[{"href":"https:\/\/palavradeamorpalavra.sallep.net\/index.php?rest_route=\/wp\/v2\/posts"}],"about":[{"href":"https:\/\/palavradeamorpalavra.sallep.net\/index.php?rest_route=\/wp\/v2\/types\/post"}],"author":[{"embeddable":true,"href":"https:\/\/palavradeamorpalavra.sallep.net\/index.php?rest_route=\/wp\/v2\/users\/2"}],"replies":[{"embeddable":true,"href":"https:\/\/palavradeamorpalavra.sallep.net\/index.php?rest_route=%2Fwp%2Fv2%2Fcomments&post=3522"}],"version-history":[{"count":1,"href":"https:\/\/palavradeamorpalavra.sallep.net\/index.php?rest_route=\/wp\/v2\/posts\/3522\/revisions"}],"predecessor-version":[{"id":3524,"href":"https:\/\/palavradeamorpalavra.sallep.net\/index.php?rest_route=\/wp\/v2\/posts\/3522\/revisions\/3524"}],"wp:attachment":[{"href":"https:\/\/palavradeamorpalavra.sallep.net\/index.php?rest_route=%2Fwp%2Fv2%2Fmedia&parent=3522"}],"wp:term":[{"taxonomy":"category","embeddable":true,"href":"https:\/\/palavradeamorpalavra.sallep.net\/index.php?rest_route=%2Fwp%2Fv2%2Fcategories&post=3522"},{"taxonomy":"post_tag","embeddable":true,"href":"https:\/\/palavradeamorpalavra.sallep.net\/index.php?rest_route=%2Fwp%2Fv2%2Ftags&post=3522"}],"curies":[{"name":"wp","href":"https:\/\/api.w.org\/{rel}","templated":true}]}}