{"id":3538,"date":"2018-11-30T23:33:21","date_gmt":"2018-11-30T23:33:21","guid":{"rendered":"http:\/\/palavradeamorpalavra.sallep.net\/?p=3538"},"modified":"2022-11-17T08:27:15","modified_gmt":"2022-11-17T08:27:15","slug":"cuidado-que-esse-dia-nao-vos-surpreenda-subitamente","status":"publish","type":"post","link":"https:\/\/palavradeamorpalavra.sallep.net\/?p=3538","title":{"rendered":"\u00abCuidado, que esse dia n\u00e3o vos surpreenda subitamente&#8230;"},"content":{"rendered":"<p><a href=\"http:\/\/palavradeamorpalavra.sallep.net\/wp-content\/uploads\/2018\/11\/1cc-\u00abCuidado-que-esse-dia-n\u00e3o-vos-surpreenda-subitamente...-1.jpg\"><img decoding=\"async\" class=\"aligncenter size-full wp-image-3539\" src=\"http:\/\/palavradeamorpalavra.sallep.net\/wp-content\/uploads\/2018\/11\/1cc-\u00abCuidado-que-esse-dia-n\u00e3o-vos-surpreenda-subitamente...-1.jpg\" alt=\"1cc- \u00abCuidado, que esse dia n\u00e3o vos surpreenda subitamente...\" width=\"200\" height=\"180\" srcset=\"https:\/\/palavradeamorpalavra.sallep.net\/wp-content\/uploads\/2018\/11\/1cc-\u00abCuidado-que-esse-dia-n\u00e3o-vos-surpreenda-subitamente...-1.jpg 200w, https:\/\/palavradeamorpalavra.sallep.net\/wp-content\/uploads\/2018\/11\/1cc-\u00abCuidado-que-esse-dia-n\u00e3o-vos-surpreenda-subitamente...-1-398x358.jpg 398w\" sizes=\"(max-width: 200px) 100vw, 200px\" \/><\/a><\/p>\n<p><strong>&#8211;\u00a0<em>A<\/em>\u00a0<em>PALAVRA, Refletida<\/em>\u00a0ao ritmo Lit\u00fargico &#8211;<\/strong><\/p>\n<p><em>(Ciclo C \u2013 Domingo 1 do Advento)<\/em><\/p>\n<p><strong><em>\u00a0<\/em><\/strong><\/p>\n<p><strong><em>\u201cNaquele tempo, disse Jesus aos seus disc\u00edpulos: \u00abHaver\u00e1 sinais no sol, na lua e nas estrelas e, na terra, ang\u00fastia entre as na\u00e7\u00f5es \u2026 Quando estas coisas come\u00e7arem a acontecer, erguei-vos e levantai a cabe\u00e7a, porque a vossa liberta\u00e7\u00e3o est\u00e1 pr\u00f3xima \u2026 <u>Cuidado, que esse dia n\u00e3o vos surpreenda subitamente<\/u> como uma armadilha, pois ele atingir\u00e1 todos os que habitam a face da terra\u2026\u00bb\u201d. (Lc 21,<\/em><\/strong><strong><em>25.28.34.35<\/em><\/strong> <strong><em>\/ 3\u00aa L.<\/em><\/strong><strong><em>).<\/em><\/strong><\/p>\n<p>&nbsp;<\/p>\n<p>O <em>texto<\/em> de hoje consta de v\u00e1rios \u201cexcertos\u201d tirados do Evangelho de Lucas, no cap\u00edtulo 21, imediatamente anterior ao in\u00edcio do relato da Paix\u00e3o e Ressurrei\u00e7\u00e3o de Jesus<strong><em>.<\/em><\/strong> As quest\u00f5es que toca Jesus nesse cap\u00edtulo dizem respeito a realidades que acontecer\u00e3o a curto, meio ou longo prazo, mas todas elas misturadas quanto a <em>espa\u00e7o<\/em> e <em>tempo<\/em>. Fala de: &#8211; a destrui\u00e7\u00e3o de Jerusal\u00e9m e do seu templo (<em>feito hist\u00f3rico<\/em> acontecido no ano 70 d.C., trinta anos ap\u00f3s este an\u00fancio); &#8211; sinais de guerras e revoltas\u2026 reinos contra reinos\u2026 fomes e epidemias\u2026 grandes terramotos\u2026; &#8211; persegui\u00e7\u00f5es dos disc\u00edpulos, que ser\u00e3o presos, julgados e condenados iniquamente, por causa do nome de Jesus Cristo\u2026; etc.<\/p>\n<p>&nbsp;<\/p>\n<p>A \u2013 Cabe perguntarmo-nos, porque \u00e9 que sempre que Jesus fala, <em>nos evangelhos<\/em>, acerca destes acontecimentos do futuro, parece <em>n\u00e3o querer<\/em> <em>\u2018separar\u2019<\/em>, propositadamente, no tempo, aquilo que vai suceder proximamente, daquilo que suceder\u00e1 mais distante? E prescindindo tamb\u00e9m da geografia.<\/p>\n<p>B \u2013 Tanto, que ao perguntar os disc\u00edpulos, <em>\u201cMestre, quando suceder\u00e1 isso? E qual ser\u00e1 o sinal\u2026\u201d<\/em>, Ele continua a sua exposi\u00e7\u00e3o, com alertas e conselhos, <em>\u201cpara n\u00e3o serem surpreendidos\u2026\u201d<\/em> (!?).<\/p>\n<p>A \u2013 E quando parece que est\u00e1 a falar \u2013 mais ou menos veladamente \u2013 de ocorr\u00eancias futuras muito long\u00ednquas (\u2018fim do mundo\u2019?), acaba com esta conclus\u00e3o inesperada: <em>\u201cEm verdade vos digo: N\u00e3o passar\u00e1 esta gera\u00e7\u00e3o sem que tudo se cumpra&#8230;\u201d<\/em>. Ent\u00e3o, em que \u00e9 que ficamos?&#8230; &#8211; Inexplic\u00e1vel!<\/p>\n<p>B \u2013 Uma conclus\u00e3o, por\u00e9m, fica cada vez mais clara \u2013 como j\u00e1 foi salientado noutras reflex\u00f5es \u2013 e \u00e9 isso o que Jesus quer transmitir: \u00abO \u2018Fim\u2019, ou \u2018Al\u00e9m\u2019, que importa \u00e9 \u201co fim da minha vida\u201d!\u00bb<em>.<\/em><\/p>\n<p>A \u2013 \u00c9 verdade. E para essa <em>\u2018travessia final\u2019<\/em> \u00e9 que devemos estar preparados, todos e cada um, em todo o tempo e lugar. Ningu\u00e9m poder\u00e1 negar estes <em>avisos e alertas de Jesus<\/em>, t\u00e3o repetidos!&#8230;<\/p>\n<p>B \u2013 Portanto, n\u00e3o vale a pena perguntar, como os disc\u00edpulos, pelos <em>sinais<\/em> da sua <em>proximidade<\/em>, at\u00e9 porque se isso fosse \u2018conhecido\u2019, certamente <em>a vida<\/em> n\u00e3o seria poss\u00edvel. Pensemos nisto!&#8230; J\u00e1 que, ignorando <em>\u2018o quando\u2019<\/em>, \u00e9 mais verdadeira e perfeita a nossa \u201cprepara\u00e7\u00e3o\u201d nesta vida \u2018passageira\u2019!&#8230;<\/p>\n<p>A \u2013 Se \u00e9 verdade que <em>\u201cesse dia\u201d<\/em> (e essa hora) \u2013 o de cada um de n\u00f3s \u2013 <em>\u201catingir\u00e1 a todos os que habitam a face da terra\u201d<\/em>, ficar\u00e3o desapontados os que pensem s\u00f3 num hipot\u00e9tico <em>fim do mundo<\/em>\u2026<\/p>\n<p>B \u2013 Pois tudo diz respeito \u00e0quele <em>\u2018dia e hora\u2019<\/em> \u2013 ignorado e inesperado \u2013 da nossa <em>\u2018passagem definitiva\u2019<\/em> em dire\u00e7\u00e3o \u00e0 Eternidade! Vale a pena viver em atitude constante de treino e prepara\u00e7\u00e3o!<\/p>\n<p>A \u2013 Ent\u00e3o, tudo tem sentido: desde o mais natural e simples at\u00e9 ao mais <em>enigm\u00e1tico ou misterioso!<\/em> \u00a0Isso sim, na firmeza desta <em>verdade<\/em>: <em>\u201cO c\u00e9u e a terra passar\u00e3o, as Minhas palavras n\u00e3o passar\u00e3o\u201d!<\/em><\/p>\n<p>&nbsp;<\/p>\n<p><u>A-B<\/u>: <strong>Suspiramos, Cristo Jesus, pelo Dia em que todo o Mal ser\u00e1 banido <em>pelo Bem!<\/em><\/strong><\/p>\n<p><strong>Entretanto, vivamos em atitude, <em>alegre<\/em>, de <em>Vigil\u00e2ncia e Ora\u00e7\u00e3o<\/em>, at\u00e9 que possamos dizer:<\/strong><\/p>\n<p><strong><em>\u00abCom o Esp\u00edrito e a Esposa (e com quem \u00e9 \u2018a testemunha\u2019): \u00c1men! Vem, Senhor Jesus!\u00bb<\/em><\/strong><strong>.<\/strong><\/p>\n<p>&nbsp;<\/p>\n<p>\/\/ <em>PARA uma outra REFLEX\u00c3O ALARGADA:<\/em> <a href=\"http:\/\/palavradeamorpalavra.sallep.net\">http:\/\/palavradeamorpalavra.sallep.net<\/a><\/p>\n","protected":false},"excerpt":{"rendered":"<p>&#8211;\u00a0A\u00a0PALAVRA, Refletida\u00a0ao ritmo Lit\u00fargico &#8211; (Ciclo C \u2013 Domingo 1 do Advento) \u00a0 \u201cNaquele tempo, disse Jesus aos seus disc\u00edpulos: \u00abHaver\u00e1 sinais no sol, na lua e nas estrelas e, na terra, ang\u00fastia entre as na\u00e7\u00f5es \u2026 Quando estas coisas come\u00e7arem a acontecer, erguei-vos e levantai a cabe\u00e7a, porque a vossa liberta\u00e7\u00e3o est\u00e1 pr\u00f3xima \u2026 [&hellip;]<\/p>\n","protected":false},"author":2,"featured_media":0,"comment_status":"open","ping_status":"open","sticky":false,"template":"","format":"standard","meta":{"footnotes":""},"categories":[6],"tags":[],"class_list":["post-3538","post","type-post","status-publish","format-standard","hentry","category-refletida","has-post-title","has-post-date","has-post-category","has-post-tag","has-post-comment","has-post-author",""],"builder_content":"","_links":{"self":[{"href":"https:\/\/palavradeamorpalavra.sallep.net\/index.php?rest_route=\/wp\/v2\/posts\/3538","targetHints":{"allow":["GET"]}}],"collection":[{"href":"https:\/\/palavradeamorpalavra.sallep.net\/index.php?rest_route=\/wp\/v2\/posts"}],"about":[{"href":"https:\/\/palavradeamorpalavra.sallep.net\/index.php?rest_route=\/wp\/v2\/types\/post"}],"author":[{"embeddable":true,"href":"https:\/\/palavradeamorpalavra.sallep.net\/index.php?rest_route=\/wp\/v2\/users\/2"}],"replies":[{"embeddable":true,"href":"https:\/\/palavradeamorpalavra.sallep.net\/index.php?rest_route=%2Fwp%2Fv2%2Fcomments&post=3538"}],"version-history":[{"count":1,"href":"https:\/\/palavradeamorpalavra.sallep.net\/index.php?rest_route=\/wp\/v2\/posts\/3538\/revisions"}],"predecessor-version":[{"id":3540,"href":"https:\/\/palavradeamorpalavra.sallep.net\/index.php?rest_route=\/wp\/v2\/posts\/3538\/revisions\/3540"}],"wp:attachment":[{"href":"https:\/\/palavradeamorpalavra.sallep.net\/index.php?rest_route=%2Fwp%2Fv2%2Fmedia&parent=3538"}],"wp:term":[{"taxonomy":"category","embeddable":true,"href":"https:\/\/palavradeamorpalavra.sallep.net\/index.php?rest_route=%2Fwp%2Fv2%2Fcategories&post=3538"},{"taxonomy":"post_tag","embeddable":true,"href":"https:\/\/palavradeamorpalavra.sallep.net\/index.php?rest_route=%2Fwp%2Fv2%2Ftags&post=3538"}],"curies":[{"name":"wp","href":"https:\/\/api.w.org\/{rel}","templated":true}]}}