{"id":3547,"date":"2018-12-06T18:55:42","date_gmt":"2018-12-06T18:55:42","guid":{"rendered":"http:\/\/palavradeamorpalavra.sallep.net\/?p=3547"},"modified":"2022-11-22T00:25:47","modified_gmt":"2022-11-22T00:25:47","slug":"ele-nos-predestinou-a-fim-de-sermos-seus-filhos","status":"publish","type":"post","link":"https:\/\/palavradeamorpalavra.sallep.net\/?p=3547","title":{"rendered":"\u00abEle nos predestinou a fim de sermos seus filhos\u2026"},"content":{"rendered":"<p><a href=\"http:\/\/palavradeamorpalavra.sallep.net\/wp-content\/uploads\/2018\/12\/58cc-\u00abEle-nos-predestinou-a-fim-de-sermos-seus-filhos....jpg\"><img fetchpriority=\"high\" decoding=\"async\" class=\"aligncenter size-full wp-image-3548\" src=\"http:\/\/palavradeamorpalavra.sallep.net\/wp-content\/uploads\/2018\/12\/58cc-\u00abEle-nos-predestinou-a-fim-de-sermos-seus-filhos....jpg\" alt=\"58cc- \u00abEle nos predestinou a fim de sermos seus filhos...\" width=\"480\" height=\"360\" srcset=\"https:\/\/palavradeamorpalavra.sallep.net\/wp-content\/uploads\/2018\/12\/58cc-\u00abEle-nos-predestinou-a-fim-de-sermos-seus-filhos....jpg 480w, https:\/\/palavradeamorpalavra.sallep.net\/wp-content\/uploads\/2018\/12\/58cc-\u00abEle-nos-predestinou-a-fim-de-sermos-seus-filhos...-300x225.jpg 300w, https:\/\/palavradeamorpalavra.sallep.net\/wp-content\/uploads\/2018\/12\/58cc-\u00abEle-nos-predestinou-a-fim-de-sermos-seus-filhos...-398x298.jpg 398w\" sizes=\"(max-width: 480px) 100vw, 480px\" \/><\/a><\/p>\n<p><strong><em>\u201cBendito seja Deus,<\/em><\/strong><\/p>\n<p><strong><em>Pai de Nosso Senhor Jesus Cristo,<\/em><\/strong><\/p>\n<p><strong><em>que do alto dos C\u00e9us nos aben\u00e7oou\u2026<\/em><\/strong><\/p>\n<p><strong><em>Foi assim que Ele nos escolheu em Cristo,<\/em><\/strong><\/p>\n<p><strong><em>antes da cria\u00e7\u00e3o do mundo,<\/em><\/strong><\/p>\n<p><strong><em>para sermos santos e irrepreens\u00edveis,<\/em><\/strong><\/p>\n<p><strong><em>em caridade, na sua presen\u00e7a.<\/em><\/strong><\/p>\n<p><strong><em><u>Ele nos predestinou a fim de sermos seus filhos<\/u><\/em><\/strong><strong><em>\u2026<\/em><\/strong><\/p>\n<p><strong><em>Em Cristo fomos constitu\u00eddos herdeiros,<\/em><\/strong><\/p>\n<p><strong><em>por termos sido predestinados,<\/em><\/strong><\/p>\n<p><strong><em>segundo os des\u00edgnios d\u2019Aquele que tudo realiza\u2026\u201d. (Ef 1,<\/em><\/strong><strong><em>3-5.11<\/em><\/strong><strong><em> \/ 2\u00aa L.).<\/em><\/strong><\/p>\n<p>&nbsp;<\/p>\n<p>A nossa <em>transcri\u00e7\u00e3o<\/em> conserva a \u2018versifica\u00e7\u00e3o\u2019 que aparece nas B\u00edblias modernas (ali\u00e1s, como talvez no \u2018texto\u2019 original de Paulo?). Isto significa \u2013 e \u00e9 essa a conclus\u00e3o dos <em>biblistas<\/em> \u2013 que, em tempo do Ap\u00f3stolo, j\u00e1 existia esta composi\u00e7\u00e3o, que era utilizada nas assembleias lit\u00fargicas. Eis como <em>eles<\/em> o descrevem: \u00abTemos aqui (nos vers\u00edculos <em>3-14<\/em>, do cap\u00edtulo <em>1<\/em>) uma esp\u00e9cie de &#8220;pref\u00e1cio&#8221; ou an\u00e1fora lit\u00fargica que corresponde \u00e0 &#8220;berak\u00e1&#8221; judaica: um hino jubiloso a Deus pelo seu plano maravilhoso concentrado em Cristo (<em>2 Cor 1,3-7<\/em> nota; <em>1 Pe 1,3-12<\/em> nota). Este hino, tal como outros em Paulo, deve ter circulado nas comunidades crist\u00e3s, antes de ser inserido aqui\u2026 E, nos vers\u00edculos <em>11-13<\/em>, o &#8220;n\u00f3s&#8221; designa o povo <em>judeu<\/em> (inclu\u00eddo <em>ele<\/em>) e o &#8220;v\u00f3s&#8221; designa os <em>pag\u00e3os<\/em> convertidos ao Cristianismo\u00bb.<\/p>\n<p>&nbsp;<\/p>\n<p>A \u2013 Mas afinal, poder\u00e1 algu\u00e9m perguntar: O que \u00e9 que tem a ver este texto de Paulo com a <em>Imaculada Concei\u00e7\u00e3o de Maria<\/em>? Pois v\u00ea-se que \u2018Ela\u2019 n\u00e3o aparece nem por alus\u00f5es indiretas\u2026<\/p>\n<p>B \u2013 Bom, mas h\u00e1 que ter bem presente que esta parte da Carta paulina est\u00e1 totalmente permeada, de princ\u00edpio a fim, por \u201cverdades alusivas\u201d a Cristo Jesus \u2013 Deus e homem \u2013 o Filho de Maria!<\/p>\n<p>A \u2013 Ent\u00e3o, ser\u00e1 que devemos lembrar aquilo de \u201cde tal m\u00e3e tal filho\u201d? E, portanto, no caso presente, \u201co que se diz do Filho pode dizer-se da M\u00e3e\u201d e vice-versa?&#8230;<\/p>\n<p>B \u2013 \u00c9 bem verdade aquela <em>sabedoria popular<\/em> que atribui \u00e0 m\u00e3e os \u2018predicados\u2019 do filho, como que louvando-a pelas virtudes e triunfos do filho (ou ent\u00e3o, inculpando-a pelos erros do filho) (!).<\/p>\n<p>A \u2013 Aqui vem, como que <em>de molde<\/em>, a rea\u00e7\u00e3o <em>entusi\u00e1stica<\/em> daquela mulher que, ao escutar Jesus, \u2018clamou\u2019, entre a multid\u00e3o: <em>\u201cFeliz o ventre que te trouxe e os seios que te amamentaram!\u201d <\/em><em>(Lc 11,<\/em><em>27<\/em><em>)<\/em>.<\/p>\n<p>B \u2013 No nosso <em>texto<\/em>, come\u00e7a-se por <em>\u201cbendizer ao Pai\u201d<\/em> pelo facto de nos ter <em>\u201caben\u00e7oado em Cristo\u201d<\/em> o Filho. C\u00e1 est\u00e1, <em>o Pai <\/em>no <em>Filho!<\/em> Ora, isto s\u00f3 foi poss\u00edvel pela <em>coopera\u00e7\u00e3o \u2018maternal\u2019 <\/em>de Maria, <em>a M\u00e3e!<\/em><\/p>\n<p>A \u2013 E \u00e9 para tal que foi necess\u00e1ria a <em>Imaculada<\/em> Concei\u00e7\u00e3o de Maria. Pois n\u00e3o podia ser \u201cconcebida em pecado\u201d (<em>\u2018maculada\u2019<\/em>) mas totalmente <em>isenta<\/em> de toda a \u2018mancha\u2019 (<em>\u201cin-maculada\u201d<\/em>) <em>aquela<\/em> que havia de <em>conceber<\/em> um <em>Redentor<\/em>, que vinha para eliminar o pecado e <em>redimir-nos<\/em> do mal.<\/p>\n<p>B \u2013 E, por consequ\u00eancia, para <em>\u201csermos n\u00f3s predestinados em Cristo<\/em> <em>\u00e0 salva\u00e7\u00e3o\u201d<\/em> \u2013 como diz o <em>texto<\/em> \u2013 antes devia <em>ser \u201cpredestinada\u201d,<\/em> <em>inc\u00f3lume,<\/em> aquela mulher que ia ser a M\u00e3e desse <em>Salvador<\/em>.<\/p>\n<p>&nbsp;<\/p>\n<p style=\"text-align: right;\">A\/B: <strong><em>Bendito sejas<\/em>, \u00f3 Deus, Pai de Cristo Jesus e nosso Pai! Sejas sempre louvado,<\/strong><\/p>\n<p style=\"text-align: right;\"><strong>porque nos Teus des\u00edgnios <em>predestinaste uma Mulher Imaculada<\/em> para ser M\u00e3e de Jesus\u2026<\/strong><\/p>\n<p style=\"text-align: right;\"><strong>Sejas sempre <em>Louvado-Amado<\/em> porque n\u2019Ele \u2013 Cristo teu Filho \u2013 e por Ela, Sua e nossa M\u00e3e,<\/strong><\/p>\n<p style=\"text-align: right;\"><strong><em>\u00a0\u201cpredestinaste-nos para sermos herdeiros\u201d <\/em><\/strong><strong>\u2013 filhos Teus e d\u2019Ela \u2013 e irm\u00e3os de Cristo Jesus!<\/strong><\/p>\n<p><strong>\u00a0<\/strong><\/p>\n<p>\/\/ <em>PARA uma outra REFLEX\u00c3O ALARGADA:<\/em> <a href=\"http:\/\/palavradeamorpalavra.sallep.net\">http:\/\/palavradeamorpalavra.sallep.net<\/a><\/p>\n","protected":false},"excerpt":{"rendered":"<p>\u201cBendito seja Deus, Pai de Nosso Senhor Jesus Cristo, que do alto dos C\u00e9us nos aben\u00e7oou\u2026 Foi assim que Ele nos escolheu em Cristo, antes da cria\u00e7\u00e3o do mundo, para sermos santos e irrepreens\u00edveis, em caridade, na sua presen\u00e7a. Ele nos predestinou a fim de sermos seus filhos\u2026 Em Cristo fomos constitu\u00eddos herdeiros, por termos [&hellip;]<\/p>\n","protected":false},"author":2,"featured_media":0,"comment_status":"open","ping_status":"open","sticky":false,"template":"","format":"standard","meta":{"footnotes":""},"categories":[6],"tags":[],"class_list":["post-3547","post","type-post","status-publish","format-standard","hentry","category-refletida","has-post-title","has-post-date","has-post-category","has-post-tag","has-post-comment","has-post-author",""],"builder_content":"","_links":{"self":[{"href":"https:\/\/palavradeamorpalavra.sallep.net\/index.php?rest_route=\/wp\/v2\/posts\/3547","targetHints":{"allow":["GET"]}}],"collection":[{"href":"https:\/\/palavradeamorpalavra.sallep.net\/index.php?rest_route=\/wp\/v2\/posts"}],"about":[{"href":"https:\/\/palavradeamorpalavra.sallep.net\/index.php?rest_route=\/wp\/v2\/types\/post"}],"author":[{"embeddable":true,"href":"https:\/\/palavradeamorpalavra.sallep.net\/index.php?rest_route=\/wp\/v2\/users\/2"}],"replies":[{"embeddable":true,"href":"https:\/\/palavradeamorpalavra.sallep.net\/index.php?rest_route=%2Fwp%2Fv2%2Fcomments&post=3547"}],"version-history":[{"count":1,"href":"https:\/\/palavradeamorpalavra.sallep.net\/index.php?rest_route=\/wp\/v2\/posts\/3547\/revisions"}],"predecessor-version":[{"id":3549,"href":"https:\/\/palavradeamorpalavra.sallep.net\/index.php?rest_route=\/wp\/v2\/posts\/3547\/revisions\/3549"}],"wp:attachment":[{"href":"https:\/\/palavradeamorpalavra.sallep.net\/index.php?rest_route=%2Fwp%2Fv2%2Fmedia&parent=3547"}],"wp:term":[{"taxonomy":"category","embeddable":true,"href":"https:\/\/palavradeamorpalavra.sallep.net\/index.php?rest_route=%2Fwp%2Fv2%2Fcategories&post=3547"},{"taxonomy":"post_tag","embeddable":true,"href":"https:\/\/palavradeamorpalavra.sallep.net\/index.php?rest_route=%2Fwp%2Fv2%2Ftags&post=3547"}],"curies":[{"name":"wp","href":"https:\/\/api.w.org\/{rel}","templated":true}]}}