{"id":3555,"date":"2018-12-07T23:19:33","date_gmt":"2018-12-07T23:19:33","guid":{"rendered":"http:\/\/palavradeamorpalavra.sallep.net\/?p=3555"},"modified":"2022-11-17T01:31:12","modified_gmt":"2022-11-17T01:31:12","slug":"uma-voz-clama-no-deserto","status":"publish","type":"post","link":"https:\/\/palavradeamorpalavra.sallep.net\/?p=3555","title":{"rendered":"\u00abUma voz clama no deserto&#8230;"},"content":{"rendered":"<p><a href=\"http:\/\/palavradeamorpalavra.sallep.net\/wp-content\/uploads\/2018\/12\/2cc-\u00abUma-voz-clama-no-deserto....jpg\"><img fetchpriority=\"high\" decoding=\"async\" class=\"aligncenter size-full wp-image-3556\" src=\"http:\/\/palavradeamorpalavra.sallep.net\/wp-content\/uploads\/2018\/12\/2cc-\u00abUma-voz-clama-no-deserto....jpg\" alt=\"2cc- \u00abUma voz clama no deserto...\" width=\"298\" height=\"350\" srcset=\"https:\/\/palavradeamorpalavra.sallep.net\/wp-content\/uploads\/2018\/12\/2cc-\u00abUma-voz-clama-no-deserto....jpg 298w, https:\/\/palavradeamorpalavra.sallep.net\/wp-content\/uploads\/2018\/12\/2cc-\u00abUma-voz-clama-no-deserto...-255x300.jpg 255w, https:\/\/palavradeamorpalavra.sallep.net\/wp-content\/uploads\/2018\/12\/2cc-\u00abUma-voz-clama-no-deserto...-398x467.jpg 398w\" sizes=\"(max-width: 298px) 100vw, 298px\" \/><\/a><\/p>\n<p><strong>&#8211;\u00a0<em>A<\/em>\u00a0<em>PALAVRA, Refletida<\/em>\u00a0ao ritmo Lit\u00fargico &#8211;<\/strong><\/p>\n<p><em>(Ciclo C \u2013 Domingo 2 do Advento)<\/em><\/p>\n<p><strong><em>\u00a0<\/em><\/strong><\/p>\n<p><strong><em>\u201cEst\u00e1 escrito no livro dos or\u00e1culos do profeta Isa\u00edas: \u00ab<u>Uma voz clama no deserto<\/u>: \u2018Preparai o caminho do Senhor, endireitai as suas veredas. Sejam alteados todos os vales e abatidos os montes e as colinas; endireitem-se os caminhos tortuosos e aplanem-se as veredas escarpadas; e toda a criatura ver\u00e1 a salva\u00e7\u00e3o de Deus\u2019\u00bb\u201d. (Lc 3,<\/em><\/strong><strong><em>4-6<\/em><\/strong> <strong><em>\/ 3\u00aa L.<\/em><\/strong><strong><em>).<\/em><\/strong><\/p>\n<p>&nbsp;<\/p>\n<p>O evangelista Lucas, ao iniciar os relatos da vida p\u00fablica de Jesus, come\u00e7a por apresentar a figura do Seu \u2018precursor\u2019, Jo\u00e3o Batista. E, logo de situar \u2013 hist\u00f3rica e geograficamente \u2013 o tempo da sua miss\u00e3o de <em>\u2018arauto\u2019 do Messias-Cristo<\/em>, introduz a <em>cita\u00e7\u00e3o<\/em> de um texto do profeta Isa\u00edas. Melhor dizendo, Lucas aplica diretamente ao \u2018Batista\u2019 aquele an\u00fancio do profeta, quando o <em>introduz<\/em> assim: <em>\u201cFoi dirigida a palavra de Deus a Jo\u00e3o, filho de Zacarias, no deserto. E ele percorreu toda a zona do rio Jord\u00e3o, pregando um batismo de penit\u00eancia para a remiss\u00e3o dos pecados, como est\u00e1 escrito no livro dos or\u00e1culos do profeta Isa\u00edas\u201d<\/em>.<\/p>\n<p>&nbsp;<\/p>\n<p>A \u2013 No tempo do Advento, e n\u00e3o s\u00f3, este texto de Isa\u00edas, aplicado ao Precursor do Messias Cristo Jesus, tem ficado j\u00e1 famoso. E ser\u00e1 que Jo\u00e3o Batista, sem o saber (!), estava a realiz\u00e1-lo?<\/p>\n<p>B \u2013 Seja como for, a vida deste <em>\u201c\u00faltimo profeta do AT\u201d<\/em> (que tamb\u00e9m pode ser considerado <em>\u2018o primeiro do NT\u2019<\/em>) encaixa perfeitamente com o seu estilo e modo de viver no deserto da Judeia\u2026<\/p>\n<p>A \u2013 Os evangelistas Mateus e Marcos o descrevem assim: <em>\u201cJo\u00e3o vestia-se de pelos de camelo e trazia uma correia de couro \u00e0 cintura; alimentava-se de gafanhotos e mel silvestre\u201d<\/em> (Mc 1; Mt 3).<\/p>\n<p>B \u2013 Ora, vivendo \u201cno deserto da Judeia\u201d e dessa guisa e feitio, est\u00e1 plenamente justificada a express\u00e3o <em>\u00abUma voz clama no deserto\u2026\u00bb<\/em>. Mas qual o significado de \u2018deserto\u2019, quer para <em>Jo\u00e3o<\/em> quer para <em>Jesus<\/em>, e evidentemente, para todos e cada um de n\u00f3s, que somos \u201cseus\u201d disc\u00edpulos?<\/p>\n<p>A \u2013 Devemos reconhecer, com os especialistas nestas mat\u00e9rias, a defini\u00e7\u00e3o de \u201cdeserto\u201d como: \u00abO lugar privilegiado para o encontro com Deus\u2026 e, portanto, a <em>Sua revela\u00e7\u00e3o<\/em>\u2026 Tamb\u00e9m \u2013 e por ser morada de seres demon\u00edacos \u2013 lugar oportuno para a tenta\u00e7\u00e3o; e, ent\u00e3o, para a luta interior&#8230; \u00bb.<\/p>\n<p>B \u2013 E agora, desde \u2018este <em>deserto\u2019<\/em>, anuncia-se que <em>\u201c\u00e9 preciso preparar o caminho do Senhor e endireitar as suas veredas\u201d<\/em>. Ou seja, o caminho por onde Ele quer chegar at\u00e9 cada um de n\u00f3s (!?).<\/p>\n<p>A \u2013 Mas como podemos preparar \u2018esses caminhos nossos\u2019? Que significa, ent\u00e3o, <em>\u201cabater os<\/em> <em>montes\u201d<\/em> e <em>\u201caltear os vales\u201d?<\/em> Ou <em>\u201caplanar veredas escarpadas\u201d<\/em> e <em>\u201ccorrigir caminhos tortuosos\u201d?<\/em><\/p>\n<p>B \u2013 A resposta \u00e9-nos dada por <em>duas mulheres da B\u00edblia<\/em>, que cantaram <em>\u2018inspiradas\u2019<\/em>\u2026 <em>\u201cO Senhor humilha e exalta\u201d<\/em> (dizia Ana, mulher de Elcana, no seu \u2018C\u00e2ntico\u2019\/1Sm 2); e referia-se aos que se acham \u201cfortes e superiores\u201d (que Ele <em>humilha<\/em>) e aos que s\u00e3o \u201csimples e fracos\u201d (que Ele <em>exalta<\/em>).<\/p>\n<p>A \u2013 A outra <em>mulher b\u00edblica<\/em>, s\u00f3 podia ser a Virgem Maria \u2013 que certamente tinha meditado e recitado muitas vezes o <em>\u201cC\u00e2ntico de Ana\u201d<\/em> antes de proclamar o seu <em>\u201cMagnificat\u201d<\/em> \u2013 onde diz: <em>\u201cDerrubou os poderosos de seus tronos e exaltou os humildes\u2026\u201d<\/em>.(Lc 1). \u00a0Isto \u00e9, os \u2018montes\u2019 e os \u2018vales\u2019!<\/p>\n<p>&nbsp;<\/p>\n<p style=\"text-align: right;\"><u>A-B<\/u>: <strong>Senhor, n\u00e3o \u00e9 que n\u00f3s recusemos ser \u2018altivos\u2019 para n\u00e3o sermos depois <em>abaixados<\/em>,<\/strong><\/p>\n<p style=\"text-align: right;\"><strong>nem procuramos ser <em>humildes<\/em> para, um dia, sermos \u2018enaltecidos\u2019 ou exaltados&#8230;<\/strong><\/p>\n<p style=\"text-align: right;\"><strong>S\u00f3 queremos, Senhor, imitar os que s\u00e3o <em>\u201cmansos e humildes <\/em>de cora\u00e7\u00e3o\u201d como Tu,<\/strong><\/p>\n<p style=\"text-align: right;\"><strong>e seguir o exemplo da nossa M\u00e3e, Maria, no \u2018s\u00edtio\u2019 dos que <em>servem<\/em> e <em>s\u00e3o humildes!<\/em>\u00a0\u00a0<\/strong><\/p>\n<p>&nbsp;<\/p>\n<p>\/\/ <em>PARA uma outra REFLEX\u00c3O ALARGADA:<\/em> <a href=\"http:\/\/palavradeamorpalavra.sallep.net\">http:\/\/palavradeamorpalavra.sallep.net<\/a><\/p>\n","protected":false},"excerpt":{"rendered":"<p>&#8211;\u00a0A\u00a0PALAVRA, Refletida\u00a0ao ritmo Lit\u00fargico &#8211; (Ciclo C \u2013 Domingo 2 do Advento) \u00a0 \u201cEst\u00e1 escrito no livro dos or\u00e1culos do profeta Isa\u00edas: \u00abUma voz clama no deserto: \u2018Preparai o caminho do Senhor, endireitai as suas veredas. Sejam alteados todos os vales e abatidos os montes e as colinas; endireitem-se os caminhos tortuosos e aplanem-se as [&hellip;]<\/p>\n","protected":false},"author":2,"featured_media":0,"comment_status":"open","ping_status":"open","sticky":false,"template":"","format":"standard","meta":{"footnotes":""},"categories":[6],"tags":[],"class_list":["post-3555","post","type-post","status-publish","format-standard","hentry","category-refletida","has-post-title","has-post-date","has-post-category","has-post-tag","has-post-comment","has-post-author",""],"builder_content":"","_links":{"self":[{"href":"https:\/\/palavradeamorpalavra.sallep.net\/index.php?rest_route=\/wp\/v2\/posts\/3555","targetHints":{"allow":["GET"]}}],"collection":[{"href":"https:\/\/palavradeamorpalavra.sallep.net\/index.php?rest_route=\/wp\/v2\/posts"}],"about":[{"href":"https:\/\/palavradeamorpalavra.sallep.net\/index.php?rest_route=\/wp\/v2\/types\/post"}],"author":[{"embeddable":true,"href":"https:\/\/palavradeamorpalavra.sallep.net\/index.php?rest_route=\/wp\/v2\/users\/2"}],"replies":[{"embeddable":true,"href":"https:\/\/palavradeamorpalavra.sallep.net\/index.php?rest_route=%2Fwp%2Fv2%2Fcomments&post=3555"}],"version-history":[{"count":2,"href":"https:\/\/palavradeamorpalavra.sallep.net\/index.php?rest_route=\/wp\/v2\/posts\/3555\/revisions"}],"predecessor-version":[{"id":3558,"href":"https:\/\/palavradeamorpalavra.sallep.net\/index.php?rest_route=\/wp\/v2\/posts\/3555\/revisions\/3558"}],"wp:attachment":[{"href":"https:\/\/palavradeamorpalavra.sallep.net\/index.php?rest_route=%2Fwp%2Fv2%2Fmedia&parent=3555"}],"wp:term":[{"taxonomy":"category","embeddable":true,"href":"https:\/\/palavradeamorpalavra.sallep.net\/index.php?rest_route=%2Fwp%2Fv2%2Fcategories&post=3555"},{"taxonomy":"post_tag","embeddable":true,"href":"https:\/\/palavradeamorpalavra.sallep.net\/index.php?rest_route=%2Fwp%2Fv2%2Ftags&post=3555"}],"curies":[{"name":"wp","href":"https:\/\/api.w.org\/{rel}","templated":true}]}}