{"id":3561,"date":"2018-12-14T17:35:41","date_gmt":"2018-12-14T17:35:41","guid":{"rendered":"http:\/\/palavradeamorpalavra.sallep.net\/?p=3561"},"modified":"2022-11-21T08:02:33","modified_gmt":"2022-11-21T08:02:33","slug":"nao-pratiqueis-violencia-2","status":"publish","type":"post","link":"https:\/\/palavradeamorpalavra.sallep.net\/?p=3561","title":{"rendered":"\u00abN\u00c3O PRATIQUEIS VIOL\u00caNCIA\u2026!\u00bb"},"content":{"rendered":"<p><a href=\"http:\/\/palavradeamorpalavra.sallep.net\/wp-content\/uploads\/2018\/12\/3c-N\u00e3o-pratiqueis-a-viol\u00eancia.jpg\"><img fetchpriority=\"high\" decoding=\"async\" class=\"aligncenter size-full wp-image-3562\" src=\"http:\/\/palavradeamorpalavra.sallep.net\/wp-content\/uploads\/2018\/12\/3c-N\u00e3o-pratiqueis-a-viol\u00eancia.jpg\" alt=\"3c- N\u00e3o pratiqueis a viol\u00eancia!\" width=\"500\" height=\"340\" srcset=\"https:\/\/palavradeamorpalavra.sallep.net\/wp-content\/uploads\/2018\/12\/3c-N\u00e3o-pratiqueis-a-viol\u00eancia.jpg 500w, https:\/\/palavradeamorpalavra.sallep.net\/wp-content\/uploads\/2018\/12\/3c-N\u00e3o-pratiqueis-a-viol\u00eancia-300x204.jpg 300w, https:\/\/palavradeamorpalavra.sallep.net\/wp-content\/uploads\/2018\/12\/3c-N\u00e3o-pratiqueis-a-viol\u00eancia-398x270.jpg 398w\" sizes=\"(max-width: 500px) 100vw, 500px\" \/><\/a><\/p>\n<p><em>(Ciclo C \u2013 3\u00ba Domingo do Advento)<\/em><\/p>\n<p><strong>\u00abN\u00c3O PRATIQUEIS VIOL\u00caNCIA\u2026!\u00bb\u00a0 <\/strong><strong>\u00a0<\/strong><\/p>\n<p>S\u00e3o palavras de Jo\u00e3o Batista, no <em>Evangelho<\/em> de hoje.<\/p>\n<p>Mas, antes de mais, escuta-se este clamor jubiloso, esperan\u00e7oso e promissor: <em>\u201cExultai e rejubilai de todo o cora\u00e7\u00e3o!\u201d..<\/em>. Clamor de Alegria, sempre fiel ao ritmo lit\u00fargico \u2013 tal como o ciclo das \u2018esta\u00e7\u00f5es clim\u00e1ticas\u2019 \u2013 que, ano ap\u00f3s ano, em cada 3\u00ba domingo do Advento, surge para n\u00f3s no meio desta nossa caminhada em dire\u00e7\u00e3o ao Natal. E os motivos desta Alegria s\u00e3o v\u00e1rios: Porque <em>\u201cafastou os nossos inimigos\u2026 <\/em>porque <em>\u201crevogou a senten\u00e7a que nos condenava\u201d\u2026 <\/em>porque <em>\u201co pr\u00f3prio Deus Salvador est\u00e1 no meio de n\u00f3s\u201d\u2026 <\/em>porque<em> \u201cnos renova com o seu Amor\u2026\u201d (Sf 3 \/ 1\u00aa L.).<\/em> Palavras <em>b\u00edblicas <\/em>que <em>ressoam melhor aos nossos ouvidos<\/em> agora que acabamos de <em>entrar<\/em> no \u00abAno Jubilar da<em> Miseric\u00f3rdia<\/em> Divina\u00bb; o grande <em>Jubileu<\/em> promulgado pelo nosso Papa Francisco.<\/p>\n<p>Mas\u2026 \u00ab\u00e9 justo e necess\u00e1rio\u00bb que \u2013 no meio dessa alegria por tantas raz\u00f5es \u2013 n\u00e3o esque\u00e7amos o nosso esfor\u00e7o constante por remover os obst\u00e1culos mais graves que, no nosso mundo, se op\u00f5em continuamente \u00e0queles valores mais \u201csagrados\u201d, que s\u00e3o os \u00fanicos capazes de causar a nossa verdadeira Alegria y Felicidade. E o primeiro desses \u201cvalores\u201d \u00e9 <em>o respeito e a defesa<\/em> da <em>Vida<\/em> dos outros (e da nossa!). Por\u00e9m, nestes tempos que s\u00e3o os nossos, o que se verifica \u00e9 a exist\u00eancia de muitas \u201cfor\u00e7as\u201d que ferem, destroem ou matam a vida humana, em qualquer uma das suas <em>fases<\/em> ou <em>idades<\/em>. Quantas formas de viol\u00eancia f\u00edsica e n\u00e3o s\u00f3! <em>Viol\u00eancia<\/em> t\u00e3o antiga como a humanidade (j\u00e1 desde \u201cCaim e Abel\u201d) e que continua a existir, muito tempo depois, no virar dos dois \u201cTestamentos\u201d, quando ainda eram frequentes as \u201cviol\u00eancias\u201d\u2026 Por isso \u00e9 lan\u00e7ada a <em>advert\u00eancia<\/em> de Jo\u00e3o Batista, o Profeta Precursor do Messias, no Evangelho de hoje: <em>\u201cN\u00e3o pratiqueis viol\u00eancia com ningu\u00e9m\u2026\u201d (Lc 3 \/ 3\u00aa L.).<\/em> Ali\u00e1s, foi o pr\u00f3prio Messias, Jesus \u2013 Pac\u00edfico e Misericordioso \u2013 que entregou a Sua vida, at\u00e9 \u00e0 Cruz, para <em>eliminar a viol\u00eancia<\/em> na vida das pessoas. Embora <em>nunca pela for\u00e7a das armas<\/em> (<em>\u201cquem utiliza a espada \u00e0 espada morrer\u00e1\u201d<\/em>, diria Ele<em> \/ Mt 26, 52<\/em>) mas com a sua revolu\u00e7\u00e3o, pac\u00edfica e eficaz, do Amor e da Miseric\u00f3rdia!<\/p>\n<p>Mesmo assim, e apesar destes vinte s\u00e9culos de cristianismo, n\u00e3o se compreende a presen\u00e7a de tanta viol\u00eancia no mundo. Tanto mais quanto que se descobre, na ideologia e no agir de muita gente, uma \u201cincoer\u00eancia\u201d total, inexplic\u00e1vel. As mesmas pessoas que condenam com toda a alma certas formas de viol\u00eancia, como os <em>terrorismos fan\u00e1ticos<\/em>, as <em>guerras letais<\/em>\u2026 ou a <em>viol\u00eancia de g\u00e9nero<\/em> (nos dois sentidos!), defendem, ao mesmo tempo, a chamada \u00ablei do aborto\u00bb, em volta da qual \u00e9 f\u00e1cil verificar os exageros, abusos e excessos que se cometem em muitas partes do mundo. Aut\u00eanticas \u00ababerra\u00e7\u00f5es\u00bb! Terr\u00edvel viol\u00eancia! Ser\u00e1 que \u2013 perguntamos n\u00f3s \u2013 v\u00e3o terminar algum dia aquelas outras <em>viol\u00eancias<\/em>\u2026 enquanto n\u00e3o acabemos com esta \u201cviol\u00eancia horrenda\u201d? Ou ser\u00e1 que essa maneira de atuar \u00e9 <em>inconsciente,<\/em> instintiva ou maquinal? Seja como for, uma coisa \u00e9 certa \u2013 aten\u00e7\u00e3o! \u2013: \u00abA Natureza e a Sociedade t\u00eam as \u201csuas leis internas\u201d e os seus \u201cmecanismos de autodefesa\u201d. Quer dizer, quando (elas) s\u00e3o atacadas naquilo que \u00e9 <em>o mais puro e genu\u00edno<\/em> \u2013 como <em>a vida nascente, incipiente<\/em> \u2013 defendem-se (como \u00e9 l\u00f3gico) eliminando os elementos \u201cmort\u00edferos e exterminadores\u201d, que ceifam e matam essas tenras vidas j\u00e1 em processo\u00bb. T\u00e3o simples como isso!<\/p>\n<p><em>Que Deus nos valha<\/em> (como diz o povo)<em>!<\/em> Porque, embora Ele tenha Paci\u00eancia e Miseric\u00f3rdia Infinitas \u2013 para compreender e respeitar a liberdade humana, e para Perdoar tudo e todos \u2013&#8230; poderia acontecer que alguma <em>for\u00e7a mal\u00e9fica<\/em> (um certo \u00abTerminator\u00bb!) quisesse dar cabo desta\u00a0<em>Humanidade<\/em> para p\u00f4r <em>\u2018outra\u2019<\/em> no seu lugar (!?).<\/p>\n<p>De qualquer maneira, optemos por ficar com as potencialidades positivas dessa nossa <em>Humanidade<\/em> e, como diz Paulo aos Filipenses: <em>\u201cN\u00e3o nos inquietemos com coisa alguma; mas em todas as circunst\u00e2ncias, apresentemos os nossos desejos diante de Deus, com ora\u00e7\u00f5es, s\u00faplicas e a\u00e7\u00f5es de gra\u00e7as&#8230; (Fl 4 \/ 2\u00aa L.).<\/em><\/p>\n<p>E, confiadamente ent\u00e3o, continuemos sempre a lutar \u2013 com a \u201cviol\u00eancia pac\u00edfica\u201d do Amor \u2013 para transformarmos as <em>\u00abplantas daninhas\u00bb<\/em> em <em>\u00abboas espigas<\/em>\u00bb, e para sermos daquele <em>\u201cbom trigo que ser\u00e1 recolhido no celeiro\u201d<\/em> e nunca da tal <em>\u201cpalha para queimar num fogo inextingu\u00edvel\u201d\u2026 <\/em>Pois, n\u00e3o em v\u00e3o fomos <em>\u201cbatizados no Esp\u00edrito Santo e no fogo\u2026<\/em>\u201d<em> (Lc 3 \/ 3\u00aa L.)<\/em>.<\/p>\n<p>&nbsp;<\/p>\n<p><em>Povos de toda a terra, exultai e cantai de alegria!<\/em><\/p>\n<p>\u00c9 este o nosso convite a toda a gente, Senhor,<\/p>\n<p>ainda que nos envolva uma <em>atmosfera de pessimismo<\/em>,<\/p>\n<p>ainda que certos setores da nossa sociedade<\/p>\n<p>possam ficar imersos nesse <em>ambiente irrespir\u00e1vel<\/em>\u2026<\/p>\n<p>Tu \u00e9s, \u00f3 Deus, o nosso Pai e Salvador,<\/p>\n<p>que nos livras de todos os \u00abinimigos violentos\u00bb\u2026<\/p>\n<p>Por isso, temos confian\u00e7a plena em Ti e nada tememos<\/p>\n<p>perante os que promovem ou geram <em>viol\u00eancias<\/em>\u2026<\/p>\n<p>Prometemos, \u00f3 <em>Pai de toda a Miseric\u00f3rdia<\/em>,<\/p>\n<p>que <em>as alegrias<\/em> pela nossa esperan\u00e7a na \u201cvit\u00f3ria\u201d<\/p>\n<p>n\u00e3o v\u00e3o fazer-nos esquecer o esfor\u00e7o na luta<\/p>\n<p>e as dificuldades que devemos enfrentar<\/p>\n<p>para defendermos sempre a parte mais d\u00e9bil,<\/p>\n<p>\u201cos mais pequenos e fracos\u201d do Evangelho.<\/p>\n<p>Pode parecer que muitos n\u00e3o entendem,<\/p>\n<p>ou querem l\u00e1 saber do que contraria o ego\u00edsmo,<\/p>\n<p>e do que contradiz os seus instintos egoc\u00eantricos,<\/p>\n<p>mas n\u00f3s continuamos a confiar em Ti.<\/p>\n<p>Porque Tu sabes esperar com Paci\u00eancia infinita,<\/p>\n<p>queres perdoar, Pai Bom, com Amor Eterno<\/p>\n<p>e aniquilar todas as viol\u00eancias humanas<\/p>\n<p>com a Tua Miseric\u00f3rdia que \u201ctudo vence\u201d\u2026<\/p>\n<p>E com amor e gratid\u00e3o esperamos sempre<\/p>\n<p>\u201ctirar \u00e1gua com alegria das fontes da Salva\u00e7\u00e3o\u201d<\/p>\n<p>enquanto louvamos, convidando todos a:<\/p>\n<p>\u201cCantar ao Senhor, porque Ele faz maravilhas!\u201d.<\/p>\n<p><em>\u00a0 \u00a0 \u00a0 \u00a0 \u00a0 \u00a0 \u00a0 [ do \u201cSalmo Responsorial\u201d \/ Is c. 12 ]<\/em><\/p>\n","protected":false},"excerpt":{"rendered":"<p>(Ciclo C \u2013 3\u00ba Domingo do Advento) \u00abN\u00c3O PRATIQUEIS VIOL\u00caNCIA\u2026!\u00bb\u00a0 \u00a0 S\u00e3o palavras de Jo\u00e3o Batista, no Evangelho de hoje. Mas, antes de mais, escuta-se este clamor jubiloso, esperan\u00e7oso e promissor: \u201cExultai e rejubilai de todo o cora\u00e7\u00e3o!\u201d&#8230; Clamor de Alegria, sempre fiel ao ritmo lit\u00fargico \u2013 tal como o ciclo das \u2018esta\u00e7\u00f5es clim\u00e1ticas\u2019 \u2013 [&hellip;]<\/p>\n","protected":false},"author":2,"featured_media":0,"comment_status":"open","ping_status":"open","sticky":false,"template":"","format":"standard","meta":{"footnotes":""},"categories":[6],"tags":[],"class_list":["post-3561","post","type-post","status-publish","format-standard","hentry","category-refletida","has-post-title","has-post-date","has-post-category","has-post-tag","has-post-comment","has-post-author",""],"builder_content":"","_links":{"self":[{"href":"https:\/\/palavradeamorpalavra.sallep.net\/index.php?rest_route=\/wp\/v2\/posts\/3561","targetHints":{"allow":["GET"]}}],"collection":[{"href":"https:\/\/palavradeamorpalavra.sallep.net\/index.php?rest_route=\/wp\/v2\/posts"}],"about":[{"href":"https:\/\/palavradeamorpalavra.sallep.net\/index.php?rest_route=\/wp\/v2\/types\/post"}],"author":[{"embeddable":true,"href":"https:\/\/palavradeamorpalavra.sallep.net\/index.php?rest_route=\/wp\/v2\/users\/2"}],"replies":[{"embeddable":true,"href":"https:\/\/palavradeamorpalavra.sallep.net\/index.php?rest_route=%2Fwp%2Fv2%2Fcomments&post=3561"}],"version-history":[{"count":2,"href":"https:\/\/palavradeamorpalavra.sallep.net\/index.php?rest_route=\/wp\/v2\/posts\/3561\/revisions"}],"predecessor-version":[{"id":3564,"href":"https:\/\/palavradeamorpalavra.sallep.net\/index.php?rest_route=\/wp\/v2\/posts\/3561\/revisions\/3564"}],"wp:attachment":[{"href":"https:\/\/palavradeamorpalavra.sallep.net\/index.php?rest_route=%2Fwp%2Fv2%2Fmedia&parent=3561"}],"wp:term":[{"taxonomy":"category","embeddable":true,"href":"https:\/\/palavradeamorpalavra.sallep.net\/index.php?rest_route=%2Fwp%2Fv2%2Fcategories&post=3561"},{"taxonomy":"post_tag","embeddable":true,"href":"https:\/\/palavradeamorpalavra.sallep.net\/index.php?rest_route=%2Fwp%2Fv2%2Ftags&post=3561"}],"curies":[{"name":"wp","href":"https:\/\/api.w.org\/{rel}","templated":true}]}}