{"id":3566,"date":"2018-12-14T17:42:48","date_gmt":"2018-12-14T17:42:48","guid":{"rendered":"http:\/\/palavradeamorpalavra.sallep.net\/?p=3566"},"modified":"2022-11-17T06:08:16","modified_gmt":"2022-11-17T06:08:16","slug":"irmaos-nao-vos-inquieteis-com-coisa-alguma","status":"publish","type":"post","link":"https:\/\/palavradeamorpalavra.sallep.net\/?p=3566","title":{"rendered":"\u00abIrm\u00e3os&#8230; N\u00e3o vos inquieteis com coisa alguma&#8230;"},"content":{"rendered":"<p><a href=\"http:\/\/palavradeamorpalavra.sallep.net\/wp-content\/uploads\/2018\/12\/3cc-\u00abIrm\u00e3os-n\u00e3o-vos-inquieteis-com-coisa-alguma....jpg\"><img fetchpriority=\"high\" decoding=\"async\" class=\"aligncenter size-full wp-image-3567\" src=\"http:\/\/palavradeamorpalavra.sallep.net\/wp-content\/uploads\/2018\/12\/3cc-\u00abIrm\u00e3os-n\u00e3o-vos-inquieteis-com-coisa-alguma....jpg\" alt=\"3cc- \u00abIrm\u00e3os, n\u00e3o vos inquieteis com coisa alguma...\" width=\"1200\" height=\"600\" srcset=\"https:\/\/palavradeamorpalavra.sallep.net\/wp-content\/uploads\/2018\/12\/3cc-\u00abIrm\u00e3os-n\u00e3o-vos-inquieteis-com-coisa-alguma....jpg 1200w, https:\/\/palavradeamorpalavra.sallep.net\/wp-content\/uploads\/2018\/12\/3cc-\u00abIrm\u00e3os-n\u00e3o-vos-inquieteis-com-coisa-alguma...-300x150.jpg 300w, https:\/\/palavradeamorpalavra.sallep.net\/wp-content\/uploads\/2018\/12\/3cc-\u00abIrm\u00e3os-n\u00e3o-vos-inquieteis-com-coisa-alguma...-768x384.jpg 768w, https:\/\/palavradeamorpalavra.sallep.net\/wp-content\/uploads\/2018\/12\/3cc-\u00abIrm\u00e3os-n\u00e3o-vos-inquieteis-com-coisa-alguma...-1024x512.jpg 1024w, https:\/\/palavradeamorpalavra.sallep.net\/wp-content\/uploads\/2018\/12\/3cc-\u00abIrm\u00e3os-n\u00e3o-vos-inquieteis-com-coisa-alguma...-1024x512-398x199.jpg 398w\" sizes=\"(max-width: 1200px) 100vw, 1200px\" \/><\/a><\/p>\n<p><strong>&#8211;\u00a0<em>A<\/em>\u00a0<em>PALAVRA, Refletida<\/em>\u00a0ao ritmo Lit\u00fargico &#8211;<\/strong><\/p>\n<p><em>(Ciclo C \u2013 Domingo 3 do Advento)<\/em><\/p>\n<p><strong><em>\u00a0<\/em><\/strong><\/p>\n<p><strong><em>\u201cIrm\u00e3os: Alegrai-vos sempre no Senhor. Novamente vos digo: Alegrai-vos!\u2026 <u>N\u00e3o vos inquieteis com coisa alguma<\/u>; mas em todas as circunst\u00e2ncias, apresentai os vossos pedidos diante de Deus, com ora\u00e7\u00f5es, s\u00faplicas e a\u00e7\u00f5es de gra\u00e7as. E a paz de Deus\u2026 guardar\u00e1 os vossos cora\u00e7\u00f5es\u2026 em Cristo Jesus\u201d. (Fl 4,<\/em><\/strong><strong><em>4.6-7<\/em><\/strong> <strong><em>\/ 2\u00aa L.<\/em><\/strong><strong><em>).<\/em><\/strong><\/p>\n<p>&nbsp;<\/p>\n<p>Muitos consideram esta <em>\u2018Carta aos crist\u00e3os de Filipos\u2019<\/em> (escrita desde uma das <em>pris\u00f5es<\/em> por que passou Paulo) como uma das cartas mais completas e admir\u00e1veis da sua autoria. Vale a pena, por isso, lembrar alguns \u2018dados\u2019 hist\u00f3ricos interessantes: Foi nesta cidade de Filipos (norte da Gr\u00e9cia) que se iniciou a <em>evangeliza\u00e7\u00e3o da Europa<\/em> (pelo ap\u00f3stolo Paulo e seus companheiros) <em>(At 16)<\/em>. Formou-se a\u00ed uma pequena comunidade, sobretudo de <em>origem pag\u00e3<\/em> (j\u00e1 que judeus havia muito poucos). Comunidade que se sentia particularmente unida a Paulo, e que, ao saber que ele fora <em>preso<\/em> (em \u00c9feso?; em Roma?), organizou uma coleta e <em>enviou<\/em> Epafrodito para a entregar a Paulo. Epafrodito, por\u00e9m, caiu doente estando com Paulo o que causou preocupa\u00e7\u00e3o em <em>Filipos<\/em>. Paulo, logo que o permitiu a cura da doen\u00e7a grave (<em>\u201c\u00e0 beira da morte\u201d<\/em>), <em>reenviou <\/em>\u2018o mensageiro\u2019 a Filipos, com esta Carta (<em>2,<\/em><em>27<\/em>). Portanto, trata-se de uma das \u2018Cartas do Cativeiro\u2019, e ter\u00e1 sido escrita no ano 56-57 (se desde a pris\u00e3o em <em>\u00c9feso<\/em>) ou no 63 (se desde a de <em>Roma<\/em>).<\/p>\n<p>&nbsp;<\/p>\n<p>A \u2013 Assim sendo, resulta mesmo <em>admir\u00e1vel<\/em> que a Carta esteja semeada, permeada, de express\u00f5es alusivas ao gozo e \u00e0 Alegria <em>(\u201cAlegrai-vos\u201d)!<\/em> <em>[ At\u00e9 9 vezes: cap.1 (<u>2x<\/u>); cap.2 (<u>4x<\/u>); cap.3 (<u>1x<\/u>); cap.4<\/em> <em>(<u>2x<\/u>) ]<\/em><em>.<\/em><\/p>\n<p>B \u2013 Mas, lendo a Carta com aten\u00e7\u00e3o, observa-se que essa <em>alegria,<\/em> que Paulo deseja aos outros e a si mesmo, n\u00e3o pode ser <em>artificial <\/em>nem <em>gratuita<\/em>. Ter\u00e1 uma causa, um custo. Haver\u00e1 que <em>provoc\u00e1-la!<\/em><\/p>\n<p>A \u2013 Ent\u00e3o, deve ser isso que o ap\u00f3stolo pretende explicar e aconselhar de diversos modos aos filipenses, com express\u00f5es do g\u00e9nero da que sublinhamos: <em>\u201cN\u00e3o vos inquieteis com coisa alguma\u201d<\/em>.<\/p>\n<p>B \u2013 Viver preocupado, inquieto, aflito\u2026 com seja l\u00e1 o que for, elimina o sossego e a calma, ou seja, <em>\u201ca paz\u201d<\/em> necess\u00e1ria para sentir a sincera, profunda e espont\u00e2nea <em>alegria<\/em> que propugna S. Paulo.<\/p>\n<p>A \u2013 Ser\u00e1 que ele recomenda, por isso, que <em>\u201capresentemos, em qualquer circunst\u00e2ncia, os nossos pedidos diante de Deus, com ora\u00e7\u00f5es, s\u00faplicas e a\u00e7\u00f5es de gra\u00e7as\u201d?<\/em> Que sentido tem isto?&#8230;<\/p>\n<p>B \u2013 Todavia, haver\u00e1 algum <em>crist\u00e3o<\/em> que n\u00e3o saiba \u2013 at\u00e9 por t\u00ea-lo experimentado na pr\u00f3pria vida \u2013 que, para evitar qualquer <em>inquieta\u00e7\u00e3o, preocupa\u00e7\u00e3o ou afli\u00e7\u00e3o<\/em>, <em>a arma<\/em> mais eficaz \u00e9 <em>a Ora\u00e7\u00e3o\u2026?<\/em><\/p>\n<p>A \u2013 E v\u00ea-se logo que os tais <em>\u201cpedidos, s\u00faplicas e a\u00e7\u00f5es de gra\u00e7as\u201d<\/em> que Paulo aconselha, obt\u00eam, precisamente, \u2018o fruto\u2019 da <em>\u201cpaz de Deus, nos nossos cora\u00e7\u00f5es, em Cristo Jesus\u201d<\/em>.<\/p>\n<p>B \u2013 E ent\u00e3o surge, como que natural e espontaneamente, a aut\u00eantica <em>Alegria em Deus<\/em> \u2013 <em>\u201calegrai-vos no Senhor\u201d<\/em> \u2013 que tantas vezes aparece nos 4 cap\u00edtulos desta Carta (como j\u00e1 ficou registado)!<\/p>\n<p><u>\u00a0<\/u><\/p>\n<p style=\"text-align: right;\"><u>A-B<\/u>: <strong>O teu ap\u00f3stolo Paulo, Senhor, fala das suas <em>pris\u00f5es<\/em> por causa do Evangelho;<\/strong><\/p>\n<p style=\"text-align: right;\"><strong>e fala tamb\u00e9m, na mesma carta, da Tua <em>Paix\u00e3o<\/em> <em>\u201cat\u00e9 \u00e0 morte e<\/em> <em>morte de Cruz\u201d<\/em>.<\/strong><\/p>\n<p style=\"text-align: right;\"><strong>Quais s\u00e3o, Jesus, as nossas <em>pris\u00f5es<\/em> e as nossas <em>cruzes<\/em>, por Ti e pelos irm\u00e3os?&#8230;<\/strong><\/p>\n<p style=\"text-align: right;\"><strong>\u00c0s vezes, por causa das nossas preocupa\u00e7\u00f5es, inquieta\u00e7\u00f5es\u2026 in\u00fateis,<\/strong><\/p>\n<p style=\"text-align: right;\"><strong>ou ent\u00e3o, pelos sofrimentos e cruzes, \u2018habituais\u2019\u2026 vivemos <em>sem alegria!<\/em><\/strong><\/p>\n<p style=\"text-align: right;\"><strong>Ent\u00e3o, com S. Paulo, <em>\u201cpedimos a paz de Deus Pai, para os nossos cora\u00e7\u00f5es\u201d<\/em>\u2026<\/strong><\/p>\n<p style=\"text-align: right;\"><strong><em>\u201cPaz\u201d<\/em><\/strong><strong> para <em>\u201cvivermos alegres em Ti, Cristo Jesus\u201d<\/em>, com sincera e genu\u00edna <em>alegria<\/em>.\u00a0 <\/strong><\/p>\n<p><strong>\u00a0\u00a0\u00a0 <\/strong><\/p>\n<p>\/\/ <em>PARA uma outra REFLEX\u00c3O ALARGADA:<\/em> <a href=\"http:\/\/palavradeamorpalavra.sallep.net\">http:\/\/palavradeamorpalavra.sallep.net<\/a><\/p>\n","protected":false},"excerpt":{"rendered":"<p>&#8211;\u00a0A\u00a0PALAVRA, Refletida\u00a0ao ritmo Lit\u00fargico &#8211; (Ciclo C \u2013 Domingo 3 do Advento) \u00a0 \u201cIrm\u00e3os: Alegrai-vos sempre no Senhor. Novamente vos digo: Alegrai-vos!\u2026 N\u00e3o vos inquieteis com coisa alguma; mas em todas as circunst\u00e2ncias, apresentai os vossos pedidos diante de Deus, com ora\u00e7\u00f5es, s\u00faplicas e a\u00e7\u00f5es de gra\u00e7as. E a paz de Deus\u2026 guardar\u00e1 os vossos [&hellip;]<\/p>\n","protected":false},"author":2,"featured_media":0,"comment_status":"open","ping_status":"open","sticky":false,"template":"","format":"standard","meta":{"footnotes":""},"categories":[6],"tags":[],"class_list":["post-3566","post","type-post","status-publish","format-standard","hentry","category-refletida","has-post-title","has-post-date","has-post-category","has-post-tag","has-post-comment","has-post-author",""],"builder_content":"","_links":{"self":[{"href":"https:\/\/palavradeamorpalavra.sallep.net\/index.php?rest_route=\/wp\/v2\/posts\/3566","targetHints":{"allow":["GET"]}}],"collection":[{"href":"https:\/\/palavradeamorpalavra.sallep.net\/index.php?rest_route=\/wp\/v2\/posts"}],"about":[{"href":"https:\/\/palavradeamorpalavra.sallep.net\/index.php?rest_route=\/wp\/v2\/types\/post"}],"author":[{"embeddable":true,"href":"https:\/\/palavradeamorpalavra.sallep.net\/index.php?rest_route=\/wp\/v2\/users\/2"}],"replies":[{"embeddable":true,"href":"https:\/\/palavradeamorpalavra.sallep.net\/index.php?rest_route=%2Fwp%2Fv2%2Fcomments&post=3566"}],"version-history":[{"count":1,"href":"https:\/\/palavradeamorpalavra.sallep.net\/index.php?rest_route=\/wp\/v2\/posts\/3566\/revisions"}],"predecessor-version":[{"id":3568,"href":"https:\/\/palavradeamorpalavra.sallep.net\/index.php?rest_route=\/wp\/v2\/posts\/3566\/revisions\/3568"}],"wp:attachment":[{"href":"https:\/\/palavradeamorpalavra.sallep.net\/index.php?rest_route=%2Fwp%2Fv2%2Fmedia&parent=3566"}],"wp:term":[{"taxonomy":"category","embeddable":true,"href":"https:\/\/palavradeamorpalavra.sallep.net\/index.php?rest_route=%2Fwp%2Fv2%2Fcategories&post=3566"},{"taxonomy":"post_tag","embeddable":true,"href":"https:\/\/palavradeamorpalavra.sallep.net\/index.php?rest_route=%2Fwp%2Fv2%2Ftags&post=3566"}],"curies":[{"name":"wp","href":"https:\/\/api.w.org\/{rel}","templated":true}]}}