{"id":3573,"date":"2018-12-20T23:13:01","date_gmt":"2018-12-20T23:13:01","guid":{"rendered":"http:\/\/palavradeamorpalavra.sallep.net\/?p=3573"},"modified":"2022-11-17T13:10:50","modified_gmt":"2022-11-17T13:10:50","slug":"bendita-es-tu-entre-as-mulheres","status":"publish","type":"post","link":"https:\/\/palavradeamorpalavra.sallep.net\/?p=3573","title":{"rendered":"\u00abBendita \u00e9s tu entre as mulheres&#8230;"},"content":{"rendered":"<p><a href=\"http:\/\/palavradeamorpalavra.sallep.net\/wp-content\/uploads\/2018\/12\/4cc-\u00abBendita-\u00e9s-tu-entre-as-mulheres....jpg\"><img fetchpriority=\"high\" decoding=\"async\" class=\"aligncenter size-full wp-image-3575\" src=\"http:\/\/palavradeamorpalavra.sallep.net\/wp-content\/uploads\/2018\/12\/4cc-\u00abBendita-\u00e9s-tu-entre-as-mulheres....jpg\" alt=\"4cc- \u00abBendita \u00e9s tu entre as mulheres...\" width=\"509\" height=\"709\" srcset=\"https:\/\/palavradeamorpalavra.sallep.net\/wp-content\/uploads\/2018\/12\/4cc-\u00abBendita-\u00e9s-tu-entre-as-mulheres....jpg 509w, https:\/\/palavradeamorpalavra.sallep.net\/wp-content\/uploads\/2018\/12\/4cc-\u00abBendita-\u00e9s-tu-entre-as-mulheres...-215x300.jpg 215w, https:\/\/palavradeamorpalavra.sallep.net\/wp-content\/uploads\/2018\/12\/4cc-\u00abBendita-\u00e9s-tu-entre-as-mulheres...-398x554.jpg 398w\" sizes=\"(max-width: 509px) 100vw, 509px\" \/><\/a><\/p>\n<p><strong>&#8211;\u00a0<em>A<\/em>\u00a0<em>PALAVRA, Refletida<\/em>\u00a0ao ritmo Lit\u00fargico &#8211;<\/strong><\/p>\n<p><em>(Ciclo C \u2013 Domingo 4 do Advento)<\/em><\/p>\n<p><strong><em>\u00a0<\/em><\/strong><\/p>\n<p><strong><em>\u201cMaria p\u00f4s-se a caminho e dirigiu-se apressadamente para a montanha, em dire\u00e7\u00e3o a uma cidade de Jud\u00e1 \u2026 Isabel ficou cheia do Esp\u00edrito Santo e exclamou em alta voz: \u00ab<u>Bendita \u00e9s tu entre as mulheres<\/u> e bendito \u00e9 o fruto do teu ventre. Donde me \u00e9 dado que venha ter comigo a M\u00e3e do meu Senhor?&#8230;\u00bb\u201d. (Lc 1,<\/em><\/strong><strong><em>39.42<\/em><\/strong> <strong><em>\/ 3\u00aa L.<\/em><\/strong><strong><em>).<\/em><\/strong><\/p>\n<p>&nbsp;<\/p>\n<p>Mesmo nas v\u00e9speras do <em>Nascimento<\/em> de Cristo Jesus, a protagonista principal \u2013 na <em>Palavra <\/em>deste \u00faltimo domingo do Advento \u2013 n\u00e3o podia ser outra que a Sua M\u00e3e, Maria. Por isso, al\u00e9m do texto que escolhemos, do Evangelho, e para projetar mais luz sobre o tema, \u00e9 bom transcrever aqui estes dois excertos relativos a Maria (<em>das outras duas Leituras<\/em>): <em>(da 1\u00aaL \/Mq 5)-<\/em><em>\u201c\u2026At\u00e9 \u00e0 altura em que der \u00e0 luz aquela que h\u00e1 de ser m\u00e3e&#8230;\u201d; <\/em><em>(e da 2\u00aaL \/Hb 10)<\/em><em>-\u201c\u2026N\u00e3o quiseste sacrif\u00edcios nem obla\u00e7\u00f5es, mas formaste-Me um corpo&#8230;\u201d <\/em>(o que s\u00f3 foi poss\u00edvel <em>\u201cem Maria e por Maria\u201d<\/em>)\u2026 Tudo para <em>centrar<\/em> a nossa <em>reflex\u00e3o<\/em> sobre aquilo que \u00e9 <em>comum \u00e0s tr\u00eas<\/em> Leituras e concernente a Maria.<\/p>\n<p>&nbsp;<\/p>\n<p>A \u2013 V\u00ea-se logo que, na Virgem Maria, cumpre-se perfeitamente aquela afirma\u00e7\u00e3o de Jesus: <em>\u201cquem se humilha ser\u00e1 exaltado\u201d<\/em><em>(Mt 23; Lc 14 e 18)<\/em><em>.<\/em> Quanto mais Ela \u00e9 humilde, tanto mais \u00e9 exaltada!<\/p>\n<p>B \u2013 Acaba de proclamar que <em>\u201co Senhor fez nela maravilhas\u201d<\/em> (\u2018pois est\u00e1 a sentir-se M\u00e3e de Deus\u2019) e n\u00e3o tem a menor relut\u00e2ncia em <em>\u201cp\u00f4r-se a caminho apressadamente para a montanha\u201d<\/em> de Jud\u00e1!<\/p>\n<p>A \u2013 \u00c9 que Maria tinha compreendido que era l\u00e1 que Deus a queria agora, pelas \u00faltimas palavras do Anjo (<em>\u201ca tua parente Isabel tem concebido um filho na sua velhice e j\u00e1 est\u00e1 no sexto m\u00eas\u201d<\/em>)\u2026<\/p>\n<p>B \u2013 E estamos t\u00e3o afeitos a ouvir dizer, de Maria, que \u00e9 a <em>Concei\u00e7\u00e3o Imaculada<\/em>, a <em>Sempre Virgem<\/em>, a <em>M\u00e3e de Deus<\/em>\u2026 que quando observamos a sua cont\u00ednua <em>singeleza e mod\u00e9stia<\/em>, a sua <em>humildade e \u2018pequenez\u2019<\/em>, a sua incessante <em>atitude de servi\u00e7o<\/em>\u2026 ficamos certamente desorientados e confusos!<\/p>\n<p>A \u2013 No entanto, podemos dizer que esta <em>sua atitude e conduta<\/em> \u00e9 o espec\u00edfico, o caracter\u00edstico, o pr\u00f3prio d\u2019Ela, enquanto que o primeiro \u2013 os seus <em>atributos<\/em> e <em>privil\u00e9gios<\/em> \u2013 s\u00e3o iniciativa de Deus (!?).<\/p>\n<p>B \u2013 Mais uma vez \u2013 e j\u00e1 s\u00e3o tantas! \u2013 estamos perante o modo de agir de Deus, o seu jeito de proceder, o estilo do seu des\u00edgnio divino, que sempre foi e ser\u00e1: <em>Atuando<\/em> <em>\u2018desde o mais<\/em> <em>pequeno\u2019!<\/em><\/p>\n<p>A \u2013 Sim, as constantes s\u00e3o sempre as mesmas: <em>\u00abDe ti, Bel\u00e9m-Efrata, pequena entre as cidades de Jud\u00e1\u2026 At\u00e9 \u00e0 altura em que der \u00e0 luz aquela que h\u00e1 de ser m\u00e3e\u2026\u00bb<\/em>. Assim de simples e \u2018pequeno\u2019!<\/p>\n<p>B \u2013 Mesmo que a sua parente Isabel a proclame <em>\u201cbendita entre as mulheres\u2026\u201d<\/em>, Ela dir\u00e1: <em>\u201cPorque p\u00f4s os olhos na humildade da sua serva. Doravante me chamar\u00e3o ditosa todas as gera\u00e7\u00f5es\u201d\u2026<\/em><\/p>\n<p>&nbsp;<\/p>\n<p style=\"text-align: right;\"><u>A-B<\/u>: <strong>Senhor, ser\u00e1 que hoje podemos rezar com Maria <em>\u2018o<\/em> <em>Magnificat\u2019<\/em> (o d\u2019Ela e nosso)?:<\/strong><\/p>\n<p style=\"text-align: right;\"><strong><em>\u201cA nossa alma Te glorifica, Senhor, e o nosso esp\u00edrito se alegra em Ti, Deus Salvador\u2026<\/em><\/strong><\/p>\n<p style=\"text-align: right;\"><strong><em>Tu por\u00e1s os olhos em n\u00f3s se formos humildes servos e vivermos para os outros\u2026<\/em><\/strong><\/p>\n<p style=\"text-align: right;\"><strong><em>Com este nosso exemplo diante dos outros, eles glorificar\u00e3o, \u00f3 Pai, o Teu nome Santo. <\/em><\/strong><\/p>\n<p style=\"text-align: right;\"><strong><em>Estamos certos \u2013 com a certeza de Maria, a M\u00e3e \u2013 que a Tua Miseric\u00f3rdia \u00e9 eterna;<\/em><\/strong><\/p>\n<p style=\"text-align: right;\"><strong><em>que sempre podemos confiar na Tua bondade e miseric\u00f3rdia, de gera\u00e7\u00e3o em gera\u00e7\u00e3o&#8230;<\/em><\/strong><\/p>\n<p style=\"text-align: right;\"><strong><em>Os soberbos s\u00e3o dispersos, os poderosos vencidos, os ricos ir\u00e3o sem nada&#8230; <\/em><\/strong><\/p>\n<p style=\"text-align: right;\"><strong><em>Por\u00e9m, Tu sempre exaltar\u00e1s os humildes e encher\u00e1s de bens os famintos&#8230;\u201d.<\/em><\/strong><\/p>\n<p style=\"text-align: right;\"><strong>O Teu louvor \u2013 Pai, Filho e Esp\u00edrito Santo \u2013 estar\u00e1 sempre na nossa alma e cora\u00e7\u00e3o! \u00a0<\/strong><\/p>\n<p><strong>\u00a0 \u00a0\u00a0\u00a0\u00a0<\/strong><\/p>\n<p>\/\/ <em>PARA uma outra REFLEX\u00c3O ALARGADA:<\/em> <a href=\"http:\/\/palavradeamorpalavra.sallep.net\">http:\/\/palavradeamorpalavra.sallep.net<\/a><\/p>\n","protected":false},"excerpt":{"rendered":"<p>&#8211;\u00a0A\u00a0PALAVRA, Refletida\u00a0ao ritmo Lit\u00fargico &#8211; (Ciclo C \u2013 Domingo 4 do Advento) \u00a0 \u201cMaria p\u00f4s-se a caminho e dirigiu-se apressadamente para a montanha, em dire\u00e7\u00e3o a uma cidade de Jud\u00e1 \u2026 Isabel ficou cheia do Esp\u00edrito Santo e exclamou em alta voz: \u00abBendita \u00e9s tu entre as mulheres e bendito \u00e9 o fruto do teu [&hellip;]<\/p>\n","protected":false},"author":2,"featured_media":0,"comment_status":"open","ping_status":"open","sticky":false,"template":"","format":"standard","meta":{"footnotes":""},"categories":[6],"tags":[],"class_list":["post-3573","post","type-post","status-publish","format-standard","hentry","category-refletida","has-post-title","has-post-date","has-post-category","has-post-tag","has-post-comment","has-post-author",""],"builder_content":"","_links":{"self":[{"href":"https:\/\/palavradeamorpalavra.sallep.net\/index.php?rest_route=\/wp\/v2\/posts\/3573","targetHints":{"allow":["GET"]}}],"collection":[{"href":"https:\/\/palavradeamorpalavra.sallep.net\/index.php?rest_route=\/wp\/v2\/posts"}],"about":[{"href":"https:\/\/palavradeamorpalavra.sallep.net\/index.php?rest_route=\/wp\/v2\/types\/post"}],"author":[{"embeddable":true,"href":"https:\/\/palavradeamorpalavra.sallep.net\/index.php?rest_route=\/wp\/v2\/users\/2"}],"replies":[{"embeddable":true,"href":"https:\/\/palavradeamorpalavra.sallep.net\/index.php?rest_route=%2Fwp%2Fv2%2Fcomments&post=3573"}],"version-history":[{"count":2,"href":"https:\/\/palavradeamorpalavra.sallep.net\/index.php?rest_route=\/wp\/v2\/posts\/3573\/revisions"}],"predecessor-version":[{"id":3577,"href":"https:\/\/palavradeamorpalavra.sallep.net\/index.php?rest_route=\/wp\/v2\/posts\/3573\/revisions\/3577"}],"wp:attachment":[{"href":"https:\/\/palavradeamorpalavra.sallep.net\/index.php?rest_route=%2Fwp%2Fv2%2Fmedia&parent=3573"}],"wp:term":[{"taxonomy":"category","embeddable":true,"href":"https:\/\/palavradeamorpalavra.sallep.net\/index.php?rest_route=%2Fwp%2Fv2%2Fcategories&post=3573"},{"taxonomy":"post_tag","embeddable":true,"href":"https:\/\/palavradeamorpalavra.sallep.net\/index.php?rest_route=%2Fwp%2Fv2%2Ftags&post=3573"}],"curies":[{"name":"wp","href":"https:\/\/api.w.org\/{rel}","templated":true}]}}