{"id":3587,"date":"2018-12-25T12:26:13","date_gmt":"2018-12-25T12:26:13","guid":{"rendered":"http:\/\/palavradeamorpalavra.sallep.net\/?p=3587"},"modified":"2022-11-17T11:35:05","modified_gmt":"2022-11-17T11:35:05","slug":"encontrareis-um-menino-recem-nascido-envolto-em-panos","status":"publish","type":"post","link":"https:\/\/palavradeamorpalavra.sallep.net\/?p=3587","title":{"rendered":"\u00abEncontrareis um Menino rec\u00e9m-nascido, envolto em panos&#8230;"},"content":{"rendered":"<p><a href=\"http:\/\/palavradeamorpalavra.sallep.net\/wp-content\/uploads\/2018\/12\/5cc-\u00abEncontrareis-um-Menino-rec\u00e9m-nascido-envolto-em-panos...-1.jpg\"><img fetchpriority=\"high\" decoding=\"async\" class=\"aligncenter size-full wp-image-3588\" src=\"http:\/\/palavradeamorpalavra.sallep.net\/wp-content\/uploads\/2018\/12\/5cc-\u00abEncontrareis-um-Menino-rec\u00e9m-nascido-envolto-em-panos...-1.jpg\" alt=\"5cc- \u00abEncontrareis um Menino rec\u00e9m-nascido, envolto em panos...\" width=\"1440\" height=\"900\" srcset=\"https:\/\/palavradeamorpalavra.sallep.net\/wp-content\/uploads\/2018\/12\/5cc-\u00abEncontrareis-um-Menino-rec\u00e9m-nascido-envolto-em-panos...-1.jpg 1440w, https:\/\/palavradeamorpalavra.sallep.net\/wp-content\/uploads\/2018\/12\/5cc-\u00abEncontrareis-um-Menino-rec\u00e9m-nascido-envolto-em-panos...-1-300x188.jpg 300w, https:\/\/palavradeamorpalavra.sallep.net\/wp-content\/uploads\/2018\/12\/5cc-\u00abEncontrareis-um-Menino-rec\u00e9m-nascido-envolto-em-panos...-1-768x480.jpg 768w, https:\/\/palavradeamorpalavra.sallep.net\/wp-content\/uploads\/2018\/12\/5cc-\u00abEncontrareis-um-Menino-rec\u00e9m-nascido-envolto-em-panos...-1-1024x640.jpg 1024w, https:\/\/palavradeamorpalavra.sallep.net\/wp-content\/uploads\/2018\/12\/5cc-\u00abEncontrareis-um-Menino-rec\u00e9m-nascido-envolto-em-panos...-1-1024x640-398x248.jpg 398w\" sizes=\"(max-width: 1440px) 100vw, 1440px\" \/><\/a><\/p>\n<p><strong>&#8211;\u00a0<em>A<\/em>\u00a0<em>PALAVRA, Refletida<\/em>\u00a0ao ritmo Lit\u00fargico &#8211;<\/strong><\/p>\n<p><em>(Ciclo C \u2013 NATAL do Senhor)<\/em><\/p>\n<p><strong><em>\u00a0<\/em><\/strong><\/p>\n<p><strong><em>\u201cChegou o dia de ela dar \u00e0 luz, e teve o seu Filho primog\u00e9nito. Envolveu-O em panos e deitou-O numa manjedoura, porque n\u00e3o havia lugar para eles na hospedaria <\/em><\/strong><em>(<strong>\u2026<\/strong>)<strong> O Anjo do Senhor disse aos pastores: \u2026Nasceu-vos hoje, na cidade de David, um Salvador, que \u00e9 Cristo Senhor. Isto vos servir\u00e1 de sinal: <u>Encontrareis um Menino rec\u00e9m-nascido, envolto em panos<\/u> e deitado numa manjedoura\u00bb\u201d. (Lc 2,<\/strong><\/em><strong><em>6-7.11-12<\/em><\/strong> <strong><em>\/ 3\u00aa L.-<\/em><\/strong><strong><em>Ev. da Missa da Meia Noite<\/em><\/strong><strong><em>).<\/em><\/strong><\/p>\n<p>&nbsp;<\/p>\n<p>Lembremos aqui, antes de mais, que Lucas \u00e9 <em>o \u00fanico evangelista<\/em> a descrever \u2013 at\u00e9 com um certo pormenor \u2013 <em>o nascimento<\/em> de Jesus, bem como os primeiros momentos de vida do beb\u00e9, logo a seguir ao parto (feliz, mas \u201cacidentado\u201d!) que Maria teve. E na <em>sensibilidade<\/em> de Lucas, refletida neste relato, fica patente uma das caracter\u00edsticas deste evangelista, que os especialistas na mat\u00e9ria descrevem assim: <em>\u00abLucas mostra o Filho de Deus como Salvador de todos os homens, com particular aten\u00e7\u00e3o aos pequeninos, pobres, pecadores e pag\u00e3os\u00bb<\/em>. Temos c\u00e1 o<em> beb\u00e9<\/em> e os<em> pastores!<\/em><\/p>\n<p>&nbsp;<\/p>\n<p>A \u2013 Tantas vezes temos refletido j\u00e1 acerca da <em>conduta de Deus<\/em>, que se compraz em agir sempre partindo desde o mais <em>pequeno, humilde<\/em> e despercebido! \u00c9 o Seu estilo! \u2013 Lembram-se? \u2013\u2026<\/p>\n<p>B \u2013 Quando, no AT, se anunciava que <em>\u201cuma virgem daria \u00e0 luz um filho\u201d<\/em>, quem ia imaginar que esta profecia teria o seu cumprimento do modo como aconteceu e que nos relata este Evangelho?&#8230;<\/p>\n<p>A \u2013 A verdade \u00e9 que, as <em>v\u00e1rias passagens<\/em> das <em>Escrituras Antigas, <\/em>mostram \u2018um Filho\u2019 <em>digno da Divindade<\/em>. Por exemplo, ao dizer:<em> \u201c\u00abTu \u00e9s meu Filho, Eu hoje Te gerei\u00bb. E ainda: \u00abEu serei para Ele um Pai, e Ele ser\u00e1 para Mim um Filho\u00bb?\u201d. <\/em><em>(Citando na Carta Hb 1 \/ 2\u00aa L.<strong>:<\/strong> o <u>Sl 2<\/u>,5; e <u>2 Sm 7<\/u>,14).<\/em><\/p>\n<p>B \u2013 Ou, ent\u00e3o <em>(<\/em><em>na mesma Carta aos Hb, citando o <u>Sl 97<\/u>\/96)<\/em>: <em>\u201cAo introduzir no mundo o seu Primog\u00e9nito disse: \u00abAdorem-n\u2019O todos os Anjos de Deus\u00bb\u201d<\/em>. E agora vemos que, na realidade, este beb\u00e9 de Bel\u00e9m nem \u00e9 adorado como <em>rei Primog\u00e9nito<\/em>, nem s\u00e3o os Anjos que o adoram, mas <em>os pastores!<\/em><\/p>\n<p>A \u2013 Realmente, quem observa com aten\u00e7\u00e3o o ambiente que rodeia este \u201cacontecimento\u201d, nunca poderia pensar que \u00abiria mudar o curso da Hist\u00f3ria\u00bb com tudo o que isso trouxe consigo! Mas foi!<\/p>\n<p>B \u2013 E foi-o: atrav\u00e9s de uma <em>\u201cjovem virgem\u201d<\/em> humilde e desconhecida; que <em>\u201cdeu \u00e0 luz um filho\u201d<\/em> numa miser\u00e1vel <em>\u201cgruta de pastores\u201d; <\/em>cujo beb\u00e9 foi <em>\u201cenvolto em panos e deitado numa manjedoura\u201d<\/em>\u2026<\/p>\n<p>A \u2013 Perante isto: cessam as palavras, acabam os coment\u00e1rios, n\u00e3o t\u00eam valor qualquer racioc\u00ednio humano\u2026 Fica, apenas e s\u00f3, <em>a contempla\u00e7\u00e3o, o enlevo, o \u00eaxtase\u2026 e um Amor inflamado e meigo!<\/em><\/p>\n<p><u>\u00a0<\/u><\/p>\n<p style=\"text-align: right;\"><u>A-B<\/u>: <strong>Por isso, deixa-nos, M\u00e3e, Maria, \u201corar\u201d contigo uma \u00abcan\u00e7\u00e3o de embalar\u00bb\u2026<\/strong><\/p>\n<p style=\"text-align: right;\"><strong>Deixa, agora, que, contigo, <em>contemplemos<\/em> \u2018teu Menino\u2019, hoje nascido p\u2019ra n\u00f3s<\/strong><\/p>\n<p style=\"text-align: right;\"><strong>\u2013 \u201cora\u00e7\u00e3o\u201d de <em>Louvor-Amor<\/em> ao Pai-Deus por todos os <em>meninos que \u2018nascem\u2019;<\/em><\/strong><\/p>\n<p style=\"text-align: right;\"><strong>e \u201cora\u00e7\u00e3o\u201d de <em>Perd\u00e3o, Pai, pelos<\/em> <em>meninos que<\/em> <em>\u2018n\u00e3o nascem\u2019<\/em> por nossos \u2018pecados\u2019! \u2013 : <\/strong><\/p>\n<p style=\"text-align: right;\"><strong><em>\u00abDorme, dorme, meu filhinho, \/ um soninho descansado, \/ que o Anjo da tua Guarda \/<\/em><\/strong><\/p>\n<p style=\"text-align: right;\"><strong><em>vela por ti, ao teu lado. \/ Nana, nana, meu Menino, \/ que a M\u00e3ezinha logo vem, \/<\/em><\/strong><\/p>\n<p style=\"text-align: right;\"><strong><em>foi lavar os cueirinhos \/ \u00e0 fontinha de Bel\u00e9m. \/ N\u00e3o choreis, \u00f3 meu Menino! \/<\/em><\/strong><\/p>\n<p style=\"text-align: right;\"><strong><em>N\u00e3o choreis, \u00f3 meu amor! \/ Essas l\u00e1grimas choradas \/ cortam-me a alma de dor!<\/em><\/strong><\/p>\n<p style=\"text-align: right;\"><strong><em>As passadas do caminho \/ sei-as eu todas de cor. \/<\/em><\/strong><\/p>\n<p style=\"text-align: right;\"><strong><em>S\u00f3 n\u00e3o sei o teu destino, \/ meu Menino! Meu Amor!\u00bb.<\/em><\/strong><\/p>\n<p><strong>\u00a0\u00a0\u00a0 \u00a0\u00a0\u00a0<\/strong><\/p>\n<p><strong>\u00a0<\/strong>\/\/ <em>PARA uma outra REFLEX\u00c3O ALARGADA:<\/em> <a href=\"http:\/\/palavradeamorpalavra.sallep.net\">http:\/\/palavradeamorpalavra.sallep.net<\/a><\/p>\n","protected":false},"excerpt":{"rendered":"<p>&#8211;\u00a0A\u00a0PALAVRA, Refletida\u00a0ao ritmo Lit\u00fargico &#8211; (Ciclo C \u2013 NATAL do Senhor) \u00a0 \u201cChegou o dia de ela dar \u00e0 luz, e teve o seu Filho primog\u00e9nito. Envolveu-O em panos e deitou-O numa manjedoura, porque n\u00e3o havia lugar para eles na hospedaria (\u2026) O Anjo do Senhor disse aos pastores: \u2026Nasceu-vos hoje, na cidade de David, [&hellip;]<\/p>\n","protected":false},"author":2,"featured_media":0,"comment_status":"open","ping_status":"open","sticky":false,"template":"","format":"standard","meta":{"footnotes":""},"categories":[6],"tags":[],"class_list":["post-3587","post","type-post","status-publish","format-standard","hentry","category-refletida","has-post-title","has-post-date","has-post-category","has-post-tag","has-post-comment","has-post-author",""],"builder_content":"","_links":{"self":[{"href":"https:\/\/palavradeamorpalavra.sallep.net\/index.php?rest_route=\/wp\/v2\/posts\/3587","targetHints":{"allow":["GET"]}}],"collection":[{"href":"https:\/\/palavradeamorpalavra.sallep.net\/index.php?rest_route=\/wp\/v2\/posts"}],"about":[{"href":"https:\/\/palavradeamorpalavra.sallep.net\/index.php?rest_route=\/wp\/v2\/types\/post"}],"author":[{"embeddable":true,"href":"https:\/\/palavradeamorpalavra.sallep.net\/index.php?rest_route=\/wp\/v2\/users\/2"}],"replies":[{"embeddable":true,"href":"https:\/\/palavradeamorpalavra.sallep.net\/index.php?rest_route=%2Fwp%2Fv2%2Fcomments&post=3587"}],"version-history":[{"count":2,"href":"https:\/\/palavradeamorpalavra.sallep.net\/index.php?rest_route=\/wp\/v2\/posts\/3587\/revisions"}],"predecessor-version":[{"id":3590,"href":"https:\/\/palavradeamorpalavra.sallep.net\/index.php?rest_route=\/wp\/v2\/posts\/3587\/revisions\/3590"}],"wp:attachment":[{"href":"https:\/\/palavradeamorpalavra.sallep.net\/index.php?rest_route=%2Fwp%2Fv2%2Fmedia&parent=3587"}],"wp:term":[{"taxonomy":"category","embeddable":true,"href":"https:\/\/palavradeamorpalavra.sallep.net\/index.php?rest_route=%2Fwp%2Fv2%2Fcategories&post=3587"},{"taxonomy":"post_tag","embeddable":true,"href":"https:\/\/palavradeamorpalavra.sallep.net\/index.php?rest_route=%2Fwp%2Fv2%2Ftags&post=3587"}],"curies":[{"name":"wp","href":"https:\/\/api.w.org\/{rel}","templated":true}]}}