{"id":3592,"date":"2018-12-29T11:17:08","date_gmt":"2018-12-29T11:17:08","guid":{"rendered":"http:\/\/palavradeamorpalavra.sallep.net\/?p=3592"},"modified":"2022-11-17T12:09:03","modified_gmt":"2022-11-17T12:09:03","slug":"dependente-ou-autonomo","status":"publish","type":"post","link":"https:\/\/palavradeamorpalavra.sallep.net\/?p=3592","title":{"rendered":"\u00abDEPENDENTE\u00bb ou \u00abAUT\u00d3NOMO\u00bb?"},"content":{"rendered":"<p><a href=\"http:\/\/palavradeamorpalavra.sallep.net\/wp-content\/uploads\/2018\/12\/6c-\u00abDependente\u00bb-ou-\u00abAut\u00f4nomo\u00bb....jpg\"><img fetchpriority=\"high\" decoding=\"async\" class=\"aligncenter size-full wp-image-3593\" src=\"http:\/\/palavradeamorpalavra.sallep.net\/wp-content\/uploads\/2018\/12\/6c-\u00abDependente\u00bb-ou-\u00abAut\u00f4nomo\u00bb....jpg\" alt=\"6c- \u00abDependente\u00bb ou \u00abAut\u00f4nomo\u00bb...\" width=\"1181\" height=\"1181\" srcset=\"https:\/\/palavradeamorpalavra.sallep.net\/wp-content\/uploads\/2018\/12\/6c-\u00abDependente\u00bb-ou-\u00abAut\u00f4nomo\u00bb....jpg 1181w, https:\/\/palavradeamorpalavra.sallep.net\/wp-content\/uploads\/2018\/12\/6c-\u00abDependente\u00bb-ou-\u00abAut\u00f4nomo\u00bb...-150x150.jpg 150w, https:\/\/palavradeamorpalavra.sallep.net\/wp-content\/uploads\/2018\/12\/6c-\u00abDependente\u00bb-ou-\u00abAut\u00f4nomo\u00bb...-300x300.jpg 300w, https:\/\/palavradeamorpalavra.sallep.net\/wp-content\/uploads\/2018\/12\/6c-\u00abDependente\u00bb-ou-\u00abAut\u00f4nomo\u00bb...-768x768.jpg 768w, https:\/\/palavradeamorpalavra.sallep.net\/wp-content\/uploads\/2018\/12\/6c-\u00abDependente\u00bb-ou-\u00abAut\u00f4nomo\u00bb...-1024x1024.jpg 1024w, https:\/\/palavradeamorpalavra.sallep.net\/wp-content\/uploads\/2018\/12\/6c-\u00abDependente\u00bb-ou-\u00abAut\u00f4nomo\u00bb...-1024x1024-50x50.jpg 50w, https:\/\/palavradeamorpalavra.sallep.net\/wp-content\/uploads\/2018\/12\/6c-\u00abDependente\u00bb-ou-\u00abAut\u00f4nomo\u00bb...-1024x1024-398x398.jpg 398w\" sizes=\"(max-width: 1181px) 100vw, 1181px\" \/><\/a><\/p>\n<p><em>(Ciclo C \u2013 A Sagrada Fam\u00edlia \u2013 Domingo\u2026 )<\/em><\/p>\n<p><strong>\u00abDEPENDENTE\u00bb ou \u00abAUT\u00d3NOMO\u00bb? <\/strong><\/p>\n<p><em>&#8211; Obedi\u00eancia?&#8230; Submiss\u00e3o?&#8230; Depend\u00eancia?&#8230; <\/em><\/p>\n<p><em>&#8211; N\u00e3o, obrigado! Nem pensar nisso!<\/em><\/p>\n<p>Pois \u00e9 evidente que, em grandes setores da nossa sociedade atual, o que predomina \u00e9 isso: <em>liberdade<\/em> <em>sem limites<\/em>; <em>independ\u00eancia<\/em> sempre que poss\u00edvel; <em>individualismo<\/em> exacerbado; <em>ego\u00edsmo<\/em> competitivo; <em>direitos<\/em> sobre \u201cdeveres\u201d (estes reduzidos ao m\u00ednimo, quando existem!?); <em>autonomia<\/em> precoce e\/ou absoluta; <em>emancipa\u00e7\u00e3o<\/em> prematura\u2026 Tudo isto pode parecer um \u201cinvent\u00e1rio ut\u00f3pico\u201d, um \u201ccat\u00e1logo\u201d exagerado ou, talvez, algo irreal, imagin\u00e1rio, de um mundo que n\u00e3o \u00e9 este mundo atual\u2026 Mas, \u00e9 preciso reconhecer sempre a realidade e a verdade das coisas! Mesmo se desej\u00e1ssemos que assim n\u00e3o fosse, devemos reconhec\u00ea-lo como \u00e9. Caso contr\u00e1rio, n\u00e3o haveria qualquer hip\u00f3tese de corre\u00e7\u00e3o, emenda ou transforma\u00e7\u00e3o! Portanto, aceitarmos esta situa\u00e7\u00e3o n\u00e3o \u00e9 \u2018pessimismo\u2019, mas um <em>(triste) \u2018realismo\u2019<\/em>&#8230; Basta termos bem abertos os \u201colhos de ver\u201d para descobrirmos os \u201cfrutos e consequ\u00eancias\u201d de cada uma dessas \u201catitudes\u201d pessoais e coletivas; ou <em>de todas elas juntas<\/em>, em maior ou menor grau! E se ainda parecer isto um exagero ut\u00f3pico, ent\u00e3o, que venha algu\u00e9m demonstrar-nos o contr\u00e1rio!&#8230;<\/p>\n<p>Ora bem, num ambiente deste g\u00e9nero, n\u00e3o ser\u00e1 f\u00e1cil introduzir os par\u00e2metros normais, \u201cnaturais\u201d, de uma fam\u00edlia genu\u00edna, aut\u00eantica, tal como Deus a \u201csonhou e inventou\u201d\u2026 Mesmo assim, se n\u00e3o lutarmos para recuperar o sentido verdadeiro da \u201cfam\u00edlia\u201d \u2013 isto \u00e9, da \u201cc\u00e9lula\u201d natural e necess\u00e1ria da \u201csociedade\u201d! \u2013 esta mesma sociedade (onde j\u00e1 se apreciam certos sintomas alarmantes!) ir-se-\u00e1 fragmentando, desfazendo, <em>autodestruindo<\/em>\u2026 At\u00e9 poder chegar a imperar \u2013 Deus n\u00e3o o queira! \u2013 a <em>\u00ablei da selva\u00bb.<\/em><\/p>\n<p>Isto quer dizer que, se n\u00e3o quisermos este cen\u00e1rio (que pode parecer <em>alarmista<\/em> ou <em>negativista<\/em>), deveremos apostar na fam\u00edlia \u201coriginal\u201d, tal como saiu das \u201cm\u00e3os de Deus\u201d, embora com as <em>perfei\u00e7\u00f5es<\/em> pr\u00f3prias do progresso humano\u2026 E, como ningu\u00e9m pode \u2013 como muitos pretendem \u2013 \u201cinventar\u201d uma outra <em>fam\u00edlia diferente<\/em> ou, pura e simplesmente, faz\u00ea-la <em>desaparecer\u2026<\/em> ent\u00e3o, teremos de voltar <em>\u00e0 Palavra<\/em> de Deus, para vermos onde \u00e9 que est\u00e3o os aut\u00eanticos alicerces da \u201cfam\u00edlia\u201d, de todas e cada uma das <em>fam\u00edlias humanas<\/em>. <em>[Gra\u00e7as a Deus, temos, neste campo, o exemplo admir\u00e1vel do nosso <\/em>Papa Francisco<em> e \u201cos seus desvelos\u201d pela <\/em>Fam\u00edlia crist\u00e3<em>, \u00fanica atitude e estilo que pode salvar a Sociedade]<\/em>.<\/p>\n<p>Para que a rela\u00e7\u00e3o familiar <em>de casal<\/em> seja aut\u00eantica e frutuosa \u00e9 preciso saber ceder \u2013 mutuamente! \u2013 em determinadas coisas, para bem de cada um, do casal e da fam\u00edlia&#8230; Portanto, nenhuma das partes pense em <em>dominar<\/em> a outra, ou, por consequ\u00eancia, que uma das partes deva ser <em>submissa<\/em>\u2026 Nada disso! E, desde logo, nunca ningu\u00e9m \u201caut\u00f3nomo\u201d!<\/p>\n<p>Acontece, por\u00e9m, que, em diversas \u00e9pocas da hist\u00f3ria e em determinadas regi\u00f5es do mundo, esta realidade passou pelas <em>flutua\u00e7\u00f5es \u201cperi\u00f3dicas\u201d<\/em> de costume\u2026 Quando eram \u201csociedades matriarcais\u201d, dominava a mulher, e o homem tinha de se submeter; o que, com o tempo, produzia uma \u2018rea\u00e7\u00e3o\u2019 que causava o efeito contr\u00e1rio (o \u201cmachismo\u201d das <em>sociedades patriarcais<\/em>). Em tempos do ap\u00f3stolo Paulo, era isto \u00faltimo que predominava, nomeadamente naquelas regi\u00f5es do mundo \u201cmais evolu\u00eddo\u201d (!?). Consequentemente, ao que parece, naquela conjuntura hist\u00f3rica (conforme \u00e9 atestado por espertos no tema) e como \u201crea\u00e7\u00e3o\u201d, a mulher tentava impor-se \u2013 por vezes <em>aberta e descaradamente<\/em> \u2013 e n\u00e3o apenas nas \u00abassembleias crist\u00e3s\u00bb!&#8230; O que, pelos vistos, causava conflitos e disc\u00f3rdias naquela sociedade. N\u00e3o admira que Paulo, tendo em aten\u00e7\u00e3o estes \u201ccasos repetidos\u201d, advertisse, escrevendo aos <em>crist\u00e3os de Colossas<\/em>: <em>\u201cEsposas, sede submissas aos vossos maridos, como conv\u00e9m no Senhor. Maridos, amai as vossas esposas e n\u00e3o as trateis com aspereza. Filhos, obedecei em tudo a vossos pais, porque isto agrada ao Senhor. Pais, n\u00e3o exaspereis os vossos filhos, para que n\u00e3o caiam em des\u00e2nimo\u201d.(Cl 3)&#8230;<\/em> Como se v\u00ea, ele n\u00e3o fala apenas para a mulher mas tamb\u00e9m para o homem e para os filhos. Quem pensava outra coisa acerca da atitude de Paulo, deve ter em conta, al\u00e9m das investiga\u00e7\u00f5es j\u00e1 aludidas, todos os <em>Escritos paulinos<\/em>, na sua globalidade, e ver\u00e1 que este ap\u00f3stolo n\u00e3o era precisamente \u201cmachista\u201d mas defendia sempre a \u201cigualdade\u201d dos dois sexos, e concretamente \u201co protagonismo da mulher\u201d quando lhe era devido.<\/p>\n<p>Ou seja, nem <em>dom\u00ednio<\/em> nem <em>submiss\u00e3o<\/em>! Apenas ced\u00eancia, sintonia\u2026 amor, de parte a parte! E a mesma coisa se diga a respeito das rela\u00e7\u00f5es paterno-filiais, para haver igualmente harmonia, simpatia\u2026amor! S\u00f3 neste sentido t\u00eam significado e aplica\u00e7\u00e3o as palavras de S. Paulo, nessa mesma carta aos Colossenses: <em>\u201cComo eleitos de Deus, santos e prediletos, revesti-vos de sentimentos de miseric\u00f3rdia, de bondade, humildade, mansid\u00e3o e paci\u00eancia. Suportai-vos uns aos outros e perdoai-vos mutuamente\u2026\u201d(Cl 3 \/ 2\u00aa L.).<\/em><\/p>\n<p>Bem entendido que, como \u00e9 sabido e <em>\u00abacontece at\u00e9 nas melhores fam\u00edlias\u00bb<\/em> (como se costuma dizer), \u00e9 <em>condi\u00e7\u00e3o <\/em>normal, no seu <em>processo de crescimento,<\/em> que todo o ser humano passe por fases \u201ccr\u00edticas\u201d, dif\u00edceis, conflituosas, que n\u00e3o ser\u00e3o f\u00e1ceis de ultrapassar ou assumir, a n\u00e3o ser dentro de um ambiente familiar de <em>empatia<\/em> e <em>harmonia<\/em> \u2013 numa palavra, de <em>Amor<\/em>!<\/p>\n<p>Aconteceu, como sabemos, na Fam\u00edlia de Nazar\u00e9, sendo protagonista o pr\u00f3prio <em>adolescente<\/em> Jesus, naquela visita-peregrina\u00e7\u00e3o ao templo de Jerusal\u00e9m! Vamos ficar, sem mais, com o <em>texto<\/em> central do <em>Evangelho<\/em>, que agora interessa: \u201c\u2026<em>Quando viram Jesus, seus pais ficaram admirados; e sua M\u00e3e disse-Lhe: \u00abFilho, porque procedeste assim connosco? Teu pai e eu and\u00e1vamos aflitos \u00e0 tua procura\u00bb. Jesus respondeu-lhes: \u00abPorque Me procur\u00e1veis? N\u00e3o sab\u00edeis que Eu devia estar na casa de meu Pai?\u00bb. Mas eles n\u00e3o entenderam as palavras que Jesus lhes disse. Jesus desceu ent\u00e3o com eles para Nazar\u00e9 e era-lhes submisso. Sua M\u00e3e guardava todos estes acontecimentos em seu cora\u00e7\u00e3o. E Jesus ia crescendo em sabedoria, em estatura e em gra\u00e7a, diante de Deus e dos homens\u201d. (Lc 2 \/ 3\u00aa L.).<\/em> Mais claro e transparente \u00e9 imposs\u00edvel! E todos os membros, de qualquer fam\u00edlia, estamos a\u00ed \u201cespelhados\u201d. Ali\u00e1s, partindo deste \u201cexemplo\u201d, podemos aprender a resolver qualquer <em>conflito familiar!<\/em><\/p>\n<p>&nbsp;<\/p>\n<p>Aqui estou, Senhor e Pai nosso,<\/p>\n<p>e tenho \u2018nas m\u00e3os\u2019 a minha \u201cfam\u00edlia\u201d<\/p>\n<p>\u2013 todas as fam\u00edlias e comunidades do mundo \u2013:<\/p>\n<p>olha para <em>ela<\/em> e para <em>elas<\/em>, todas t\u00e3o diversas!&#8230;<\/p>\n<p>Vigia, com aten\u00e7\u00e3o, as mais \u201cdesnorteadas\u201d;<\/p>\n<p>acende <em>a chama do amor<\/em> onde ficou extinta;<\/p>\n<p>ilumina os que vivem tristes ou \u201crevoltados\u201d;<\/p>\n<p>apoia e alenta os que lutam no amor e por amor!&#8230;<\/p>\n<p>Porque todos os que esperam em Ti, Pai,<\/p>\n<p>enquanto caminham pelas tuas \u201cveredas\u201d,<\/p>\n<p>s\u00e3o felizes no meio da harmonia familiar.<\/p>\n<p>Ditosos os que labutam, sem desanimar,<\/p>\n<p>para que tudo corra bem na comunidade familiar<\/p>\n<p>e em todas as rela\u00e7\u00f5es comunit\u00e1rias e sociais!<\/p>\n<p>Eles viver\u00e3o felizes, alegres e contentes<\/p>\n<p>ao recolher os frutos do seu trabalho!<\/p>\n<p><em>Como ser\u00e3o felizes as esposas fecundas, <\/em><\/p>\n<p><em>pelos seus filhos \u2013 \u2018como ramos de oliveira\u2019 \u2013<\/em><\/p>\n<p><em>ao redor da sua mesa<\/em> aben\u00e7oada por Ti, \u00f3 Pai!<\/p>\n<p>Assim h\u00e3o de crescer e frutificar, na amizade,<\/p>\n<p>as fam\u00edlias \u201cabra\u00e7adas a Ti\u201d, Senhor Deus:<\/p>\n<p>E ver\u00e3o a prosperidade desta cidade terrena,<\/p>\n<p>desta Igreja, a caminho para a p\u00e1tria celeste,<\/p>\n<p>no meio dos <em>vai-e-vens<\/em> das nossas sociedades\u2026<\/p>\n<p><em>\u00a0 \u00a0 \u00a0 \u00a0 \u00a0 \u00a0 \u00a0 \u00a0 \u00a0 \u00a0 \u00a0 \u00a0 \u00a0 \u00a0 \u00a0 [ do Salmo Responsorial \/ 127 (128) ]<\/em><\/p>\n","protected":false},"excerpt":{"rendered":"<p>(Ciclo C \u2013 A Sagrada Fam\u00edlia \u2013 Domingo\u2026 ) \u00abDEPENDENTE\u00bb ou \u00abAUT\u00d3NOMO\u00bb? &#8211; Obedi\u00eancia?&#8230; Submiss\u00e3o?&#8230; Depend\u00eancia?&#8230; &#8211; N\u00e3o, obrigado! Nem pensar nisso! Pois \u00e9 evidente que, em grandes setores da nossa sociedade atual, o que predomina \u00e9 isso: liberdade sem limites; independ\u00eancia sempre que poss\u00edvel; individualismo exacerbado; ego\u00edsmo competitivo; direitos sobre \u201cdeveres\u201d (estes reduzidos ao [&hellip;]<\/p>\n","protected":false},"author":2,"featured_media":0,"comment_status":"open","ping_status":"open","sticky":false,"template":"","format":"standard","meta":{"footnotes":""},"categories":[6],"tags":[],"class_list":["post-3592","post","type-post","status-publish","format-standard","hentry","category-refletida","has-post-title","has-post-date","has-post-category","has-post-tag","has-post-comment","has-post-author",""],"builder_content":"","_links":{"self":[{"href":"https:\/\/palavradeamorpalavra.sallep.net\/index.php?rest_route=\/wp\/v2\/posts\/3592","targetHints":{"allow":["GET"]}}],"collection":[{"href":"https:\/\/palavradeamorpalavra.sallep.net\/index.php?rest_route=\/wp\/v2\/posts"}],"about":[{"href":"https:\/\/palavradeamorpalavra.sallep.net\/index.php?rest_route=\/wp\/v2\/types\/post"}],"author":[{"embeddable":true,"href":"https:\/\/palavradeamorpalavra.sallep.net\/index.php?rest_route=\/wp\/v2\/users\/2"}],"replies":[{"embeddable":true,"href":"https:\/\/palavradeamorpalavra.sallep.net\/index.php?rest_route=%2Fwp%2Fv2%2Fcomments&post=3592"}],"version-history":[{"count":2,"href":"https:\/\/palavradeamorpalavra.sallep.net\/index.php?rest_route=\/wp\/v2\/posts\/3592\/revisions"}],"predecessor-version":[{"id":3595,"href":"https:\/\/palavradeamorpalavra.sallep.net\/index.php?rest_route=\/wp\/v2\/posts\/3592\/revisions\/3595"}],"wp:attachment":[{"href":"https:\/\/palavradeamorpalavra.sallep.net\/index.php?rest_route=%2Fwp%2Fv2%2Fmedia&parent=3592"}],"wp:term":[{"taxonomy":"category","embeddable":true,"href":"https:\/\/palavradeamorpalavra.sallep.net\/index.php?rest_route=%2Fwp%2Fv2%2Fcategories&post=3592"},{"taxonomy":"post_tag","embeddable":true,"href":"https:\/\/palavradeamorpalavra.sallep.net\/index.php?rest_route=%2Fwp%2Fv2%2Ftags&post=3592"}],"curies":[{"name":"wp","href":"https:\/\/api.w.org\/{rel}","templated":true}]}}