{"id":3596,"date":"2018-12-29T11:26:30","date_gmt":"2018-12-29T11:26:30","guid":{"rendered":"http:\/\/palavradeamorpalavra.sallep.net\/?p=3596"},"modified":"2022-11-17T06:57:37","modified_gmt":"2022-11-17T06:57:37","slug":"teu-pai-e-eu-andavamos-aflitos-a-tua-procura","status":"publish","type":"post","link":"https:\/\/palavradeamorpalavra.sallep.net\/?p=3596","title":{"rendered":"\u00abTeu pai e eu and\u00e1vamos aflitos \u00e0 tua procura&#8230;"},"content":{"rendered":"<p><a href=\"http:\/\/palavradeamorpalavra.sallep.net\/wp-content\/uploads\/2018\/12\/6cc-\u00abTeu-pai-e-eu-and\u00e1vamos-aflitos-\u00e0-tua-procura....png\"><img fetchpriority=\"high\" decoding=\"async\" class=\"aligncenter size-full wp-image-3597\" src=\"http:\/\/palavradeamorpalavra.sallep.net\/wp-content\/uploads\/2018\/12\/6cc-\u00abTeu-pai-e-eu-and\u00e1vamos-aflitos-\u00e0-tua-procura....png\" alt=\"6cc- \u00abTeu pai e eu and\u00e1vamos aflitos \u00e0 tua procura...\" width=\"500\" height=\"250\" srcset=\"https:\/\/palavradeamorpalavra.sallep.net\/wp-content\/uploads\/2018\/12\/6cc-\u00abTeu-pai-e-eu-and\u00e1vamos-aflitos-\u00e0-tua-procura....png 500w, https:\/\/palavradeamorpalavra.sallep.net\/wp-content\/uploads\/2018\/12\/6cc-\u00abTeu-pai-e-eu-and\u00e1vamos-aflitos-\u00e0-tua-procura...-300x150.png 300w, https:\/\/palavradeamorpalavra.sallep.net\/wp-content\/uploads\/2018\/12\/6cc-\u00abTeu-pai-e-eu-and\u00e1vamos-aflitos-\u00e0-tua-procura...-398x199.png 398w\" sizes=\"(max-width: 500px) 100vw, 500px\" \/><\/a><\/p>\n<p><strong>&#8211;\u00a0<em>A<\/em>\u00a0<em>PALAVRA, Refletida<\/em>\u00a0ao ritmo Lit\u00fargico &#8211;<\/strong><\/p>\n<p><em>(Ciclo C \u2013 NATAL do Senhor)<\/em><\/p>\n<p><strong><em>\u201c\u2026Quando encontraram Jesus, seus pais ficaram admirados; e sua M\u00e3e disse-Lhe: \u00abFilho, porque procedeste assim connosco? <u>Teu pai e eu and\u00e1vamos aflitos \u00e0 tua procura<\/u>\u00bb. Jesus respondeu-lhes: \u00abPorque Me procur\u00e1veis? N\u00e3o sab\u00edeis que Eu devia estar na casa de meu Pai?\u00bb. Mas eles n\u00e3o entenderam as palavras de Jesus\u2026 Sua M\u00e3e guardava todos estes acontecimentos em seu cora\u00e7\u00e3o\u2026\u201d (Lc 2,<\/em><\/strong><strong><em>48-51<\/em><\/strong> <strong><em>\/ 3\u00aa L<\/em><\/strong><strong><em>).<\/em><\/strong><\/p>\n<p>&nbsp;<\/p>\n<p>O\u00a0epis\u00f3dio completo desta <em>\u2018perda\u2019 e encontro de Jesus<\/em> (aos seus 12-13 anos) no templo de Jerusal\u00e9m est\u00e1 envolvido como que numa \u2018nuvem\u2019 de mist\u00e9rio. E, desde logo, perante este acontecimento, levanta-se uma s\u00e9rie de quest\u00f5es: At\u00e9 onde chega a <em>responsabilidade<\/em> de cada um dos protagonistas da hist\u00f3ria: de Jesus, de Maria, de Jos\u00e9?&#8230; Ser\u00e1 que era normal, num rapazinho dessa idade, \u2018provocar\u2019 essa \u201cperda\u201d do modo como se processou?&#8230; E a conduta dos pais (quer na \u2018perda\u2019 quer na sua sequ\u00eancia) foi a adequada?&#8230; Bom, cada um \u00e9 livre de arranjar, como entender, <em>respostas<\/em> para estas perguntas\u2026 Uma coisa, isso sim, devemos ter em aten\u00e7\u00e3o: em Jesus, existem duas \u201cfilia\u00e7\u00f5es\u201d, a <em>filia\u00e7\u00e3o divina<\/em> e a <em>filia\u00e7\u00e3o humana<\/em>; \u2018cada uma\u2019 delas subsiste na perspetiva \u2018da outra\u2019\u2026 E tudo, na tal atmosfera envolvente de mist\u00e9rio!<\/p>\n<p>&nbsp;<\/p>\n<p>A \u2013 \u00c9 interessante lembrar, antes de mais, que \u2013 como salientam <em>os especialistas<\/em> \u2013 a primeira e \u00faltima palavra que Jesus pronuncia, na sua vida terrena, \u00e9 esta, Pai (<em>\u201cmeu Pai\u201d<\/em>), referida a Deus.<\/p>\n<p>B \u2013 Claro, referindo-nos apenas e s\u00f3 \u00e0s registadas nos <em>Evangelhos<\/em>: a primeira \u00e9 esta (<em>\u201cna casa de meu Pai\u201d<\/em>); a \u00faltima, aquela, antes de morrer na cruz (<em>\u201cPai, nas tuas m\u00e3os entrego o meu esp\u00edrito\u201d<\/em>).<\/p>\n<p>A \u2013 Fica assim evidente que <em>a filia\u00e7\u00e3o divina<\/em> de Jesus \u00e9 sempre <em>o primeiro e fundamental;<\/em> embora Ele foi sempre consciente de que esta filia\u00e7\u00e3o <em>divina<\/em> nunca podia \u2018ignorar\u2019 ou \u2018suprimir\u2019 <em>a humana<\/em>.<\/p>\n<p>B \u2013 Claro que para Jesus n\u00e3o foi f\u00e1cil <em>agir<\/em>, ao mesmo tempo, como <em>filho do Pai-Deus<\/em> e como <em>filho dos pais<\/em>,<em> Maria e Jos\u00e9<\/em>. Mas mesmo que \u00e1s vezes fosse dif\u00edcil, <em>na dificuldade<\/em> estava a <em>sua miss\u00e3o!<\/em><\/p>\n<p>A \u2013 Ent\u00e3o, o que na verdade importa neste assunto, \u00e9 aprendermos \u2013 os humanos \u2013 a maneira de como devemos proceder, <em>nestes casos<\/em>, como pessoas <em>\u2018membros que somos\u2019 de \u201cuma fam\u00edlia\u201d<\/em>.<\/p>\n<p>B \u2013 Enquanto \u2018pais\u2019: <em>acompanhar<\/em> o crescimento dos filhos (<em>\u201cem idade, sabedoria e gra\u00e7a\u201d<\/em>) como fizeram Maria e Jos\u00e9 a respeito de Jesus. <em>Acompanhar<\/em> significa ser <em>\u201camigos\u201d<\/em> dos filhos. E o <em>amigo orienta<\/em> e<em> respeita<\/em> a <em>liberdade e personalidade<\/em> de cada filh@; mas desde dentro, desde <em>o cora\u00e7\u00e3o!<\/em><\/p>\n<p>A \u2013 Enquanto \u2018filhos\u2019: <em>confiando<\/em> sempre <em>nos pais<\/em> \u2013 tamb\u00e9m eles como <em>amigos<\/em> \u2013 porque, amando, nunca deixar\u00e1 de compreender e perdoar @ filh@, como nenhuma outra pessoa do mundo!\u2026<\/p>\n<p>B \u2013 Se assim forem estas rela\u00e7\u00f5es \u2013 pai-filho, filho-pai \u2013 mesmo que passem por situa\u00e7\u00f5es dif\u00edceis, problem\u00e1ticas\u2026 e <em>incompreens\u00edveis<\/em> (<em>\u201celes n\u00e3o entenderam\u201d<\/em>) trar\u00e3o sempre o fruto da <em>harmonia<\/em>\u2026<\/p>\n<p>&nbsp;<\/p>\n<p style=\"text-align: right;\"><strong>Ensina-nos, M\u00e3e, \u2018a arte\u2019 de (ante o \u2018incompreens\u00edvel\u2019) <em>\u201cguardar tudo no cora\u00e7\u00e3o\u201d<\/em>.<\/strong><\/p>\n<p style=\"text-align: right;\"><strong>E tu, Jos\u00e9, ajuda <em>todos os pais<\/em> a compreender a sua voca\u00e7\u00e3o de pais e educadores;<\/strong><\/p>\n<p style=\"text-align: right;\"><strong>e que aprendam \u2018a arte\u2019 de serem \u201camigos\u201d dos filhos em todas as fases da sua vida.<\/strong><\/p>\n<p style=\"text-align: right;\"><strong>Tu, Jesus, \u00e9s \u2018obrigado\u2019 a infundir o teu <em>esp\u00edrito filial<\/em> nos cora\u00e7\u00f5es de todos os <em>filhos<\/em>.<\/strong><\/p>\n<p style=\"text-align: right;\"><strong><em>\u00abE aben\u00e7oa, Senhor, as Fam\u00edlias. Am\u00e9m! \u00a0Aben\u00e7oa, Senhor, a minha tamb\u00e9m!\u00bb.<\/em><\/strong><\/p>\n<p><strong>\u00a0\u00a0\u00a0 \u00a0\u00a0\u00a0<\/strong><\/p>\n<p><strong>\u00a0<\/strong>\/\/ <em>PARA uma outra REFLEX\u00c3O ALARGADA:<\/em> <a href=\"http:\/\/palavradeamorpalavra.sallep.net\">http:\/\/palavradeamorpalavra.sallep.net<\/a><\/p>\n","protected":false},"excerpt":{"rendered":"<p>&#8211;\u00a0A\u00a0PALAVRA, Refletida\u00a0ao ritmo Lit\u00fargico &#8211; (Ciclo C \u2013 NATAL do Senhor) \u201c\u2026Quando encontraram Jesus, seus pais ficaram admirados; e sua M\u00e3e disse-Lhe: \u00abFilho, porque procedeste assim connosco? Teu pai e eu and\u00e1vamos aflitos \u00e0 tua procura\u00bb. Jesus respondeu-lhes: \u00abPorque Me procur\u00e1veis? N\u00e3o sab\u00edeis que Eu devia estar na casa de meu Pai?\u00bb. Mas eles n\u00e3o [&hellip;]<\/p>\n","protected":false},"author":2,"featured_media":0,"comment_status":"open","ping_status":"open","sticky":false,"template":"","format":"standard","meta":{"footnotes":""},"categories":[6],"tags":[],"class_list":["post-3596","post","type-post","status-publish","format-standard","hentry","category-refletida","has-post-title","has-post-date","has-post-category","has-post-tag","has-post-comment","has-post-author",""],"builder_content":"","_links":{"self":[{"href":"https:\/\/palavradeamorpalavra.sallep.net\/index.php?rest_route=\/wp\/v2\/posts\/3596","targetHints":{"allow":["GET"]}}],"collection":[{"href":"https:\/\/palavradeamorpalavra.sallep.net\/index.php?rest_route=\/wp\/v2\/posts"}],"about":[{"href":"https:\/\/palavradeamorpalavra.sallep.net\/index.php?rest_route=\/wp\/v2\/types\/post"}],"author":[{"embeddable":true,"href":"https:\/\/palavradeamorpalavra.sallep.net\/index.php?rest_route=\/wp\/v2\/users\/2"}],"replies":[{"embeddable":true,"href":"https:\/\/palavradeamorpalavra.sallep.net\/index.php?rest_route=%2Fwp%2Fv2%2Fcomments&post=3596"}],"version-history":[{"count":1,"href":"https:\/\/palavradeamorpalavra.sallep.net\/index.php?rest_route=\/wp\/v2\/posts\/3596\/revisions"}],"predecessor-version":[{"id":3598,"href":"https:\/\/palavradeamorpalavra.sallep.net\/index.php?rest_route=\/wp\/v2\/posts\/3596\/revisions\/3598"}],"wp:attachment":[{"href":"https:\/\/palavradeamorpalavra.sallep.net\/index.php?rest_route=%2Fwp%2Fv2%2Fmedia&parent=3596"}],"wp:term":[{"taxonomy":"category","embeddable":true,"href":"https:\/\/palavradeamorpalavra.sallep.net\/index.php?rest_route=%2Fwp%2Fv2%2Fcategories&post=3596"},{"taxonomy":"post_tag","embeddable":true,"href":"https:\/\/palavradeamorpalavra.sallep.net\/index.php?rest_route=%2Fwp%2Fv2%2Ftags&post=3596"}],"curies":[{"name":"wp","href":"https:\/\/api.w.org\/{rel}","templated":true}]}}