{"id":3606,"date":"2018-12-31T17:43:41","date_gmt":"2018-12-31T17:43:41","guid":{"rendered":"http:\/\/palavradeamorpalavra.sallep.net\/?p=3606"},"modified":"2022-11-17T13:57:29","modified_gmt":"2022-11-17T13:57:29","slug":"antes-de-ter-sido-concebido-no-seio-materno","status":"publish","type":"post","link":"https:\/\/palavradeamorpalavra.sallep.net\/?p=3606","title":{"rendered":"\u00abAntes de ter sido concebido no seio materno."},"content":{"rendered":"<p><a href=\"http:\/\/palavradeamorpalavra.sallep.net\/wp-content\/uploads\/2018\/12\/59cc-\u00abAntes-de-ter-sido-concebido-no-seio-materno..jpg\"><img fetchpriority=\"high\" decoding=\"async\" class=\"aligncenter size-full wp-image-3607\" src=\"http:\/\/palavradeamorpalavra.sallep.net\/wp-content\/uploads\/2018\/12\/59cc-\u00abAntes-de-ter-sido-concebido-no-seio-materno..jpg\" alt=\"59cc- \u00abAntes de ter sido concebido no seio materno.\" width=\"555\" height=\"377\" srcset=\"https:\/\/palavradeamorpalavra.sallep.net\/wp-content\/uploads\/2018\/12\/59cc-\u00abAntes-de-ter-sido-concebido-no-seio-materno..jpg 555w, https:\/\/palavradeamorpalavra.sallep.net\/wp-content\/uploads\/2018\/12\/59cc-\u00abAntes-de-ter-sido-concebido-no-seio-materno.-300x204.jpg 300w, https:\/\/palavradeamorpalavra.sallep.net\/wp-content\/uploads\/2018\/12\/59cc-\u00abAntes-de-ter-sido-concebido-no-seio-materno.-398x270.jpg 398w\" sizes=\"(max-width: 555px) 100vw, 555px\" \/><\/a><\/p>\n<p><strong><em>A<\/em><\/strong><strong>\u00a0<\/strong><strong><em>PALAVRA, Refletida<\/em><\/strong><strong>\u00a0<\/strong><strong>ao ritmo Lit\u00fargico &#8211;<\/strong><\/p>\n<p><em>(Ciclo C \u2013 Santa Maria, M\u00c3E de DEUS &#8211; 1 de jan.)<\/em><\/p>\n<p><strong><em>\u00a0<\/em><\/strong><\/p>\n<p><strong><em>\u201c\u2026<\/em><\/strong><strong><em>E encontraram Maria, Jos\u00e9 e o Menino deitado na manjedoura \u2026 Quando se completaram os oito dias para o Menino ser circuncidado, deram-Lhe o nome de Jesus, indicado pelo Anjo, <u>antes de ter sido concebido no seio materno<\/u>\u201d. (Lc 2,<\/em><\/strong><strong><em>16.21<\/em><\/strong><strong><em> \/ 3\u00aa L.<\/em><\/strong><strong><em>).<\/em><\/strong><\/p>\n<p>&nbsp;<\/p>\n<p>J\u00e1 lembr\u00e1mos \u2013 numa outra <em>reflex\u00e3o<\/em> \u2013 que Lucas \u00e9 o \u00fanico, dos quatro Evangelistas, que descreve em pormenor o evento do nascimento de Jesus, bem como os acontecimentos dos primeiros cinquenta dias ap\u00f3s este parto de Maria\u2026 Assim, \u00e9 pelo <em>evangelista<\/em> <em>Lucas<\/em>, e por mais ningu\u00e9m, que conhecemos, portanto, o epis\u00f3dio da <em>\u201ccircuncis\u00e3o\u201d<\/em> do beb\u00e9 Jesus <em>\u201caos oito dias\u201d<\/em> de nascer; e, aos <em>quarenta dias<\/em>, o acontecimento do <em>\u201crito legal da purifica\u00e7\u00e3o da m\u00e3e\u201d<\/em>, Maria, junto com a <em>\u201cApresenta\u00e7\u00e3o do Filho, Jesus\u201d,<\/em> no Templo de Jerusal\u00e9m.<\/p>\n<p>&nbsp;<\/p>\n<p>A \u2013 E mais uma vez, a atitude paradoxal de Deus nos seus des\u00edgnios ou, melhor, o Seu divino agir \u2018desconcertante\u2019 \u2013 para os humanos \u2013\u2026 Sempre \u2013 lembram-se? \u2013 <em>\u2018desde o mais pequeno, pobre, humilde, insignificante\u2019\u2026<\/em> Na verdade, muitas vezes, \u2018n\u00e3o \u00e9 o que parece\u2019!<\/p>\n<p>B \u2013 Um beb\u00e9, rec\u00e9m-nascido, <em>\u201cdeitado numa manjedoura\u201d<\/em> de uma gruta de pastores e animais, n\u00e3o ser\u00e1, realmente, o mais parecido com Deus <em>(\u201cque<\/em> <em>nasce de uma mulher\u201d\/Gl 4)<\/em><em>!&#8230;<\/em> Ou ser\u00e1 que sim!?<\/p>\n<p>A \u2013 E, al\u00e9m disso, este menino, quando \u00e9 \u2018circuncidado\u2019 \u2013 rito tradicional no povo judeu \u2013 <em>\u201cp\u00f5em-lhe o nome de Jesus\u201d<\/em>, segundo <em>o an\u00fancio<\/em> do Anjo <em>\u201cantes de Ele ter sido concebido no seio materno\u201d<\/em>.<\/p>\n<p>B \u2013 \u2018An\u00fancio\u2019 que foi feito, quer a Maria, a m\u00e3e <em>(\u201ch\u00e1s de conceber no teu seio e dar \u00e0 luz um filho, ao qual por\u00e1s o nome de Jesus\u201d\/Lc 1,<\/em><em>31<\/em>) quer a Jos\u00e9, que, ap\u00f3s a \u201cincarna\u00e7\u00e3o\u201d, haveria de cumprir a fun\u00e7\u00e3o de pai <em>(\u201cEla dar\u00e1 \u00e0 luz um filho, ao qual tu por\u00e1s o nome de Jesus, porque Ele salvar\u00e1\u2026\u201d\/Mt 1,<\/em><em>21<\/em><em>).<\/em><\/p>\n<p>A \u2013 \u00c9 interessante destacar que, embora o nome lhe seja imposto pelos dois \u2013 <em>a<\/em> <em>m\u00e3e<\/em> (em <em>Lucas<\/em>) e <em>o<\/em> <em>pai<\/em> (em <em>Mateus<\/em>) \u2013 parece dar a prefer\u00eancia legal ao pai (como era costume), al\u00e9m de uma certa \u2018autoridade\u2019, j\u00e1 que s\u00f3 a Jos\u00e9 se indica, logo a seguir, o <em>significado do nome<\/em>, isto \u00e9, \u201csalvador\u201d.<\/p>\n<p>B \u2013 Precisamente no significado literal de \u00abJesus\u00bb \u2013 que se traduz exatamente por <em>\u00abDeus salva\u00bb<\/em> \u2013 o pr\u00f3prio <em>Mateus<\/em> <em>(Mt 1,<\/em><em>23<\/em><em>)<\/em> descobre-nos a chave do \u201cmist\u00e9rio\u201d, ao citar, logo de seguida, <em>a profecia<\/em> correspondente: <em>\u00abH\u00e3o de cham\u00e1-lo Emanuel, que quer dizer: Deus connosco\u00bb (Is 7,<\/em><em>14<\/em><em>)<\/em><em>.<\/em><\/p>\n<p>A \u2013 Teremos de concluir que o \u201cmist\u00e9rio\u201d que se nos revela \u00e9 este: A <em>mulher-m\u00e3e<\/em> que concebe e d\u00e1 \u00e0 luz <em>um filho<\/em> cujo nome \u00e9, \u00e0 vez, <em>\u00abDeus connosco\u00bb <\/em>e <em>\u00abDeus salva\u00bb<\/em>, s\u00f3 pode ser a M\u00c3E DE DEUS!<\/p>\n<p>&nbsp;<\/p>\n<p style=\"text-align: right;\">A\/B: <strong>\u00d3 Maria, M\u00e3e de Deus e nossa M\u00e3e <em>(inef\u00e1vel e maravilhoso mist\u00e9rio!)<\/em>:<\/strong><\/p>\n<p style=\"text-align: right;\"><strong>Quantas vezes te rezamos \u00abSanta Maria, M\u00e3e de Deus, roga por n\u00f3s\u2026\u00bb<\/strong><\/p>\n<p style=\"text-align: right;\"><strong>sem pensarmos verdadeiramente no que dizemos e pedimos!<\/strong><\/p>\n<p style=\"text-align: right;\"><strong>Que sejamos capazes, aos poucos, M\u00e3e, de aceitarmos e assumirmos<\/strong><\/p>\n<p style=\"text-align: right;\"><strong>\u2013 pois nunca poderemos compreender a sua profundidade infinita! \u2013<\/strong><\/p>\n<p style=\"text-align: right;\"><strong>este mist\u00e9rio de um Deus, que \u00e9 Pai-M\u00e3e, e de uma M\u00e3e, que \u00e9s tu, Maria.<\/strong><\/p>\n<p style=\"text-align: right;\"><strong>Ensina-nos, M\u00e3e, como s\u00f3 Tu sabes, a chamar <em>\u2018Abb\u00e1\u2019<\/em> (Pai-M\u00e3e) ao <em>Deus de Jesus!<\/em> \u00a0<\/strong><\/p>\n<p><strong>\u00a0\u00a0<\/strong><\/p>\n<p>\/\/ <em>PARA uma outra REFLEX\u00c3O ALARGADA:<\/em> <a href=\"http:\/\/palavradeamorpalavra.sallep.net\">http:\/\/palavradeamorpalavra.sallep.net<\/a><\/p>\n","protected":false},"excerpt":{"rendered":"<p>A\u00a0PALAVRA, Refletida\u00a0ao ritmo Lit\u00fargico &#8211; (Ciclo C \u2013 Santa Maria, M\u00c3E de DEUS &#8211; 1 de jan.) \u00a0 \u201c\u2026E encontraram Maria, Jos\u00e9 e o Menino deitado na manjedoura \u2026 Quando se completaram os oito dias para o Menino ser circuncidado, deram-Lhe o nome de Jesus, indicado pelo Anjo, antes de ter sido concebido no seio [&hellip;]<\/p>\n","protected":false},"author":2,"featured_media":0,"comment_status":"open","ping_status":"open","sticky":false,"template":"","format":"standard","meta":{"footnotes":""},"categories":[6],"tags":[],"class_list":["post-3606","post","type-post","status-publish","format-standard","hentry","category-refletida","has-post-title","has-post-date","has-post-category","has-post-tag","has-post-comment","has-post-author",""],"builder_content":"","_links":{"self":[{"href":"https:\/\/palavradeamorpalavra.sallep.net\/index.php?rest_route=\/wp\/v2\/posts\/3606","targetHints":{"allow":["GET"]}}],"collection":[{"href":"https:\/\/palavradeamorpalavra.sallep.net\/index.php?rest_route=\/wp\/v2\/posts"}],"about":[{"href":"https:\/\/palavradeamorpalavra.sallep.net\/index.php?rest_route=\/wp\/v2\/types\/post"}],"author":[{"embeddable":true,"href":"https:\/\/palavradeamorpalavra.sallep.net\/index.php?rest_route=\/wp\/v2\/users\/2"}],"replies":[{"embeddable":true,"href":"https:\/\/palavradeamorpalavra.sallep.net\/index.php?rest_route=%2Fwp%2Fv2%2Fcomments&post=3606"}],"version-history":[{"count":1,"href":"https:\/\/palavradeamorpalavra.sallep.net\/index.php?rest_route=\/wp\/v2\/posts\/3606\/revisions"}],"predecessor-version":[{"id":3608,"href":"https:\/\/palavradeamorpalavra.sallep.net\/index.php?rest_route=\/wp\/v2\/posts\/3606\/revisions\/3608"}],"wp:attachment":[{"href":"https:\/\/palavradeamorpalavra.sallep.net\/index.php?rest_route=%2Fwp%2Fv2%2Fmedia&parent=3606"}],"wp:term":[{"taxonomy":"category","embeddable":true,"href":"https:\/\/palavradeamorpalavra.sallep.net\/index.php?rest_route=%2Fwp%2Fv2%2Fcategories&post=3606"},{"taxonomy":"post_tag","embeddable":true,"href":"https:\/\/palavradeamorpalavra.sallep.net\/index.php?rest_route=%2Fwp%2Fv2%2Ftags&post=3606"}],"curies":[{"name":"wp","href":"https:\/\/api.w.org\/{rel}","templated":true}]}}