{"id":3609,"date":"2019-01-04T18:29:01","date_gmt":"2019-01-04T18:29:01","guid":{"rendered":"http:\/\/palavradeamorpalavra.sallep.net\/?p=3609"},"modified":"2022-11-19T11:07:37","modified_gmt":"2022-11-19T11:07:37","slug":"tenho-eu-a-minha-estrela-4","status":"publish","type":"post","link":"https:\/\/palavradeamorpalavra.sallep.net\/?p=3609","title":{"rendered":"TENHO EU A \u201cMINHA ESTRELA\u201d?"},"content":{"rendered":"<p><a href=\"http:\/\/palavradeamorpalavra.sallep.net\/wp-content\/uploads\/2019\/01\/7a-Tenho-eu-a-minha-estrela.jpg\"><img fetchpriority=\"high\" decoding=\"async\" class=\"aligncenter size-full wp-image-3610\" src=\"http:\/\/palavradeamorpalavra.sallep.net\/wp-content\/uploads\/2019\/01\/7a-Tenho-eu-a-minha-estrela.jpg\" alt=\"7a- Tenho eu a minha estrela\" width=\"307\" height=\"309\" srcset=\"https:\/\/palavradeamorpalavra.sallep.net\/wp-content\/uploads\/2019\/01\/7a-Tenho-eu-a-minha-estrela.jpg 307w, https:\/\/palavradeamorpalavra.sallep.net\/wp-content\/uploads\/2019\/01\/7a-Tenho-eu-a-minha-estrela-150x150.jpg 150w, https:\/\/palavradeamorpalavra.sallep.net\/wp-content\/uploads\/2019\/01\/7a-Tenho-eu-a-minha-estrela-298x300.jpg 298w, https:\/\/palavradeamorpalavra.sallep.net\/wp-content\/uploads\/2019\/01\/7a-Tenho-eu-a-minha-estrela-50x50.jpg 50w, https:\/\/palavradeamorpalavra.sallep.net\/wp-content\/uploads\/2019\/01\/7a-Tenho-eu-a-minha-estrela-398x400.jpg 398w\" sizes=\"(max-width: 307px) 100vw, 307px\" \/><\/a><\/p>\n<p><em>(Ciclo C \u2013 Epifania do Senhor \/ domingo\u2026 )<\/em><strong>\u00a0<\/strong><\/p>\n<p><strong>TENHO EU A \u201cMINHA ESTRELA\u201d?<\/strong><\/p>\n<p>Todas as \u201cfantasias\u201d, tal como as \u201chist\u00f3rias de ci\u00eancia-fi\u00e7\u00e3o\u201d, f\u00e1bulas, par\u00e1bolas, contos\u2026 t\u00eam \u2013 pelo menos! \u2013 um fundamento real (hist\u00f3rico). Existe sempre uma base ou alicerce ver\u00eddico sobre o qual \u00e9 constru\u00edda \u2013 ou reconstru\u00edda \u2013 cada lenda, conto, narrativa ou fabula\u00e7\u00e3o. Ali\u00e1s, estou convencido de que toda e cada \u201clenda\u201d ou \u201cfic\u00e7\u00e3o\u201d \u00e9 fruto e resultado de v\u00e1rias ou muitas realidades hist\u00f3ricas, acontecidas em lugares e tempos diferentes, e \u2018sobrepostas\u2019 sucessivamente\u2026 (segundo aquela <em>filosofia popular<\/em> de: <em>\u00abquem conta um conto acrescenta um ponto\u00bb<\/em>).<\/p>\n<p>Sabem <em>aquela<\/em> de \u00abO quarto rei mago\u00bb?&#8230; O tal que se afastou dos outros \u201ctr\u00eas colegas\u201d para ajudar em toda e qualquer <em>necessidade<\/em> que foi encontrando pelo caminho?&#8230; E que, por este motivo, chegou a Jerusal\u00e9m \u201ctrinta anos mais tarde\u201d(!), quando Jesus acabava de morrer na cruz e j\u00e1 estava sepultado?\u2026 E sabem que, quando ele voltava triste e desiludido para a sua terra, o pr\u00f3prio Jesus \u2013 j\u00e1 Ressuscitado e Glorioso \u2013 lhe apareceu no caminho para lhe revelar a Verdade da sua Recompensa?&#8230; As palavras que o \u201cquarto rei mago\u201d escutou de Jesus \u2013 diz a \u201clenda\u201d \u2013 foram estas, pouco mais ou menos: \u00abN\u00e3o estejas triste, meu caro amigo, por n\u00e3o teres podido contemplar e adorar o <em>Menino Jesus<\/em>!&#8230; Tu j\u00e1 O tinhas visto muitas vezes, <em>nos rostos<\/em> de tantas pessoas pobres e necessitadas que ajudaste em todos esses anos\u2026 Tu j\u00e1 Me tinhas visto tantas vezes! N\u00e3o Me reconheces?&#8230; Pois em verdade, em verdade te digo: <em>\u201cMuito em breve estar\u00e1s comigo no Para\u00edso\u201d<\/em>!\u00bb.<\/p>\n<p>&nbsp;<\/p>\n<p>E agora, continuamos n\u00f3s com outras perguntas: Ser\u00e1 que n\u00e3o houve \u2013 j\u00e1 agora, no <em>tempo hist\u00f3rico<\/em> \u2013 muitas pessoas que, por ajudar os seus semelhantes, perderam os <em>seus<\/em> bens, o <em>seu<\/em> tempo, as <em>suas<\/em> oportunidades, os <em>seus<\/em> interesses imediatos?&#8230; Ou ser\u00e1 que n\u00e3o existiram muit\u00edssimas pessoas que foram capazes de seguir <em>\u201ca sua estrela\u201d,<\/em> na inspira\u00e7\u00e3o interior, at\u00e9 encontrar a meta dos seus sonhos, a sua realiza\u00e7\u00e3o pessoal?&#8230; Ent\u00e3o teremos n\u00f3s de concluir que a \u201chist\u00f3ria dos tr\u00eas reis magos\u201d (e porque n\u00e3o, \u201ca do quarto\u201d?) \u2013 para al\u00e9m de ter tido diversos fundamentos hist\u00f3ricos e algumas \u201cprofecias\u201d na Antiga Alian\u00e7a \u2013 n\u00e3o deixam de estar <em>bem pensadas <\/em>e<em> constru\u00eddas.<\/em> (\u00abSe n\u00e3o for verdadeira, vem mesmo a calhar!\u00bb, <em>diz uma m\u00e1xima da sabedoria popular<\/em>).\u00a0 Isa\u00edas tinha-o \u201cprofetizado\u201d(?) v\u00e1rios s\u00e9culos antes: <em>\u201c&#8230;Pois a ti afluir\u00e3o os tesouros do mar, a ti vir\u00e3o ter as riquezas das na\u00e7\u00f5es. Invadir-te-\u00e1 uma multid\u00e3o de camelos, de dromed\u00e1rios de Madi\u00e3 e de Ef\u00e1. Vir\u00e3o todos os de Sab\u00e1, trazendo ouro e incenso, e proclamando as gl\u00f3rias do Senhor\u201d (Is 60 \/ 1\u00aa L.).<\/em> \u00a0Ponhamos agora todos os presum\u00edveis \u201cacontecimentos reais\u201d a que alud\u00edamos anteriormente, e teremos uma <em>hist\u00f3ria<\/em> que, pelo facto de ser considerada globalmente como fantasia ou fi\u00e7\u00e3o, isso n\u00e3o quer dizer que care\u00e7a de qualquer valor hist\u00f3rico e, menos ainda, de valor moral, espiritual ou teol\u00f3gico\u2026 Antes ao contr\u00e1rio!<\/p>\n<p>&nbsp;<\/p>\n<p>Mas a <em>Palavra<\/em> da Liturgia de hoje \u00e9 ainda muito mais rica que todos esses <em>\u201ctesouros e riquezas das na\u00e7\u00f5es\u201d<\/em> que traziam os \u201creis magos\u201d\u2026 \u00a0J\u00e1 o pr\u00f3prio nome da festividade Lit\u00fargica \u2013 \u00abEPIFANIA\u00bb \u2013 quer transmitir o que \u201csignifica\u201d. Esta <em>crian\u00e7a<\/em> que nasceu de modo t\u00e3o simples e pobre vem demonstrar assim, que a Salva\u00e7\u00e3o, o Amor de Deus, \u00e9 para todos e n\u00e3o ter\u00e1 nenhum tipo de barreiras ou fronteiras nem admitir\u00e1 \u2018privil\u00e9gios\u2019. Quem \u00e9 que disse ent\u00e3o que a <em>salva\u00e7\u00e3o<\/em> era apenas para o povo eleito dos <em>\u2018hebreus\u2019<\/em>?&#8230; <em>\u201cOs gentios recebem a mesma heran\u00e7a que os judeus, pertencem ao mesmo corpo e participam da mesma promessa, em Cristo Jesus, por meio do Evangelho\u201d (escreve Paulo aos fi\u00e9is de \u00c9feso \/ 2\u00aa L)<\/em>.<\/p>\n<p>Este <em>Jesus Menino<\/em>, Salvador-Infante, <em>\u201cmanifesta-se\u201d<\/em> (<em>= epifania<\/em>) igualmente aos \u201cgentios\u201d, estrangeiros, que vivem <em>afastados<\/em> e est\u00e3o representados nesses \u201creis magos\u201d do Nascente remoto.<em> (\u201cN\u00f3s vimos a sua estrela no Oriente e viemos ador\u00e1-l\u2019O\u201d \/ 3\u00aa L.- Mt 2). <\/em>O Amor de Deus Pai, a Sua Salva\u00e7\u00e3o, vem para todos, desde que, cada quem \u2013 no uso da sua liberdade \u2013 ponha da sua parte o que exige este \u201ccaminho de Salva\u00e7\u00e3o\u201d em que nos movemos\u2026<\/p>\n<p>Deveremos, antes de mais, encontrar a \u201cnossa estrela\u201d. Procur\u00e1-la se ainda a n\u00e3o descobrimos! E a nossa estrela n\u00e3o \u00e9 outra coisa que \u201co sonho de Deus para cada um de n\u00f3s\u201d; aquilo que tamb\u00e9m chamamos \u201cvoca\u00e7\u00e3o\u201d e que nos faz profundamente felizes, ao sentirmo-nos realizados e satisfeitos. \u00c9 que se vivemos \u201csem estrela\u201d, andamos desorientados e por caminhos que levam a parte nenhuma\u2026 E o que \u00e9 que diriam hoje os nossos \u201creis magos\u201d a tanta gente que vive (mal vive!) tristemente, sem a alegria no rosto nem o sorriso nos olhos, e a merc\u00ea de todos os ventos\u2026 com essa ang\u00fastia \u00edntima de quem n\u00e3o v\u00ea claro qualquer futuro de Esperan\u00e7a Feliz? O que \u00e9 que nos querem dizer hoje \u201cos magos\u201d? Como \u00e9 que devemos imitar o seu exemplo para encontrarmos a \u201cestrela\u201d e segui-la apesar das dificuldades, dos sil\u00eancios e das noites?&#8230;<\/p>\n<p>Temos ao nosso dispor, e para a nossa medita\u00e7\u00e3o,<em> a Palavra <\/em>do Evangelho de hoje<em> (Mt 2), <\/em>que \u2013 lida, refletida e orada nas calmas \u2013 pode iluminar-nos e transmitir a for\u00e7a de vontade que precisamos\u2026 neste nosso \u201ccaminho de Salva\u00e7\u00e3o\u201d. \u00a0Pois\u2026 <em>m\u00e3os \u00e0 obra!<\/em><\/p>\n<p><em>\u00a0<\/em><\/p>\n<p>E agora, Senhor, sentimo-nos solid\u00e1rios<\/p>\n<p>com todos os que, neste mundo nosso,<\/p>\n<p>continuam desorientados e tristes<\/p>\n<p>apesar da<em> \u201cepifania\u201d <\/em>do Teu Filho Jesus,<\/p>\n<p>Luz verdadeira que ilumina tudo e todos!<\/p>\n<p>Gra\u00e7as ao Teu Amor, Deus e Pai nosso,<\/p>\n<p>j\u00e1 n\u00e3o estamos sem esperan\u00e7a de salva\u00e7\u00e3o.<\/p>\n<p>Apareceu entre n\u00f3s o Teu Filho,<\/p>\n<p>que \u2013 na sua<em> \u201cmanifesta\u00e7\u00e3o\u201d <\/em>universal \u2013<\/p>\n<p>traz a paz, a justi\u00e7a e o perd\u00e3o\u2026<\/p>\n<p>para todos: pequenos e grandes,<\/p>\n<p>os de perto e os de longe,<\/p>\n<p>amigos e inimigos, maus e os bons,<\/p>\n<p>pobres e ricos, justos e pecadores\u2026<\/p>\n<p>para<em> o pobre e fraco que pede aux\u00edlio<\/em><\/p>\n<p><em>e o miser\u00e1vel que n\u00e3o tem amparo. <\/em><\/p>\n<p>Obrigado, Pai,<em> Abb\u00e1, <\/em>pelo Filho que nos d\u00e1s;<\/p>\n<p>porque a sua Estrela aponta j\u00e1<\/p>\n<p>o nosso presente e futuro de Felicidade.<\/p>\n<p><em>Floresce j\u00e1 a justi\u00e7a nos nossos dias<\/em><\/p>\n<p><em>e a paz profunda e verdadeira <\/em><\/p>\n<p>em todos os cora\u00e7\u00f5es simples&#8230;<\/p>\n<p>Queremos dar-Te infinitas gra\u00e7as, Senhor,<\/p>\n<p>pelos \u201ctesouros que hoje nos ofereces\u201d<\/p>\n<p>na Pessoa do Teu Amado Filho, Jesus.<\/p>\n<p>E aceita Tu \u2018o nosso\u2019 melhor \u201cPresente\u201d,<\/p>\n<p>que \u00e9 tamb\u00e9m Jesus-Menino,<\/p>\n<p>adorado pelos Magos no colo de Maria\u2026<\/p>\n<p><em>\u00a0\u00a0\u00a0\u00a0\u00a0\u00a0\u00a0\u00a0\u00a0\u00a0\u00a0\u00a0\u00a0\u00a0\u00a0 \u00a0\u00a0<\/em><em>[ do Salmo Responsorial \/ 71 (72) ]<\/em><\/p>\n","protected":false},"excerpt":{"rendered":"<p>(Ciclo C \u2013 Epifania do Senhor \/ domingo\u2026 )\u00a0 TENHO EU A \u201cMINHA ESTRELA\u201d? Todas as \u201cfantasias\u201d, tal como as \u201chist\u00f3rias de ci\u00eancia-fi\u00e7\u00e3o\u201d, f\u00e1bulas, par\u00e1bolas, contos\u2026 t\u00eam \u2013 pelo menos! \u2013 um fundamento real (hist\u00f3rico). Existe sempre uma base ou alicerce ver\u00eddico sobre o qual \u00e9 constru\u00edda \u2013 ou reconstru\u00edda \u2013 cada lenda, conto, narrativa [&hellip;]<\/p>\n","protected":false},"author":2,"featured_media":0,"comment_status":"open","ping_status":"open","sticky":false,"template":"","format":"standard","meta":{"footnotes":""},"categories":[6],"tags":[],"class_list":["post-3609","post","type-post","status-publish","format-standard","hentry","category-refletida","has-post-title","has-post-date","has-post-category","has-post-tag","has-post-comment","has-post-author",""],"builder_content":"","_links":{"self":[{"href":"https:\/\/palavradeamorpalavra.sallep.net\/index.php?rest_route=\/wp\/v2\/posts\/3609","targetHints":{"allow":["GET"]}}],"collection":[{"href":"https:\/\/palavradeamorpalavra.sallep.net\/index.php?rest_route=\/wp\/v2\/posts"}],"about":[{"href":"https:\/\/palavradeamorpalavra.sallep.net\/index.php?rest_route=\/wp\/v2\/types\/post"}],"author":[{"embeddable":true,"href":"https:\/\/palavradeamorpalavra.sallep.net\/index.php?rest_route=\/wp\/v2\/users\/2"}],"replies":[{"embeddable":true,"href":"https:\/\/palavradeamorpalavra.sallep.net\/index.php?rest_route=%2Fwp%2Fv2%2Fcomments&post=3609"}],"version-history":[{"count":2,"href":"https:\/\/palavradeamorpalavra.sallep.net\/index.php?rest_route=\/wp\/v2\/posts\/3609\/revisions"}],"predecessor-version":[{"id":3612,"href":"https:\/\/palavradeamorpalavra.sallep.net\/index.php?rest_route=\/wp\/v2\/posts\/3609\/revisions\/3612"}],"wp:attachment":[{"href":"https:\/\/palavradeamorpalavra.sallep.net\/index.php?rest_route=%2Fwp%2Fv2%2Fmedia&parent=3609"}],"wp:term":[{"taxonomy":"category","embeddable":true,"href":"https:\/\/palavradeamorpalavra.sallep.net\/index.php?rest_route=%2Fwp%2Fv2%2Fcategories&post=3609"},{"taxonomy":"post_tag","embeddable":true,"href":"https:\/\/palavradeamorpalavra.sallep.net\/index.php?rest_route=%2Fwp%2Fv2%2Ftags&post=3609"}],"curies":[{"name":"wp","href":"https:\/\/api.w.org\/{rel}","templated":true}]}}