{"id":3624,"date":"2019-01-11T22:03:20","date_gmt":"2019-01-11T22:03:20","guid":{"rendered":"http:\/\/palavradeamorpalavra.sallep.net\/?p=3624"},"modified":"2022-11-17T16:37:23","modified_gmt":"2022-11-17T16:37:23","slug":"solidario-para-salvar-2","status":"publish","type":"post","link":"https:\/\/palavradeamorpalavra.sallep.net\/?p=3624","title":{"rendered":"\u00abSOLID\u00c1RIO\u00bb PARA \u00abSALVAR\u00bb!"},"content":{"rendered":"<p><a href=\"http:\/\/palavradeamorpalavra.sallep.net\/wp-content\/uploads\/2019\/01\/8c-\u00abSolid\u00e1rio\u00bb-para-\u00absalvar\u00bb-2.jpg\"><img fetchpriority=\"high\" decoding=\"async\" class=\"aligncenter size-full wp-image-3625\" src=\"http:\/\/palavradeamorpalavra.sallep.net\/wp-content\/uploads\/2019\/01\/8c-\u00abSolid\u00e1rio\u00bb-para-\u00absalvar\u00bb-2.jpg\" alt=\"8c- \u00abSolid\u00e1rio\u00bb para \u00absalvar\u00bb!\" width=\"194\" height=\"259\" srcset=\"https:\/\/palavradeamorpalavra.sallep.net\/wp-content\/uploads\/2019\/01\/8c-\u00abSolid\u00e1rio\u00bb-para-\u00absalvar\u00bb-2.jpg 194w, https:\/\/palavradeamorpalavra.sallep.net\/wp-content\/uploads\/2019\/01\/8c-\u00abSolid\u00e1rio\u00bb-para-\u00absalvar\u00bb-2-398x531.jpg 398w\" sizes=\"(max-width: 194px) 100vw, 194px\" \/><\/a><\/p>\n<p><em>\u00a0( Ciclo C \u2013 Batismo do Senhor \/ domingo 1 )<\/em><strong>\u00a0<\/strong><\/p>\n<p><strong>\u00abSOLID\u00c1RIO\u00bb PARA \u00abSALVAR\u00bb!<\/strong><\/p>\n<p>Imaginemos um pa\u00eds (de fantasia!?) onde os lobos vulgares continuariam a ser \u201cmaus\u201d, mas haveria \u201csuper-lobos\u201d que seriam \u201cbons\u201d, muito bons! Suponhamos agora que um \u00absuper-lobo\u00bb se transformasse em \u00abovelha\u00bb. Mas, aten\u00e7\u00e3o, n\u00e3o estamos a pensar no tal \u201clobo com pele de cordeiro\u201d (que continua a ser lobo mau), pois este \u2013 como toda a gente sabe \u2013 disfar\u00e7a-se desse jeito, apenas e s\u00f3, para matar e devorar\u2026 No caso que agora idealizamos, o objetivo seria exatamente o oposto; porque, assim, este super-lobo bom poderia defender e salvar as ovelhas\u2026 Como? Bem. Este \u00absuper-lobo\u00bb transformado em \u00abovelha\u00bb, pelo facto de \u201cser\u201d ovelha, qualquer lobo poderia atac\u00e1-la sem suspeitar o menor perigo\u2026 Mas, ao conservar, ao mesmo tempo, a for\u00e7a e o poder do \u201csuper-lobo\u201d daria cabo de todo e qualquer \u201clobo\u201d desgra\u00e7ado que se aproximasse&#8230; Acontece, ainda, que, na hist\u00f3ria que imaginamos, todas e cada uma das ovelhas do rebanho tamb\u00e9m \u201cs\u00e3o\u201d super-lobos!<\/p>\n<p>Na leitura atenta do Evangelho de hoje, aparece-nos, a este prop\u00f3sito, uma simples constata\u00e7\u00e3o que pode passar despercebida, mas que \u00e9 fundamental e merece ser destacada. Na altura em que Jo\u00e3o Batista, no rio Jord\u00e3o, andava \u201ca batizar com \u00e1gua\u201d\u2026 aconteceu um \u201cpormenor\u201d(!), em apar\u00eancia normal mas que n\u00e3o podia menos que surpreender a quem sabia quem era Jesus de Nazar\u00e9. (\u00c9 verdade que este evangelista n\u00e3o regista a surpresa e oposi\u00e7\u00e3o inicial de Jo\u00e3o Batista, como o faz Mateus no texto paralelo &#8211; Mt 3, 13). Eis ent\u00e3o como Lucas, o nosso evangelista de hoje, regista o epis\u00f3dio com esta frase, que n\u00e3o pode ser mais simples mas significativa: \u201cQuando todo o povo recebia o batismo, Jesus tamb\u00e9m foi batizado\u201d (Lc 3). Querer\u00e1 isto dizer que Jesus recebe esse batismo como mais um pecador? Quem \u00e9 que n\u00e3o se admira da atitude incompreens\u00edvel de Jesus \u2013 homem-Deus, e portanto sem rasto de pecado \u2013 que recebe, como toda a gente, o mesmo \u00abbatismo de penit\u00eancia e convers\u00e3o para o perd\u00e3o dos pecados\u00bb? &#8211; Bom, \u00e9 que Deus, em Jesus, faz, do modo mais natural e singelo, as coisas mais maravilhosas! At\u00e9 porque o mesmo Jo\u00e3o Batista acabava de proclamar acerca de Jesus: \u201c\u2026\u00abVai chegar quem \u00e9 mais forte do que eu, do qual n\u00e3o sou digno de desatar as correias das sand\u00e1lias. Ele batizar-vos-\u00e1 com o Esp\u00edrito Santo e com o fogo\u00bb\u2026\u201d. (Lc 3 \/ 3\u00aa L.).<\/p>\n<p>Quer dizer, Aquele que pode \u201cbatizar no Esp\u00edrito Santo e no fogo\u201d, e que, portanto, n\u00e3o pode ser atingido pela marca do mal e do pecado, \u00e9 capaz \u2013 desde a sua Incarna\u00e7\u00e3o \u2013 de carregar com as mis\u00e9rias da nossa carne humana! Assim, n\u00e3o admira que ocupe um lugar \u201chumano\u201d, na fila \u201chumana\u201d dos que est\u00e3o a ser batizados por Jo\u00e3o \u201ccom a \u00e1gua\u201d daquele rio\u2026 Naquele texto paralelo de Mateus, j\u00e1 aludido anteriormente, encontramos a resposta de Jesus, perante a oposi\u00e7\u00e3o de Jo\u00e3o (que era reticente a batiz\u00e1-l\u2019O): \u201c\u00abDeixa por agora. Conv\u00e9m que cumpramos assim toda a justi\u00e7a\u00bb\u201d (Mt 3,15).<\/p>\n<p>Agora sim, j\u00e1 percebemos aquilo do \u201csuper-lobo\u201d (n\u00e3o disfar\u00e7ado!) mas transformado em \u201covelha\u201d. Dir\u00edamos melhor, incarnado em ovelha! Basta pensarmos, mais uma vez, na \u201caltura e profundidade\u201d desse inef\u00e1vel mist\u00e9rio que \u00e9 a Encarna\u00e7\u00e3o. Claro que para Jesus, em vez de \u201csuper-lobo\u201d, seria melhor o de \u201cSuper-Homem\u201d ou, ent\u00e3o, de \u00abSuper-Star\u00bb!&#8230;<\/p>\n<p>Por\u00e9m, o fundo da quest\u00e3o, o n\u00facleo do mist\u00e9rio, \u00e9 exatamente essa Incarna\u00e7\u00e3o de Deus, ou seja, o vir a \u201cser\u201d cada um de n\u00f3s, e todos n\u00f3s ao mesmo tempo! Porque, nos eternos des\u00edgnios do Pai-Deus, nada se pode \u201csalvar\u201d desde fora: S\u00f3 \u00e9 poss\u00edvel \u201cdivinizar o homem\u201d desde a \u201chumaniza\u00e7\u00e3o de Deus\u201d! Quer isto dizer que o Filho de Deus tinha de se tornar mesmo \u201csolid\u00e1rio\u201d, ou seja, formar algo de \u201cs\u00f3lido\u201d com o pr\u00f3prio homem \u2013 lembram-se? \u2013 para salvar a Humanidade. Isso mesmo: \u00abSolid\u00e1rio\u00bb para \u00absalvar\u00bb! \u00a0Na verdade, s\u00f3 podia ser este o sentido daquela Palavra de Jesus, nas v\u00e9speras da \u201cSua P\u00e1scoa\u201d: \u00abQuando Eu for levantado em alto \u201carrastarei\u201d tudo Comigo!\u00bb (Jo 12, 32). S\u00f3 \u00abarrasta\u00bb \u2018algo\u2019 quem \u00e9 \u00absolid\u00e1rio\u00bb com \u2018isso\u2019!<\/p>\n<p>Tudo o mais \u2013 para Jesus e a sua Miss\u00e3o Salvadora \u2013 \u00e9 consequ\u00eancia dessa realidade. Pelo facto de ser Filho de Deus, e Deus mesmo, \u201c\u00e9 chamado conforme a justi\u00e7a\u201d para ser \u201cluz de todos os povos e na\u00e7\u00f5es\u201d: \u201cFui Eu, o Senhor, que te chamei segundo a justi\u00e7a; tomei-te pela m\u00e3o, formei-te e fiz de ti a alian\u00e7a do povo e a luz das na\u00e7\u00f5es\u2026\u201d. Ele ter\u00e1 sempre uma paci\u00eancia infinita e ser\u00e1 sempre pac\u00edfico e pacificador: \u201cN\u00e3o gritar\u00e1, nem levantar\u00e1 a voz, nem se far\u00e1 ouvir nas pra\u00e7as; n\u00e3o quebrar\u00e1 a cana fendida, nem apagar\u00e1 a torcida que ainda fumega: proclamar\u00e1 fielmente a justi\u00e7a\u2026\u201d. (Is 42 \/1\u00aa L.). Pedro, no livro dos Atos dos Ap\u00f3stolos, por seu lado, deixa bem patente qual foi a atitude e carisma deste Homem-Deus, Jesus, j\u00e1 desde o in\u00edcio mesmo da sua \u00abvida p\u00fablica\u00bb: \u201c\u2026Depois do batismo que Jo\u00e3o pregou: Deus ungiu com a for\u00e7a do Esp\u00edrito Santo a Jesus de Nazar\u00e9, que passou fazendo o bem e curando todos os oprimidos pelo Dem\u00f3nio, porque Deus estava com Ele\u00bb\u201d. (At 10\/2\u00aa L.).<\/p>\n<p>&nbsp;<\/p>\n<p>O Teu Pai e nosso Pai, Jesus,<\/p>\n<p>aben\u00e7oou desde h\u00e1 muito o nosso povo<\/p>\n<p>com o melhor dom que nos podia dar:<\/p>\n<p>fez de n\u00f3s \u201cseus filhos muito amados\u201d<\/p>\n<p>quando Tu, Seu Filho, ficaste \u201cincarnado\u201d<\/p>\n<p>na nossa natureza humana total\u2026<\/p>\n<p>E em Ti, tributamos gl\u00f3ria e poder ao Pai;<\/p>\n<p>adora\u00e7\u00e3o e gl\u00f3ria que \u00e9 o nosso Amor;<\/p>\n<p>for\u00e7a e poder divinos, sobrenaturais,<\/p>\n<p>que sempre vencem todo o Mal\u2026<\/p>\n<p>Quando a voz do Deus omnipotente<\/p>\n<p>ressoa sobre as nuvens para dizer<\/p>\n<p>\u00abEste \u00e9 o meu Filho muito amado\u00bb,<\/p>\n<p>est\u00e1 a proclamar, sobre a vastid\u00e3o das \u00e1guas<\/p>\n<p>\u2013 e em todo o universo para todos ouvirem \u2013<\/p>\n<p>que Tu, Jesus, \u00e9s o nosso Irm\u00e3o mais velho;<\/p>\n<p>que, feito homem fr\u00e1gil como n\u00f3s,<\/p>\n<p>\u2013 solid\u00e1rio connosco nas fraquezas humanas \u2013<\/p>\n<p>consegues \u201celevar-nos\u201d \u00e0 Divindade\u2026<\/p>\n<p>Por isso \u2013 em Ti e por Ti, Jesus \u2013<\/p>\n<p>neste Templo Universal da Cria\u00e7\u00e3o,<\/p>\n<p>desde sempre e para sempre,<\/p>\n<p>todos clamam: Gl\u00f3ria!<\/p>\n<p><em>\u00a0 \u00a0 \u00a0[ do Salmo Responsorial \/ 28 (29) ]<\/em><\/p>\n","protected":false},"excerpt":{"rendered":"<p>\u00a0( Ciclo C \u2013 Batismo do Senhor \/ domingo 1 )\u00a0 \u00abSOLID\u00c1RIO\u00bb PARA \u00abSALVAR\u00bb! Imaginemos um pa\u00eds (de fantasia!?) onde os lobos vulgares continuariam a ser \u201cmaus\u201d, mas haveria \u201csuper-lobos\u201d que seriam \u201cbons\u201d, muito bons! Suponhamos agora que um \u00absuper-lobo\u00bb se transformasse em \u00abovelha\u00bb. Mas, aten\u00e7\u00e3o, n\u00e3o estamos a pensar no tal \u201clobo com pele [&hellip;]<\/p>\n","protected":false},"author":2,"featured_media":0,"comment_status":"open","ping_status":"open","sticky":false,"template":"","format":"standard","meta":{"footnotes":""},"categories":[6],"tags":[],"class_list":["post-3624","post","type-post","status-publish","format-standard","hentry","category-refletida","has-post-title","has-post-date","has-post-category","has-post-tag","has-post-comment","has-post-author",""],"builder_content":"","_links":{"self":[{"href":"https:\/\/palavradeamorpalavra.sallep.net\/index.php?rest_route=\/wp\/v2\/posts\/3624","targetHints":{"allow":["GET"]}}],"collection":[{"href":"https:\/\/palavradeamorpalavra.sallep.net\/index.php?rest_route=\/wp\/v2\/posts"}],"about":[{"href":"https:\/\/palavradeamorpalavra.sallep.net\/index.php?rest_route=\/wp\/v2\/types\/post"}],"author":[{"embeddable":true,"href":"https:\/\/palavradeamorpalavra.sallep.net\/index.php?rest_route=\/wp\/v2\/users\/2"}],"replies":[{"embeddable":true,"href":"https:\/\/palavradeamorpalavra.sallep.net\/index.php?rest_route=%2Fwp%2Fv2%2Fcomments&post=3624"}],"version-history":[{"count":2,"href":"https:\/\/palavradeamorpalavra.sallep.net\/index.php?rest_route=\/wp\/v2\/posts\/3624\/revisions"}],"predecessor-version":[{"id":3627,"href":"https:\/\/palavradeamorpalavra.sallep.net\/index.php?rest_route=\/wp\/v2\/posts\/3624\/revisions\/3627"}],"wp:attachment":[{"href":"https:\/\/palavradeamorpalavra.sallep.net\/index.php?rest_route=%2Fwp%2Fv2%2Fmedia&parent=3624"}],"wp:term":[{"taxonomy":"category","embeddable":true,"href":"https:\/\/palavradeamorpalavra.sallep.net\/index.php?rest_route=%2Fwp%2Fv2%2Fcategories&post=3624"},{"taxonomy":"post_tag","embeddable":true,"href":"https:\/\/palavradeamorpalavra.sallep.net\/index.php?rest_route=%2Fwp%2Fv2%2Ftags&post=3624"}],"curies":[{"name":"wp","href":"https:\/\/api.w.org\/{rel}","templated":true}]}}