{"id":3629,"date":"2019-01-11T22:07:35","date_gmt":"2019-01-11T22:07:35","guid":{"rendered":"http:\/\/palavradeamorpalavra.sallep.net\/?p=3629"},"modified":"2022-11-17T08:17:37","modified_gmt":"2022-11-17T08:17:37","slug":"ele-batizar-vos-a-no-espirito-santo-e-no-fogo","status":"publish","type":"post","link":"https:\/\/palavradeamorpalavra.sallep.net\/?p=3629","title":{"rendered":"\u00abEle batizar-vos-\u00e1 no Esp\u00edrito Santo e no fogo"},"content":{"rendered":"<p><a href=\"http:\/\/palavradeamorpalavra.sallep.net\/wp-content\/uploads\/2019\/01\/8cc-\u00abEle-batizar-vos-\u00e1-no-Esp\u00edrito-Santo-e-no-fogo..jpg\"><img fetchpriority=\"high\" decoding=\"async\" class=\"aligncenter size-full wp-image-3630\" src=\"http:\/\/palavradeamorpalavra.sallep.net\/wp-content\/uploads\/2019\/01\/8cc-\u00abEle-batizar-vos-\u00e1-no-Esp\u00edrito-Santo-e-no-fogo..jpg\" alt=\"8cc- \u00abEle batizar-vos-\u00e1 no Esp\u00edrito Santo e no fogo.\" width=\"305\" height=\"400\" srcset=\"https:\/\/palavradeamorpalavra.sallep.net\/wp-content\/uploads\/2019\/01\/8cc-\u00abEle-batizar-vos-\u00e1-no-Esp\u00edrito-Santo-e-no-fogo..jpg 305w, https:\/\/palavradeamorpalavra.sallep.net\/wp-content\/uploads\/2019\/01\/8cc-\u00abEle-batizar-vos-\u00e1-no-Esp\u00edrito-Santo-e-no-fogo.-229x300.jpg 229w, https:\/\/palavradeamorpalavra.sallep.net\/wp-content\/uploads\/2019\/01\/8cc-\u00abEle-batizar-vos-\u00e1-no-Esp\u00edrito-Santo-e-no-fogo.-398x521.jpg 398w\" sizes=\"(max-width: 305px) 100vw, 305px\" \/><\/a><\/p>\n<p><strong>&#8211;\u00a0<em>A<\/em>\u00a0<em>PALAVRA, Refletida<\/em>\u00a0ao ritmo Lit\u00fargico &#8211;<\/strong><\/p>\n<p><em>(Ciclo C \u2013 BATISMO do Senhor)<\/em><\/p>\n<p><strong><em>\u201cNaquele tempo, o povo estava na expectativa e todos pensavam em seus cora\u00e7\u00f5es se Jo\u00e3o n\u00e3o seria o Messias. Jo\u00e3o disse-lhes: \u00abEu batizo-vos com \u00e1gua, mas vai chegar quem \u00e9 mais forte do que eu\u2026 <u>Ele batizar-vos-\u00e1 no Esp\u00edrito Santo e no fogo<\/u>\u00bb \u2026 Quando todo o povo recebeu o batismo, Jesus tamb\u00e9m foi batizado; e, enquanto orava, o c\u00e9u abriu-se e o Esp\u00edrito Santo desceu sobre Ele na forma corporal de uma pomba. E do c\u00e9u fez-se ouvir esta voz: \u00abTu \u00e9s o meu Filho muito amado: em Ti pus toda a minha complac\u00eancia\u00bb\u201d. (Lc 3,<\/em><\/strong><strong><em>15-16<\/em><\/strong><strong><em>.<\/em><\/strong><strong><em>21-22<\/em><\/strong> <strong><em>\/ 3\u00aa L<\/em><\/strong><strong><em>).<\/em><\/strong><\/p>\n<p>&nbsp;<\/p>\n<p>Resulta sempre interessante comparar os <em>textos \u201cparalelos\u201d<\/em> dos tr\u00eas <em>evangelistas sin\u00f3ticos<\/em> (Mt, Mc, Lc). Neste texto, que relata o facto de <em>Jesus ter sido batizado <\/em>por Jo\u00e3o, quer as <em>coincid\u00eancias<\/em> quer as <em>diferen\u00e7as<\/em> t\u00eam o seu valor e significado. (Ainda que este relato tamb\u00e9m o apresenta o quarto evangelista, Jo\u00e3o). Os especialistas na interpreta\u00e7\u00e3o b\u00edblica coincidem ao afirmar que esta <em>realidade<\/em> apoia a \u201cinspira\u00e7\u00e3o divina\u201d da Escritura Sagrada, onde o <em>Esp\u00edrito Santo<\/em> que inspira aos redatores b\u00edblicos \u00e9 <em>Livre<\/em> e <em>Veraz<\/em>, tanto nos textos <em>coincidentes<\/em> quanto nos <em>diferentes<\/em>. Na nossa reflex\u00e3o, vamos incidir, especialmente, nas express\u00f5es que Lucas <em>introduz<\/em> e que completam as narra\u00e7\u00f5es dos outros dois sin\u00f3ticos. Ou seja, algo que seria como \u2018exclusivo\u2019 de Lucas.<\/p>\n<p>&nbsp;<\/p>\n<p>A \u2013 O evangelista Lucas tem a preocupa\u00e7\u00e3o \u2013 ou boa previs\u00e3o \u2013 de colocar o evento do <em>batismo de Jesus<\/em> enquanto est\u00e1 a descrever a \u00faltima parte da \u00abmiss\u00e3o do precursor, Jo\u00e3o Batista\u00bb. (Lc 3,2).<\/p>\n<p>B \u2013 E assim, come\u00e7a por dizer que <em>\u201caquele povo\u201d<\/em>, que escutava a Jo\u00e3o, <em>\u201cestava na expectativa, e todos pensavam em seus cora\u00e7\u00f5es se Jo\u00e3o n\u00e3o seria o Messias\u201d.<\/em> \u00c9 um \u2018pensamento\u2019 explic\u00e1vel.<\/p>\n<p>A \u2013 Podemos deduzir que a <em>miss\u00e3o de Jo\u00e3o<\/em> (<em>atitude e prega\u00e7\u00e3o<\/em>) era t\u00e3o fiel \u00e0 voca\u00e7\u00e3o recebida de Deus <em>(\u201cj\u00e1 desde o seio materno\u201d \/ Lc 1,<\/em><em>15-17<\/em><em>)<\/em> que o povo chegou a pensar se seria ele <em>\u2018o Cristo\u2019<\/em>.<\/p>\n<p>B \u2013 Mais admir\u00e1vel ainda \u00e9 a sua atitude de <em>humildade e verdade<\/em> <em>\u201cquando toma a palavra e diz:<\/em> <em>Eu batizo-vos com \u00e1gua, mas Ele batizar-vos-\u00e1 com o Esp\u00edrito Santo e com o fogo\u201d. <\/em>E v\u00ea-se logo que o tem bem assumido quando proclama noutra altura: <em>\u201c\u00c9 Ele que deve crescer e eu diminuir\u201d (Jo 3,<\/em><em>30<\/em><em>). <\/em><\/p>\n<p>A \u2013 Mais ainda. Em palavras do sin\u00f3tico Mateus, Jo\u00e3o n\u00e3o se considerava digno de batizar a Jesus, e <em>\u201copunha-se dizendo: \u00abEu \u00e9 que preciso de ser batizado por Ti, e Tu vens ter comigo?\u00bb.(Mt 3,<\/em><em>14<\/em><em>)<\/em>.<\/p>\n<p>B \u2013 A <em>humildade<\/em> e o <em>amor \u00e0 verdade<\/em> de Jo\u00e3o puseram em destaque \u2013 com a import\u00e2ncia que devia ter! \u2013 a <em>Miss\u00e3o de Jesus<\/em> enquanto <em>Messias Salvador:<\/em> Ele deveria ser <em>mais forte<\/em> com a <em>fortaleza<\/em> do Esp\u00edrito, o tal aparecido <em>\u201cna forma corporal de uma pomba\u201d;<\/em> e <em>\u201cs\u00f3 Ele batiza no Esp\u00edrito e no fogo\u201d<\/em>.<\/p>\n<p>A \u2013 E, finalmente, Lucas, ao referir-se <em>\u201c\u00e0 voz vinda do C\u00e9u\u201d<\/em>, <em>escolhe<\/em> a vers\u00e3o de Marcos, onde o Pai n\u00e3o diz <em>\u201ceste \u00e9 o meu\u2026\u201d<\/em> mas, em di\u00e1logo direto: <em>\u201c\u00abTu \u00e9s o meu Filho muito amado: em Ti\u2026\u00bb\u201d<\/em>, para <em>real\u00e7ar<\/em> que o Pai-Deus \u2013 <em>\u201ccomprazido\u201d<\/em> \u2013 O proclama <em>Seu Filho Amado<\/em>, diante de todos!<\/p>\n<p>B \u2013 Claro que, como sabemos, Jesus n\u00e3o precisava de ser batizado daquele modo. F\u00ea-lo somente porque devia dar bom exemplo (<em>\u201cConv\u00e9m que assim cumpramos toda a justi\u00e7a\u201d<\/em>, disse Ele a Jo\u00e3o).<\/p>\n<p>&nbsp;<\/p>\n<p style=\"text-align: right;\"><u>A-B<\/u>: <strong>Podemos rezar conTigo, Jesus, tentando imitar a Tua <em>\u201cora\u00e7\u00e3o ao Pai no batismo\u201d?<\/em><\/strong><\/p>\n<p style=\"text-align: right;\"><strong>\u00d3 <em>Abb\u00e1<\/em>, Pai nosso! Ainda n\u00e3o podemos dizer que tens em n\u00f3s <em>a Tua complac\u00eancia<\/em>,<\/strong><\/p>\n<p style=\"text-align: right;\"><strong>embora nos sintamos <em>\u2018Teus filhos muito amados\u2019<\/em> (pois isto j\u00e1 n\u00e3o depende de n\u00f3s).<\/strong><\/p>\n<p style=\"text-align: right;\"><strong>N\u00e3o podemos deixar de Te agradecer, Pai, o nosso Batismo, esse sinal patente<\/strong><\/p>\n<p style=\"text-align: right;\"><strong>pelo que nos transformas-Te \u2013 por Jesus e com Jesus \u2013 em <em>\u201cTeus filhos queridos\u201d..<\/em>.<\/strong><\/p>\n<p style=\"text-align: right;\"><strong>Com a <em>humildade<\/em> e <em>verdade<\/em> de Jo\u00e3o Batista, queremos <em>\u201couvir a voz do Esposo\u201d<\/em>,<\/strong><\/p>\n<p style=\"text-align: right;\"><strong>para que <em>\u201cisso constitua a nossa alegria, uma alegria sincera e completa\u201d!<\/em><\/strong><\/p>\n<p><strong>\u00a0\u00a0\u00a0 \u00a0\u00a0\u00a0<\/strong><\/p>\n<p><strong>\u00a0<\/strong>\/\/ <em>PARA uma outra REFLEX\u00c3O ALARGADA:<\/em> <a href=\"http:\/\/palavradeamorpalavra.sallep.net\">http:\/\/palavradeamorpalavra.sallep.net<\/a><\/p>\n","protected":false},"excerpt":{"rendered":"<p>&#8211;\u00a0A\u00a0PALAVRA, Refletida\u00a0ao ritmo Lit\u00fargico &#8211; (Ciclo C \u2013 BATISMO do Senhor) \u201cNaquele tempo, o povo estava na expectativa e todos pensavam em seus cora\u00e7\u00f5es se Jo\u00e3o n\u00e3o seria o Messias. Jo\u00e3o disse-lhes: \u00abEu batizo-vos com \u00e1gua, mas vai chegar quem \u00e9 mais forte do que eu\u2026 Ele batizar-vos-\u00e1 no Esp\u00edrito Santo e no fogo\u00bb \u2026 [&hellip;]<\/p>\n","protected":false},"author":2,"featured_media":0,"comment_status":"open","ping_status":"open","sticky":false,"template":"","format":"standard","meta":{"footnotes":""},"categories":[6],"tags":[],"class_list":["post-3629","post","type-post","status-publish","format-standard","hentry","category-refletida","has-post-title","has-post-date","has-post-category","has-post-tag","has-post-comment","has-post-author",""],"builder_content":"","_links":{"self":[{"href":"https:\/\/palavradeamorpalavra.sallep.net\/index.php?rest_route=\/wp\/v2\/posts\/3629","targetHints":{"allow":["GET"]}}],"collection":[{"href":"https:\/\/palavradeamorpalavra.sallep.net\/index.php?rest_route=\/wp\/v2\/posts"}],"about":[{"href":"https:\/\/palavradeamorpalavra.sallep.net\/index.php?rest_route=\/wp\/v2\/types\/post"}],"author":[{"embeddable":true,"href":"https:\/\/palavradeamorpalavra.sallep.net\/index.php?rest_route=\/wp\/v2\/users\/2"}],"replies":[{"embeddable":true,"href":"https:\/\/palavradeamorpalavra.sallep.net\/index.php?rest_route=%2Fwp%2Fv2%2Fcomments&post=3629"}],"version-history":[{"count":1,"href":"https:\/\/palavradeamorpalavra.sallep.net\/index.php?rest_route=\/wp\/v2\/posts\/3629\/revisions"}],"predecessor-version":[{"id":3631,"href":"https:\/\/palavradeamorpalavra.sallep.net\/index.php?rest_route=\/wp\/v2\/posts\/3629\/revisions\/3631"}],"wp:attachment":[{"href":"https:\/\/palavradeamorpalavra.sallep.net\/index.php?rest_route=%2Fwp%2Fv2%2Fmedia&parent=3629"}],"wp:term":[{"taxonomy":"category","embeddable":true,"href":"https:\/\/palavradeamorpalavra.sallep.net\/index.php?rest_route=%2Fwp%2Fv2%2Fcategories&post=3629"},{"taxonomy":"post_tag","embeddable":true,"href":"https:\/\/palavradeamorpalavra.sallep.net\/index.php?rest_route=%2Fwp%2Fv2%2Ftags&post=3629"}],"curies":[{"name":"wp","href":"https:\/\/api.w.org\/{rel}","templated":true}]}}