{"id":3636,"date":"2019-01-19T00:02:48","date_gmt":"2019-01-19T00:02:48","guid":{"rendered":"http:\/\/palavradeamorpalavra.sallep.net\/?p=3636"},"modified":"2022-11-17T06:18:36","modified_gmt":"2022-11-17T06:18:36","slug":"foi-assim-que-em-cana-da-galileia-jesus-manifestou-a-sua-gloria","status":"publish","type":"post","link":"https:\/\/palavradeamorpalavra.sallep.net\/?p=3636","title":{"rendered":"\u00abFoi assim que, em Can\u00e1 da Galileia, Jesus&#8230; manifestou a sua gl\u00f3ria&#8230;"},"content":{"rendered":"<p><a href=\"http:\/\/palavradeamorpalavra.sallep.net\/wp-content\/uploads\/2019\/01\/25cc-\u00abFoi-assim-que-em-Can\u00e1-da-Galileia-Jesus...-manifestou-a-sua-gl\u00f3ria....jpg\"><img fetchpriority=\"high\" decoding=\"async\" class=\"aligncenter size-full wp-image-3637\" src=\"http:\/\/palavradeamorpalavra.sallep.net\/wp-content\/uploads\/2019\/01\/25cc-\u00abFoi-assim-que-em-Can\u00e1-da-Galileia-Jesus...-manifestou-a-sua-gl\u00f3ria....jpg\" alt=\"25cc- \u00abFoi assim que, em Can\u00e1 da Galileia, Jesus... manifestou a sua gl\u00f3ria...\" width=\"254\" height=\"199\" srcset=\"https:\/\/palavradeamorpalavra.sallep.net\/wp-content\/uploads\/2019\/01\/25cc-\u00abFoi-assim-que-em-Can\u00e1-da-Galileia-Jesus...-manifestou-a-sua-gl\u00f3ria....jpg 254w, https:\/\/palavradeamorpalavra.sallep.net\/wp-content\/uploads\/2019\/01\/25cc-\u00abFoi-assim-que-em-Can\u00e1-da-Galileia-Jesus...-manifestou-a-sua-gl\u00f3ria...-398x311.jpg 398w\" sizes=\"(max-width: 254px) 100vw, 254px\" \/><\/a><\/p>\n<p><strong>&#8211;\u00a0<em>A<\/em>\u00a0<em>PALAVRA, Refletida<\/em>\u00a0ao ritmo Lit\u00fargico &#8211;<\/strong><\/p>\n<p><em>(Ciclo C \u2013 Domingo 2 do T. Comum)<\/em><\/p>\n<p><strong><em>\u201cRealizou-se um casamento em Can\u00e1 da Galileia e estava l\u00e1 a M\u00e3e de Jesus. Jesus e os seus disc\u00edpulos foram tamb\u00e9m convidados para o casamento. A certa altura faltou o vinho. Ent\u00e3o a M\u00e3e de Jesus disse-Lhe: \u00abN\u00e3o t\u00eam vinho\u00bb\u2026 \u00a0Sua M\u00e3e disse aos serventes: \u00abFazei tudo o que Ele vos disser\u00bb\u2026 \u00a0Quando o chefe de mesa provou a \u00e1gua transformada em vinho\u2026 chamou o noivo e disse-lhe: \u00abToda a gente serve primeiro o vinho bom\u201d\u2026 <\/em><\/strong>\u00a0<strong><em><u>Foi assim que, em Can\u00e1 da Galileia<\/u><\/em><\/strong><strong><em>, <u>Jesus<\/u> deu in\u00edcio aos seus milagres. <u>Manifestou a sua gl\u00f3ria<\/u>\u2026 (Jo 2,<\/em><\/strong><strong><em>1-5<\/em><\/strong><strong><em>.<\/em><\/strong><strong><em>9-11<\/em><\/strong> <strong><em>\/ 3\u00aa L<\/em><\/strong><strong><em>).<\/em><\/strong><\/p>\n<p>&nbsp;<\/p>\n<p>Tradicionalmente, este epis\u00f3dio das \u2018Bodas de Can\u00e1\u2019 \u2013 como j\u00e1 foi referido noutras <em>reflex\u00f5es<\/em> \u2013 \u00e9 considerado como \u00aba 3\u00aa Epifania\u00bb de Jesus. Isto porque \u2018o batismo de Jesus\u2019 no Jord\u00e3o viria a ser \u00aba 2\u00aa Epifania\u00bb, sendo a 1\u00aa, como toda a gente sabe, a que chamamos \u00abEpifania\u00bb propriamente dita, ou <em>manifesta\u00e7\u00e3o de Jesus \u2018aos gentios\u2019<\/em> (\u2018Reis Magos\u2019) quando era \u201cbeb\u00e9 pobre\u201d, em Bel\u00e9m. Constatamos \u2013 para quem o n\u00e3o souber \u2013 que o ap\u00f3stolo <em>Jo\u00e3o<\/em> \u00e9 o \u00fanico, dos evangelistas, a relatar este evento das \u2018Bodas de Can\u00e1\u2019, pois n\u00e3o aparece nos outros tr\u00eas,<em> os sin\u00f3ticos <\/em>\u2026<\/p>\n<p>&nbsp;<\/p>\n<p>A \u2013 Tendo em aten\u00e7\u00e3o que \u201cepifania\u201d tem o sentido de manifestar-se, revelar-se, mostrar-se, tornar-se patente\u2026 h\u00e1, nas tr\u00eas \u2018epifanias\u2019, um \u2018Mist\u00e9rio\u2019 que \u201c\u00e9 desvelado\u201d de tr\u00eas modos diferentes\u2026<\/p>\n<p>B \u2013 E \u00e9 interessante salientar que, sendo sempre Jesus o <em>protagonista principal<\/em>, por\u00e9m, na primeira e na terceira, das epifanias, h\u00e1 uma <em>protagonista secund\u00e1ria<\/em> \u2013 imprescind\u00edvel \u2013 que \u00e9 Maria, a M\u00e3e.<\/p>\n<p>A \u2013 Efetivamente, como \u00e9 que Jesus, quando beb\u00e9, ia conseguir \u201cmostrar-se\u201d sem ser \u2018ao colo e nos bra\u00e7os da M\u00e3e Maria\u2019? A\u00ed a Virgem e M\u00e3e iniciava a sua <em>miss\u00e3o de \u2018mediadora\u2019<\/em> ou Medianeira.<\/p>\n<p>B \u2013 Neste epis\u00f3dio \u2013 objeto da nossa reflex\u00e3o de hoje \u2013 aparece ainda mais claro o Seu papel de Mediadora, ou intermedi\u00e1ria, ou intercessora\u2026 \u00c9 quando <em>\u201ca M\u00e3e diz a Jesus: \u00abN\u00e3o t\u00eam vinho\u00bb\u201d<\/em>.<\/p>\n<p>A \u2013 N\u00e3o esque\u00e7amos que o evento das \u201cbodas de Can\u00e1\u201d \u00e9 o primeiro ato <em>intencionalmente p\u00fablico<\/em> de Jesus de Nazar\u00e9, ap\u00f3s a sua \u201csagra\u00e7\u00e3o\u201d como <em>\u201cFilho muito Amado\u201d<\/em>, pelo Pai Deus no \u2018batismo\u2019.<\/p>\n<p>B \u2013 Ali\u00e1s, n\u00e3o teria ficado <em>registado<\/em>, pelo <em>evangelista Jo\u00e3o,<\/em> no fim do seu relato, deste modo: <em>\u201cFoi assim que, em Can\u00e1 da Galileia, Jesus deu in\u00edcio aos seus milagres e manifestou a sua gl\u00f3ria\u2026\u201d.<\/em><\/p>\n<p>A \u2013 Por\u00e9m, n\u00f3s poder\u00edamos perguntar: Se l\u00e1 n\u00e3o <em>\u201ctivesse estado Maria, a M\u00e3e de Jesus\u201d<\/em>, esse tal <em>\u2018primeiro milagre\u2019<\/em> teria acontecido? De facto, Ele mostrou alguma resist\u00eancia ao pedido de Maria\u2026<\/p>\n<p>B \u2013 Bem. Mas aqui o que importa salientar \u00e9 a atitude daquela \u201cmulher\u201d e \u201cM\u00e3e\u201d, que estava atenta a todos os pormenores e necessidades dos \u2018seus filhos\u2019\u2026 Sabemos muito bem que \u00e9 natural serem assim \u201cas m\u00e3es\u201d na generalidade das fam\u00edlias humanas\u2026 E c\u00e1 est\u00e1 a <em>\u2018M\u00e3e de todas as m\u00e3es\u2019!<\/em><\/p>\n<p>A \u2013 Seja como for, nesta \u20183\u00aa epifania\u2019 de Jesus \u2013 o Filho de Deus, com <em>poderes infinitos sobre as leis naturais<\/em> (!?) \u2013 a Virgem Maria teve uma <em>miss\u00e3o intercessora<\/em> preponderante!<\/p>\n<p>&nbsp;<\/p>\n<p style=\"text-align: right;\"><u>A-B<\/u>: <strong>Hoje, M\u00e3e, n\u00e3o podemos deixar de orar contigo, nesta \u2018festa de casamento\u2019\u2026<\/strong><\/p>\n<p style=\"text-align: right;\"><strong>Ensina-nos a estarmos atentos, como Tu, \u00e0s necessidades e car\u00eancias dos outros:<\/strong><\/p>\n<p style=\"text-align: right;\"><strong>que nunca nos fechemos, isolados, no nosso prazer e comodidade pessoal;<\/strong><\/p>\n<p style=\"text-align: right;\"><strong>que o <em>barulho e a m\u00fasica das festas<\/em> n\u00e3o nos distraiam do servi\u00e7o aos irm\u00e3os\u2026<\/strong><\/p>\n<p style=\"text-align: right;\"><strong>Ser\u00e1 que vamos saber seguir o teu exemplo de <em>confian\u00e7a plena em Jesus<\/em>,<\/strong><\/p>\n<p style=\"text-align: right;\"><strong>mesmo quando Ele parece <em>\u2018resistir\u2019 \u00e0s nossas ora\u00e7\u00f5es e pedidos?<\/em>&#8230;<\/strong><\/p>\n<p style=\"text-align: right;\"><strong>Imitando o teu exemplo e com a tua ajuda, M\u00e3e, seremos sempre capazes<\/strong><\/p>\n<p style=\"text-align: right;\"><strong>de seguir o teu \u2018conselho maternal\u2019: <em>\u00abFazei tudo o que Jesus vos disser!\u00bb<\/em>.\u00a0\u00a0 \u00a0<\/strong><\/p>\n<p><strong>\u00a0<\/strong><\/p>\n<p><strong>\u00a0<\/strong>\/\/ <em>PARA uma outra REFLEX\u00c3O ALARGADA:<\/em> <a href=\"http:\/\/palavradeamorpalavra.sallep.net\">http:\/\/palavradeamorpalavra.sallep.net<\/a><\/p>\n","protected":false},"excerpt":{"rendered":"<p>&#8211;\u00a0A\u00a0PALAVRA, Refletida\u00a0ao ritmo Lit\u00fargico &#8211; (Ciclo C \u2013 Domingo 2 do T. Comum) \u201cRealizou-se um casamento em Can\u00e1 da Galileia e estava l\u00e1 a M\u00e3e de Jesus. Jesus e os seus disc\u00edpulos foram tamb\u00e9m convidados para o casamento. A certa altura faltou o vinho. Ent\u00e3o a M\u00e3e de Jesus disse-Lhe: \u00abN\u00e3o t\u00eam vinho\u00bb\u2026 \u00a0Sua M\u00e3e [&hellip;]<\/p>\n","protected":false},"author":2,"featured_media":0,"comment_status":"open","ping_status":"open","sticky":false,"template":"","format":"standard","meta":{"footnotes":""},"categories":[6],"tags":[],"class_list":["post-3636","post","type-post","status-publish","format-standard","hentry","category-refletida","has-post-title","has-post-date","has-post-category","has-post-tag","has-post-comment","has-post-author",""],"builder_content":"","_links":{"self":[{"href":"https:\/\/palavradeamorpalavra.sallep.net\/index.php?rest_route=\/wp\/v2\/posts\/3636","targetHints":{"allow":["GET"]}}],"collection":[{"href":"https:\/\/palavradeamorpalavra.sallep.net\/index.php?rest_route=\/wp\/v2\/posts"}],"about":[{"href":"https:\/\/palavradeamorpalavra.sallep.net\/index.php?rest_route=\/wp\/v2\/types\/post"}],"author":[{"embeddable":true,"href":"https:\/\/palavradeamorpalavra.sallep.net\/index.php?rest_route=\/wp\/v2\/users\/2"}],"replies":[{"embeddable":true,"href":"https:\/\/palavradeamorpalavra.sallep.net\/index.php?rest_route=%2Fwp%2Fv2%2Fcomments&post=3636"}],"version-history":[{"count":1,"href":"https:\/\/palavradeamorpalavra.sallep.net\/index.php?rest_route=\/wp\/v2\/posts\/3636\/revisions"}],"predecessor-version":[{"id":3638,"href":"https:\/\/palavradeamorpalavra.sallep.net\/index.php?rest_route=\/wp\/v2\/posts\/3636\/revisions\/3638"}],"wp:attachment":[{"href":"https:\/\/palavradeamorpalavra.sallep.net\/index.php?rest_route=%2Fwp%2Fv2%2Fmedia&parent=3636"}],"wp:term":[{"taxonomy":"category","embeddable":true,"href":"https:\/\/palavradeamorpalavra.sallep.net\/index.php?rest_route=%2Fwp%2Fv2%2Fcategories&post=3636"},{"taxonomy":"post_tag","embeddable":true,"href":"https:\/\/palavradeamorpalavra.sallep.net\/index.php?rest_route=%2Fwp%2Fv2%2Ftags&post=3636"}],"curies":[{"name":"wp","href":"https:\/\/api.w.org\/{rel}","templated":true}]}}