{"id":3643,"date":"2019-01-25T18:50:51","date_gmt":"2019-01-25T18:50:51","guid":{"rendered":"http:\/\/palavradeamorpalavra.sallep.net\/?p=3643"},"modified":"2022-11-17T17:18:49","modified_gmt":"2022-11-17T17:18:49","slug":"a-alegria-do-senhor-e-a-vossa-fortaleza","status":"publish","type":"post","link":"https:\/\/palavradeamorpalavra.sallep.net\/?p=3643","title":{"rendered":"\u00abA alegria do Senhor \u00e9 a vossa fortaleza&#8230;"},"content":{"rendered":"<p><a href=\"http:\/\/palavradeamorpalavra.sallep.net\/wp-content\/uploads\/2019\/01\/26cc-\u00abA-alegria-do-Senhor-\u00e9-a-vossa-fortaleza....jpg\"><img fetchpriority=\"high\" decoding=\"async\" class=\"aligncenter size-full wp-image-3644\" src=\"http:\/\/palavradeamorpalavra.sallep.net\/wp-content\/uploads\/2019\/01\/26cc-\u00abA-alegria-do-Senhor-\u00e9-a-vossa-fortaleza....jpg\" alt=\"26cc- \u00abA alegria do Senhor \u00e9 a vossa fortaleza...\" width=\"535\" height=\"535\" srcset=\"https:\/\/palavradeamorpalavra.sallep.net\/wp-content\/uploads\/2019\/01\/26cc-\u00abA-alegria-do-Senhor-\u00e9-a-vossa-fortaleza....jpg 535w, https:\/\/palavradeamorpalavra.sallep.net\/wp-content\/uploads\/2019\/01\/26cc-\u00abA-alegria-do-Senhor-\u00e9-a-vossa-fortaleza...-150x150.jpg 150w, https:\/\/palavradeamorpalavra.sallep.net\/wp-content\/uploads\/2019\/01\/26cc-\u00abA-alegria-do-Senhor-\u00e9-a-vossa-fortaleza...-300x300.jpg 300w, https:\/\/palavradeamorpalavra.sallep.net\/wp-content\/uploads\/2019\/01\/26cc-\u00abA-alegria-do-Senhor-\u00e9-a-vossa-fortaleza...-50x50.jpg 50w, https:\/\/palavradeamorpalavra.sallep.net\/wp-content\/uploads\/2019\/01\/26cc-\u00abA-alegria-do-Senhor-\u00e9-a-vossa-fortaleza...-398x398.jpg 398w\" sizes=\"(max-width: 535px) 100vw, 535px\" \/><\/a><\/p>\n<p>&nbsp;<\/p>\n<p><strong>&#8211;\u00a0<em>A<\/em>\u00a0<em>PALAVRA, Refletida<\/em>\u00a0ao ritmo Lit\u00fargico &#8211;<\/strong><\/p>\n<p><em>(Ciclo C \u2013 Domingo 3 do T. Comum)<\/em><\/p>\n<p><strong><em>\u201cEnt\u00e3o o governador Neemias, o sacerdote e escriba Esdras e os levitas\u2026 disseram a todo o povo: \u00abHoje \u00e9 um dia consagrado ao Senhor, vosso Deus. N\u00e3o vos entriste\u00e7ais nem choreis\u00bb. \u2013 Porque todo o povo chorava, ao escutar as palavras da Lei \u2013. Depois Neemias acrescentou: \u00abIde para as vossas casas, comei uma boa refei\u00e7\u00e3o, tomai bebidas doces e reparti com aqueles que n\u00e3o t\u00eam nada preparado\u2026 Porque <u>a alegria do Senhor \u00e9 a vossa fortaleza<\/u>\u00bb\u201d. (Ne 8,<\/em><\/strong><strong><em>9-10<\/em><\/strong> <strong><em>\/ 1\u00aa L<\/em><\/strong><strong><em>).<\/em><\/strong><\/p>\n<p>&nbsp;<\/p>\n<p>Para centrarmos esta nossa <em>passagem b\u00edblica<\/em> de hoje, apresentamos, brevemente, o marco hist\u00f3rico-geogr\u00e1fico. Em 586 a.C., Nabucodonosor, do Imp\u00e9rio Babil\u00f3nico, tinha destru\u00eddo <em>Jerusal\u00e9m<\/em> e deportado muitos judeus para Babil\u00f3nia. Este era o <em>segundo ex\u00edlio<\/em> [pois o<em> primeiro<\/em>, tinha sido um s\u00e9culo atr\u00e1s, causado pelo rei ass\u00edrio Senaquerib]. Agora estamos j\u00e1 em 538 a.C., quando, ap\u00f3s os ~50 anos deste <em>segundo ex\u00edlio<\/em>, um \u00e9dito de Ciro, rei da P\u00e9rsia, permite o retorno dos <em>judeus<\/em> \u00e0 Palestina. Mas ter\u00e3o de passar ainda muitos anos at\u00e9 que o governador judeu <em>Neemias<\/em> consiga \u2013 do rei Artaxerxes \u2013 autoriza\u00e7\u00e3o, dinheiro e materiais para a reconstru\u00e7\u00e3o da cidade de Jerusal\u00e9m. Uma vez conclu\u00edda \u2013 e com a ajuda de <em>Esdras,<\/em> sacerdote e escriba \u2013 \u00e9 realizada a <em>solene Leitura da Lei<\/em>, diante de todo o povo (~ ano 404 a.C.). Ao que parece, este \u00abLivro da Lei\u00bb tinha estado \u2018esquecido\u2019, <em>abandonado,<\/em> durante longo tempo (?).<\/p>\n<p>&nbsp;<\/p>\n<p>A \u2013 Durante os quase dois s\u00e9culos que o povo judeu viveu <em>meio desterrado<\/em> (entre os \u2018dois ex\u00edlios\u2019) era <em>explic\u00e1vel<\/em> uma certa desvia\u00e7\u00e3o, desleixo, e olvido at\u00e9, a respeito da Lei e <em>Alian\u00e7a<\/em> com Deus\u2026<\/p>\n<p>B \u2013 Isso, apesar da presen\u00e7a constante dos <em>profetas<\/em> \u2013 alguns mesmo acompanhando os exilados durante esses \u2018desterros\u2019 \u2013<em>anunciando<\/em> ou <em>denunciando<\/em>, <em>animando<\/em> ou <em>censurando<\/em>\u2026 e sempre <em>tentando transmitir \u201cas palavras\u201d de Deus<\/em>\u2026 (Assim, por ex, <em>Oseias<\/em>, <em>Isa\u00edas<\/em>, <em>Jeremias<\/em>, <em>Ezequiel<\/em>).<\/p>\n<p>A \u2013 Quer dizer, resulta ent\u00e3o \u2018compreens\u00edvel\u2019 que a \u2018maioria do povo judeu se afastasse ou desviasse da <em>lei da Alian\u00e7a<\/em> com Jav\u00e9 e se voltasse para os \u2018\u00eddolos\u2019 (<em>pr\u00f3prios<\/em> ou <em>estrangeiros<\/em>). Eles mesmos, ajudados pelos \u201cprofetas\u201d, interpretavam a <em>sua infidelidade<\/em> como a causa dos <em>desterros<\/em>\u2026<\/p>\n<p>B \u2013 Ent\u00e3o, da parte deles (<em>o povo<\/em>) \u2013 nesse momento da <em>leitura e lembran\u00e7a<\/em> da Lei (\u201cAlian\u00e7a\u201d) \u2013 havia motivos sobejos para as <em>l\u00e1grimas<\/em>, a <em>tristeza<\/em>, o sentido de <em>culpabilidade <\/em>e at\u00e9 de<em> temor<\/em>\u2026<\/p>\n<p>A \u2013 N\u00e3o obstante, observamos, com agrado, que as palavras vindas da parte dos <em>representantes de Jav\u00e9-Deus<\/em> \u2013 <em>Esdras<\/em> e <em>Neemias<\/em> \u2013 n\u00e3o foram precisamente de censura, cr\u00edtica ou reprova\u00e7\u00e3o, como seria de esperar, mas sim de encorajamento, de \u00e2nimo e <em>de incita\u00e7\u00e3o \u00e0 alegria<\/em>\u2026<\/p>\n<p>B \u2013 \u00c9 sempre isto que nos fica \u2013 da parte do Senhor, nosso Deus \u2013: a certeza de uma exorta\u00e7\u00e3o ao gozo e \u00e0 Alegria, e a convic\u00e7\u00e3o de sentirmos sempre o perd\u00e3o do Pai-Deus!&#8230;<\/p>\n<p>A \u2013 Mas tamb\u00e9m fica o conselho de sermos sempre solid\u00e1rios e de <em>partilhar <\/em>os nossos<em> bens: \u201cboa refei\u00e7\u00e3o e bebidas doces, repartindo-o com aqueles que n\u00e3o t\u00eam nada preparado\u2026 Sem ficar tristes\u201d\u2026 <\/em>E tudo isto porqu\u00ea? &#8211; Pois <em>\u201cporque a alegria do Senhor \u00e9 a nossa fortaleza\u201d (Ne 8,<\/em><em>10<\/em><em>).<\/em><\/p>\n<p>&nbsp;<\/p>\n<p style=\"text-align: right;\"><u>A-B<\/u>: <strong>Quem vai ser, \u00f3 Pai, o nosso \u2018Consolador\u2019 quando tivermos motivos de tristeza?<\/strong><\/p>\n<p style=\"text-align: right;\"><strong>Certo que o Teu Amor e Miseric\u00f3rdia s\u00e3o infinitos e n\u00e3o se cansam de esperar;<\/strong><\/p>\n<p style=\"text-align: right;\"><strong>que o menor gesto de humildade e contri\u00e7\u00e3o da nossa parte \u00e9 suficiente, Pai,<\/strong><\/p>\n<p style=\"text-align: right;\"><strong>para <em>comover as Tuas entranhas<\/em> de compaix\u00e3o e piedade para connosco\u2026<\/strong><\/p>\n<p style=\"text-align: right;\"><strong>E logo sentimos \u2018agitar-se\u2019 o Cora\u00e7\u00e3o do Teu Filho, que, pelo Seu Esp\u00edrito Santo,<\/strong><\/p>\n<p style=\"text-align: right;\"><strong>infundir\u00e1 em n\u00f3s <em>\u00aba Tua imensa Alegria, que \u00e9 sempre a nossa Fortaleza\u00bb<\/em>. \u00a0\u00a0\u00a0\u00a0\u00a0\u00a0\u00a0\u00a0\u00a0\u00a0\u00a0\u00a0\u00a0\u00a0\u00a0\u00a0\u00a0\u00a0\u00a0<\/strong><\/p>\n<p><strong>\u00a0 \u00a0<\/strong><\/p>\n<p><strong>\u00a0<\/strong>\/\/ <em>PARA uma outra REFLEX\u00c3O ALARGADA:<\/em> <a href=\"http:\/\/palavradeamorpalavra.sallep.net\">http:\/\/palavradeamorpalavra.sallep.net<\/a><\/p>\n","protected":false},"excerpt":{"rendered":"<p>&nbsp; &#8211;\u00a0A\u00a0PALAVRA, Refletida\u00a0ao ritmo Lit\u00fargico &#8211; (Ciclo C \u2013 Domingo 3 do T. Comum) \u201cEnt\u00e3o o governador Neemias, o sacerdote e escriba Esdras e os levitas\u2026 disseram a todo o povo: \u00abHoje \u00e9 um dia consagrado ao Senhor, vosso Deus. N\u00e3o vos entriste\u00e7ais nem choreis\u00bb. \u2013 Porque todo o povo chorava, ao escutar as palavras [&hellip;]<\/p>\n","protected":false},"author":2,"featured_media":0,"comment_status":"open","ping_status":"open","sticky":false,"template":"","format":"standard","meta":{"footnotes":""},"categories":[6],"tags":[],"class_list":["post-3643","post","type-post","status-publish","format-standard","hentry","category-refletida","has-post-title","has-post-date","has-post-category","has-post-tag","has-post-comment","has-post-author",""],"builder_content":"","_links":{"self":[{"href":"https:\/\/palavradeamorpalavra.sallep.net\/index.php?rest_route=\/wp\/v2\/posts\/3643","targetHints":{"allow":["GET"]}}],"collection":[{"href":"https:\/\/palavradeamorpalavra.sallep.net\/index.php?rest_route=\/wp\/v2\/posts"}],"about":[{"href":"https:\/\/palavradeamorpalavra.sallep.net\/index.php?rest_route=\/wp\/v2\/types\/post"}],"author":[{"embeddable":true,"href":"https:\/\/palavradeamorpalavra.sallep.net\/index.php?rest_route=\/wp\/v2\/users\/2"}],"replies":[{"embeddable":true,"href":"https:\/\/palavradeamorpalavra.sallep.net\/index.php?rest_route=%2Fwp%2Fv2%2Fcomments&post=3643"}],"version-history":[{"count":2,"href":"https:\/\/palavradeamorpalavra.sallep.net\/index.php?rest_route=\/wp\/v2\/posts\/3643\/revisions"}],"predecessor-version":[{"id":3646,"href":"https:\/\/palavradeamorpalavra.sallep.net\/index.php?rest_route=\/wp\/v2\/posts\/3643\/revisions\/3646"}],"wp:attachment":[{"href":"https:\/\/palavradeamorpalavra.sallep.net\/index.php?rest_route=%2Fwp%2Fv2%2Fmedia&parent=3643"}],"wp:term":[{"taxonomy":"category","embeddable":true,"href":"https:\/\/palavradeamorpalavra.sallep.net\/index.php?rest_route=%2Fwp%2Fv2%2Fcategories&post=3643"},{"taxonomy":"post_tag","embeddable":true,"href":"https:\/\/palavradeamorpalavra.sallep.net\/index.php?rest_route=%2Fwp%2Fv2%2Ftags&post=3643"}],"curies":[{"name":"wp","href":"https:\/\/api.w.org\/{rel}","templated":true}]}}