{"id":3648,"date":"2019-02-01T19:13:11","date_gmt":"2019-02-01T19:13:11","guid":{"rendered":"http:\/\/palavradeamorpalavra.sallep.net\/?p=3648"},"modified":"2022-11-19T10:14:09","modified_gmt":"2022-11-19T10:14:09","slug":"como-numa-rede-sem-fim","status":"publish","type":"post","link":"https:\/\/palavradeamorpalavra.sallep.net\/?p=3648","title":{"rendered":"COMO NUMA \u00abREDE\u00bb\u2026 SEM FIM!"},"content":{"rendered":"<p><a href=\"http:\/\/palavradeamorpalavra.sallep.net\/wp-content\/uploads\/2019\/02\/27c-Como-uma-\u00abrede\u00bb...-sem-fim.jpg\"><img fetchpriority=\"high\" decoding=\"async\" class=\"aligncenter size-full wp-image-3649\" src=\"http:\/\/palavradeamorpalavra.sallep.net\/wp-content\/uploads\/2019\/02\/27c-Como-uma-\u00abrede\u00bb...-sem-fim.jpg\" alt=\"27c- Como uma \u00abrede\u00bb... sem fim!\" width=\"960\" height=\"720\" srcset=\"https:\/\/palavradeamorpalavra.sallep.net\/wp-content\/uploads\/2019\/02\/27c-Como-uma-\u00abrede\u00bb...-sem-fim.jpg 960w, https:\/\/palavradeamorpalavra.sallep.net\/wp-content\/uploads\/2019\/02\/27c-Como-uma-\u00abrede\u00bb...-sem-fim-300x225.jpg 300w, https:\/\/palavradeamorpalavra.sallep.net\/wp-content\/uploads\/2019\/02\/27c-Como-uma-\u00abrede\u00bb...-sem-fim-768x576.jpg 768w, https:\/\/palavradeamorpalavra.sallep.net\/wp-content\/uploads\/2019\/02\/27c-Como-uma-\u00abrede\u00bb...-sem-fim-398x298.jpg 398w\" sizes=\"(max-width: 960px) 100vw, 960px\" \/><\/a><\/p>\n<p><em>\u00a0(Ciclo C \u2013 Domingo 4 do T. Comum\u2026 )<\/em><strong>\u00a0<\/strong><\/p>\n<p><strong>COMO NUMA \u00abREDE\u00bb\u2026 SEM FIM!<\/strong><\/p>\n<p>Toda a gente sabe o que \u00e9 o \u201cumbigo\u201d em termos biol\u00f3gicos. Pois \u00e9 isso exatamente, ou seja, a \u201ccicatriz\u201d que fica \u2013 em todos os humanos \u2013, a \u201cmarca\u201d do que foi o \u201ccord\u00e3o umbilical\u201d, que \u00e9 <em>testemunha<\/em> permanente, de gera\u00e7\u00e3o em gera\u00e7\u00e3o, como prova ver\u00eddica, em todo o momento, de que alguma vez estivemos <em>solidamente unidos<\/em> (\u201csolid\u00e1rios\u201d) com um outro ser humano (a nossa \u201cm\u00e3e\u201d)\u2026 E \u2013 olhem que curioso! \u2013 a pensar nesta realidade, acontece-me que, por vezes, surpreendo-me imaginando (ou \u201cidealizando\u201d) num Universo imenso, sem fim, como que enchendo tudo \u2013 e a pairar no espa\u00e7o et\u00e9reo \u2013 uma multid\u00e3o imensa de \u00abninfas\u00bb e \u00abfadas\u00bb (tamb\u00e9m de \u00abs\u00e1tiros\u00bb <em>marginais<\/em>!) todas elas (as <em>fadas<\/em> e as <em>ninfas<\/em>) unidas entre si (porque \u201cm\u00e3es\u201d) pelos \u201ccord\u00f5es umbilicais\u201d, para formar uma esp\u00e9cie de \u00abrede ilimitada\u00bb, onde todos (tamb\u00e9m os \u201cs\u00e1tiros\u201d das margens) permanecemos \u201cenredados\u201d!&#8230;<\/p>\n<p>E perguntamo-nos: ser\u00e1 devido a esta \u201crealidade\u201d o facto de todos termos essa \u00edntima tend\u00eancia a <em>regressarmos<\/em> ao \u201cnosso umbigo\u201d, refugiarmo-nos no \u201ccentro mesmo\u201d de n\u00f3s pr\u00f3prios, ignorando ou esquecendo todo o resto? Ser\u00e1 isso, talvez, que nos transforma em <em>ego-c\u00eantricos<\/em>, <em>ego\u00edstas<\/em>, <em>individualistas<\/em>?&#8230;<\/p>\n<p>A verdade \u00e9 que \u2013 na \u201corigem\u201d \u2013 todos surgimos de <em>um umbigo<\/em> \u00abno seio materno\u00bb, mas, logo ali mesmo, recebemos uma \u201cvoca\u00e7\u00e3o\u201d, como que uma <em>\u201cindel\u00e9vel cicatriz\u201d<\/em>, que nos projeta para o exterior, o perif\u00e9rico, o universal, o infinito\u2026 <em>\u201c\u00abAntes de te formar no ventre materno, Eu te escolhi; antes que sa\u00edsses do seio de tua m\u00e3e, Eu te consagrei e te constitu\u00ed profeta entre as na\u00e7\u00f5es\u2026\u00bb\u201d (Jr 1 \/ 1\u00aa L.).<\/em> Isto \u00e9, todos devemos ser <em>\u201cprofetas entre as na\u00e7\u00f5es\u2026 at\u00e9 aos confins\u201d<\/em> do \u2018sem fim\u2019, do que n\u00e3o tem fronteiras!<\/p>\n<p>At\u00e9 o pr\u00f3prio Jesus de Nazar\u00e9 \u2013 o Profeta dos profetas \u2013 foi posto <em>na tenta\u00e7\u00e3o<\/em>, para que, de algum modo, retornasse ao \u201cseu umbigo\u201d, neste caso \u00e0 sua terra natal de Nazar\u00e9. E j\u00e1 sabemos como foi, naquela altura, a Sua resposta e a Sua atitude. <em>\u201cJesus disse-lhes: \u00abPor certo Me citareis o ditado: \u2018M\u00e9dico, cura-te a ti mesmo\u2019. \u00abFaz tamb\u00e9m aqui, na tua terra, o que ouvimos dizer que fizeste em Cafarnaum\u00bb. E acrescentou: \u00abEm verdade vos digo: Nenhum profeta \u00e9 bem recebido na sua terra&#8230;\u00bb\u201d (Lc 4). <\/em>E para que n\u00e3o restem d\u00favidas acerca da \u00abVoca\u00e7\u00e3o universal\u00bb do \u201cfilho de Jos\u00e9, o carpinteiro\u201d, lembra-lhes, num certo tom de ironia e sarcasmo, dois acontecimentos hist\u00f3ricos das <em>Escrituras Sagradas<\/em>:<em> \u201c\u2026Havia em Israel muitas vi\u00favas no tempo do profeta Elias\u2026 contudo, Elias n\u00e3o foi enviado a nenhuma delas, mas a uma vi\u00fava de Sarepta, na regi\u00e3o da Sid\u00f3nia\u201d\u2026 \u201cHavia em Israel muitos leprosos\u2026 mas apenas foi curado por Eliseu o leproso s\u00edrio, Naam\u00e3\u00bb\u2026\u201d (Lc 4 \/ 3\u00aa L.).<\/em><\/p>\n<p>Fica ent\u00e3o bem clara a <em>Voca\u00e7\u00e3o<\/em> de Jesus e de todos os que \u2013 em todo o tempo e lugar \u2013 ser\u00e3o Seus disc\u00edpulos: Caminhar em dire\u00e7\u00e3o \u00e0s periferias, por terras estrangeiras marginais, ultrapassando fronteiras, at\u00e9 aos confins de uma <em>miss\u00e3o \u2018sem fim\u2019, <\/em>e que, portanto, nunca pode acabar! <em>[Ali\u00e1s, o nosso Papa Francisco tenta deixar isto bem claro e assente nas suas palavras e atitudes]<\/em>. Por isso, o desfecho desse enfrentamento do \u00abfilho do carpinteiro\u00bb com os seus conterr\u00e2neos, quando tentavam prend\u00ea-lo nas suas redes, n\u00e3o podia ser outro que este: <em>\u201c\u2026Quando eles estavam prestes a lan\u00e7\u00e1-l\u2019O por um precip\u00edcio\u2026 Jesus, passando pelo meio deles, seguiu o seu caminho\u201d. (Lc 4 \/ 3\u00aa L.).<\/em> \u00c9 verdade: Ele tinha sido enviado para <em>\u201cseguir o seu Caminho\u201d<\/em>, para levar a <em>Miss\u00e3o de Salva\u00e7\u00e3o<\/em> a toda a parte, e chegar a todo o ser vivente\u2026<\/p>\n<p>Mas n\u00e3o \u00e9 menos verdade que, ap\u00f3s a Sua \u201csa\u00edda vis\u00edvel\u201d deste mundo, o Messias, Cristo, tem de continuar a Miss\u00e3o Salvadora atrav\u00e9s dos Seus disc\u00edpulos, os \u00abcrist\u00e3os\u00bb e todos os <em>homens de boa vontade<\/em>. Para tal, cada um de n\u00f3s deve encontrar \u201co seu caminho\u201d, no melhor seguimento de Jesus nessa Voca\u00e7\u00e3o-Miss\u00e3o. Acontece que S. Paulo, o disc\u00edpulo e grande <em>\u201cmission\u00e1rio\u201d das gentes<\/em>, apaixonado e fiel seguidor do seu Mestre, deixa-nos a sua dilatada experi\u00eancia \u2013 neste campo do \u201cCaminho\u201d e dos \u201ccaminhos\u201d \u2013 no famos\u00edssimo <em>cap\u00edtulo 13<\/em> da sua <em>primeira carta aos Cor\u00edntios<\/em>. (Seria bom lermos hoje, na \u00edntegra, esta <em>2\u00aa Leitura<\/em> da Eucaristia, e refletirmos \u2013 orarmos \u2013 sobre ela). Aqui e agora, ficam apenas alguns <em>\u201cextractos\u201d<\/em>:<\/p>\n<p>\u201c<em>Vou mostrar-vos um caminho de perfei\u00e7\u00e3o (o caminho melhor) que ultrapassa tudo\u2026 A caridade (o Amor) tudo desculpa\u2026 tudo cr\u00ea, \u2026tudo espera, \u2026tudo suporta\u2026 A caridade n\u00e3o acaba nunca\u2026 Quando vier o que \u00e9 perfeito, o que \u00e9 imperfeito desaparecer\u00e1\u2026 Agora permanecem estas tr\u00eas coisas: a f\u00e9, a esperan\u00e7a e a caridade; mas a maior de todas \u00e9 a caridade\u201d. (1 Cor 13 \/ 2\u00aa L.). <\/em>Quer dizer, se a caridade (Amor) \u00e9 a \u00fanica realidade ilimitada \u2013 no espa\u00e7o e no tempo \u2013 que <em>\u201ctudo cr\u00ea, espera e suporta\u201d<\/em>, que tudo cria, transforma e salva\u2026 tamb\u00e9m n\u00e3o pode ter fim o \u201ccaminho mission\u00e1rio\u201d expansivo, que esse Amor inspira e impele, COMO NUMA \u2018REDE\u2019\u2026 SEM FIM!<\/p>\n<p>&nbsp;<\/p>\n<p><em>Em Ti, Senhor, eu me refugio, <\/em><\/p>\n<p><em>Tu \u00e9s a fortaleza da minha salva\u00e7\u00e3o; <\/em><\/p>\n<p><em>a minha boca proclamar\u00e1 a Tua justi\u00e7a, <\/em><\/p>\n<p><em>porque \u00e9s para mim um ref\u00fagio seguro\u2026<\/em><\/p>\n<p>\u201cAntes de me formares no ventre materno,<\/p>\n<p>Tu j\u00e1 me tinhas escolhido e consagrado\u201d;<\/p>\n<p>no seio da m\u00e3e, \u201cungiste-me\u201d para <em>me enviar<\/em>\u2026<\/p>\n<p>Como fruto do Teu Amor, \u00f3 Pai,<\/p>\n<p>o meu \u201cser\u201d j\u00e1 tinha um destino tra\u00e7ado;<\/p>\n<p>um <em>destino de amor<\/em> e de entrega aos outros\u2026<\/p>\n<p><em>E porque desde a juventude Tu me ensinaste, <\/em><\/p>\n<p><em>eu anunciarei sempre os Teus prod\u00edgios,<\/em><\/p>\n<p>levando comigo esta <em>voca\u00e7\u00e3o e miss\u00e3o,<\/em><\/p>\n<p>que me confiaste para a salva\u00e7\u00e3o de todos<\/p>\n<p>\u2013 ali\u00e1s, \u00absendo \u2018miss\u00e3o\u2019\u00bb eu pr\u00f3prio \u2013 \u2026<\/p>\n<p>Ajuda-me, Pai, para que eu seja sempre fiel<\/p>\n<p>a esta <em>\u201cvoca\u00e7\u00e3o de amor e por amor\u201d<\/em>;<\/p>\n<p><em>a esse \u201camor\u201d que tudo cr\u00ea e tudo desculpa; <\/em><\/p>\n<p><em>a esse \u201camor\u201d que tudo espera e tudo suporta; <\/em><\/p>\n<p><em>a esse \u201camor\u201d que h\u00e1 de permanecer sempre,<\/em><\/p>\n<p>quando <em>todo o resto passar\u00e1 necessariamente<\/em>\u2026<\/p>\n<p><em>Por isso, os meus l\u00e1bios, Senhor, meu Deus, <\/em><\/p>\n<p><em>anunciar\u00e3o a Tua Salva\u00e7\u00e3o eternamente!<\/em><\/p>\n<p><em>\u00a0[ do Salmo Responsorial \/ 70 (71) ]<\/em><\/p>\n","protected":false},"excerpt":{"rendered":"<p>\u00a0(Ciclo C \u2013 Domingo 4 do T. Comum\u2026 )\u00a0 COMO NUMA \u00abREDE\u00bb\u2026 SEM FIM! Toda a gente sabe o que \u00e9 o \u201cumbigo\u201d em termos biol\u00f3gicos. Pois \u00e9 isso exatamente, ou seja, a \u201ccicatriz\u201d que fica \u2013 em todos os humanos \u2013, a \u201cmarca\u201d do que foi o \u201ccord\u00e3o umbilical\u201d, que \u00e9 testemunha permanente, de [&hellip;]<\/p>\n","protected":false},"author":2,"featured_media":0,"comment_status":"open","ping_status":"open","sticky":false,"template":"","format":"standard","meta":{"footnotes":""},"categories":[6],"tags":[],"class_list":["post-3648","post","type-post","status-publish","format-standard","hentry","category-refletida","has-post-title","has-post-date","has-post-category","has-post-tag","has-post-comment","has-post-author",""],"builder_content":"","_links":{"self":[{"href":"https:\/\/palavradeamorpalavra.sallep.net\/index.php?rest_route=\/wp\/v2\/posts\/3648","targetHints":{"allow":["GET"]}}],"collection":[{"href":"https:\/\/palavradeamorpalavra.sallep.net\/index.php?rest_route=\/wp\/v2\/posts"}],"about":[{"href":"https:\/\/palavradeamorpalavra.sallep.net\/index.php?rest_route=\/wp\/v2\/types\/post"}],"author":[{"embeddable":true,"href":"https:\/\/palavradeamorpalavra.sallep.net\/index.php?rest_route=\/wp\/v2\/users\/2"}],"replies":[{"embeddable":true,"href":"https:\/\/palavradeamorpalavra.sallep.net\/index.php?rest_route=%2Fwp%2Fv2%2Fcomments&post=3648"}],"version-history":[{"count":2,"href":"https:\/\/palavradeamorpalavra.sallep.net\/index.php?rest_route=\/wp\/v2\/posts\/3648\/revisions"}],"predecessor-version":[{"id":3651,"href":"https:\/\/palavradeamorpalavra.sallep.net\/index.php?rest_route=\/wp\/v2\/posts\/3648\/revisions\/3651"}],"wp:attachment":[{"href":"https:\/\/palavradeamorpalavra.sallep.net\/index.php?rest_route=%2Fwp%2Fv2%2Fmedia&parent=3648"}],"wp:term":[{"taxonomy":"category","embeddable":true,"href":"https:\/\/palavradeamorpalavra.sallep.net\/index.php?rest_route=%2Fwp%2Fv2%2Fcategories&post=3648"},{"taxonomy":"post_tag","embeddable":true,"href":"https:\/\/palavradeamorpalavra.sallep.net\/index.php?rest_route=%2Fwp%2Fv2%2Ftags&post=3648"}],"curies":[{"name":"wp","href":"https:\/\/api.w.org\/{rel}","templated":true}]}}