{"id":3653,"date":"2019-02-01T19:16:32","date_gmt":"2019-02-01T19:16:32","guid":{"rendered":"http:\/\/palavradeamorpalavra.sallep.net\/?p=3653"},"modified":"2022-11-16T21:25:19","modified_gmt":"2022-11-16T21:25:19","slug":"eu-te-consagrei-e-te-constitui-profeta-entre-as-nacoes","status":"publish","type":"post","link":"https:\/\/palavradeamorpalavra.sallep.net\/?p=3653","title":{"rendered":"\u00abEu te consagrei e te constitu\u00ed profeta entre as na\u00e7\u00f5es&#8230;"},"content":{"rendered":"<p><a href=\"http:\/\/palavradeamorpalavra.sallep.net\/wp-content\/uploads\/2019\/02\/27cc-\u00abEu-te-consagrei-e-te-constitu\u00ed-profeta-entre-as-na\u00e7\u00f5es....jpg\"><img fetchpriority=\"high\" decoding=\"async\" class=\"aligncenter size-full wp-image-3654\" src=\"http:\/\/palavradeamorpalavra.sallep.net\/wp-content\/uploads\/2019\/02\/27cc-\u00abEu-te-consagrei-e-te-constitu\u00ed-profeta-entre-as-na\u00e7\u00f5es....jpg\" alt=\"27cc- \u00abEu te consagrei e te constitu\u00ed profeta entre as na\u00e7\u00f5es...\" width=\"600\" height=\"400\" srcset=\"https:\/\/palavradeamorpalavra.sallep.net\/wp-content\/uploads\/2019\/02\/27cc-\u00abEu-te-consagrei-e-te-constitu\u00ed-profeta-entre-as-na\u00e7\u00f5es....jpg 600w, https:\/\/palavradeamorpalavra.sallep.net\/wp-content\/uploads\/2019\/02\/27cc-\u00abEu-te-consagrei-e-te-constitu\u00ed-profeta-entre-as-na\u00e7\u00f5es...-300x200.jpg 300w, https:\/\/palavradeamorpalavra.sallep.net\/wp-content\/uploads\/2019\/02\/27cc-\u00abEu-te-consagrei-e-te-constitu\u00ed-profeta-entre-as-na\u00e7\u00f5es...-398x265.jpg 398w\" sizes=\"(max-width: 600px) 100vw, 600px\" \/><\/a><\/p>\n<p><strong>&#8211;\u00a0<em>A<\/em>\u00a0<em>PALAVRA, Refletida<\/em>\u00a0ao ritmo Lit\u00fargico &#8211;<\/strong><\/p>\n<p><em>(Ciclo C \u2013 Domingo 4 do T. Comum)<\/em><\/p>\n<p><strong><em>\u201c\u00abAntes de te formar no ventre materno, Eu te escolhi; antes que sa\u00edsses do seio de tua m\u00e3e<\/em><\/strong><strong><em>, <u>Eu te consagrei e te constitu\u00ed profeta entre as na\u00e7\u00f5es<\/u> (\u2026) Hoje mesmo fa\u00e7o de ti uma cidade fortificada, uma coluna de ferro e uma muralha de bronze, diante de todo este pa\u00eds, dos reis de Jud\u00e1 e dos seus chefes, diante dos sacerdotes e do povo da terra. Eles combater\u00e3o contra ti, mas n\u00e3o poder\u00e3o vencer-te, porque Eu estou contigo para te salvar\u00bb\u201d. (Jr 1,<\/em><\/strong><strong><em>5.18-19<\/em><\/strong> <strong><em>\/ 1\u00aa L<\/em><\/strong><strong><em>).<\/em><\/strong><\/p>\n<p>&nbsp;<\/p>\n<p><em>Texto<\/em> que pertence ao relato da voca\u00e7\u00e3o do mesmo profeta (Jeremias) e que aparece logo no in\u00edcio do cap\u00edtulo 1. Ou seja, come\u00e7a o seu <em>Livro<\/em> com a narra\u00e7\u00e3o da sua <em>voca\u00e7\u00e3o pessoal<\/em>. Coincidimos, ali\u00e1s, com os <em>especialistas b\u00edblicos<\/em> na constata\u00e7\u00e3o do <em>\u2018paralelismo sin\u00f3nimo\u2019<\/em> que se verifica, no AT, em todas as narrativas dos <em>chamamentos<\/em> \u2013 \u2018<em>voca\u00e7\u00f5es\u2019<\/em> \u2013 que, partindo sempre da iniciativa de Deus, s\u00e3o \u201cenviados\u201d sempre a realizar uma \u201cmiss\u00e3o\u201d. Assim, por ex., <em>a \u2018voca\u00e7\u00e3o\u2019<\/em>: de <em>Gede\u00e3o<\/em> (Jz 6,11-24); de <em>Sans\u00e3o<\/em> (Jz 13,1-25); de <em>Samuel<\/em> (1 Sm 3); de <em>Isa\u00edas<\/em> (Is 6,1-13); de <em>Ezequiel<\/em> (Ez 2); etc. Em geral, a \u2018estrutura ou esquema\u2019 \u00e9 sempre similar: (<strong>a<\/strong>)-Amoroso <em>apelo de Deus<\/em>, irresist\u00edvel [?]. (<strong>b<\/strong>)-Perante o primeiro \u2018temor e tremor\u2019, h\u00e1 uma inicial <em>recusa<\/em>. (<strong>c<\/strong>)-Aceita\u00e7\u00e3o e execu\u00e7\u00e3o da <em>miss\u00e3o<\/em> fielmente.<\/p>\n<p>&nbsp;<\/p>\n<p>A \u2013 D\u00e1-se sempre uma \u2018teofania\u2019 (<em>manifesta\u00e7\u00e3o<\/em> de Deus) de diversos modos (as \u2018causas segundas\u2019): uma <em>voz<\/em>, uma <em>luz<\/em>, um <em>anjo<\/em>, uma <em>pessoa<\/em>, um <em>evento<\/em>\u2026 que s\u00e3o \u2018met\u00e1foras\u2019 utilizadas pelos relatores. Para <em>Jeremias,<\/em> a \u2018teofania\u2019 foi atrav\u00e9s de <em>uma voz<\/em> (<em>\u201ca palavra do Senhor foi-me dirigida\u201d<\/em>) (Jr 1,4).<\/p>\n<p>B \u2013 Igualmente, em todo e qualquer \u2018chamado\u2019, revela-se tamb\u00e9m <em>uma constante<\/em>: O \u2018vocacionado\u2019 \u00e9 sempre incumbido de uma <em>miss\u00e3o <\/em>em fun\u00e7\u00e3o<em> dos outros<\/em>, e nunca em causa pr\u00f3pria\u2026<\/p>\n<p>A \u2013 No caso deste <em>profeta<\/em>, fica bem clara a <em>miss\u00e3o<\/em> referida <em>aos outros<\/em>: <em>\u201c\u2026 uma coluna de ferro\u2026 perante este pa\u00eds, os reis de Jud\u00e1 e os seus chefes, diante dos sacerdotes e do povo da terra\u2026\u201d<\/em>.<\/p>\n<p>B \u2013 Ali\u00e1s, conhecemos muito bem, pelos <em>dados biogr\u00e1ficos<\/em> que registou o mesmo Jeremias (<em>entre os cap\u00edtulos 26 e 45<\/em>), que esta sua miss\u00e3o face aos outros, custou-lhe um \u2018mart\u00edrio quase cont\u00ednuo\u2019.<\/p>\n<p>A \u2013 Entre tanto, a quest\u00e3o mais importante que neste <em>texto<\/em> conv\u00e9m salientar \u2013 ali\u00e1s, comum a todos os profetas e n\u00e3o s\u00f3, que foram <em>chamados<\/em> e <em>enviados<\/em> \u2013 \u00e9 a sua <em>escolha<\/em> por parte de Deus \u2018antes de iniciar a sua exist\u00eancia\u2019: <em>\u201c\u00abAntes de te formar no ventre materno, Eu te escolhi\u2026\u00bb\u201d<\/em>.<\/p>\n<p>B \u2013 E aqui est\u00e1 o grande mist\u00e9rio e a maravilha divina que \u00e9 \u00abo <em>projeto de Deus<\/em> (h\u00e1 quem prefira dizer \u2018sonho divino\u2019) para todo e cada ser humano que \u00e9 \u2018chamado \u00e0 vida\u2019 pelo Criador Universal\u00bb!<\/p>\n<p>A \u2013 Ent\u00e3o, mesmo que tenhamos de passar pelos nossos <em>desertos e calv\u00e1rios<\/em>, at\u00e9 mesmo <em>a morte<\/em> \u2013 caso de <em>Jeremias<\/em>, e ainda mais o pr\u00f3prio <em>Jesus de Nazar\u00e9<\/em> \u2013 nunca devemos perder<em> a esperan\u00e7a<\/em>, j\u00e1 que, afinal, <em>\u201c\u00ab\u2026os inimigos n\u00e3o poder\u00e3o vencer-te, porque Eu estou contigo para te salvar\u00bb\u201d!<\/em><\/p>\n<p>&nbsp;<\/p>\n<p style=\"text-align: right;\"><u>A-B<\/u>: <strong>Posso orar hoje, \u00f3 Pai, precisamente com as <em>\u00abLamenta\u00e7\u00f5es de Jeremias\u00bb<\/em>?<\/strong><\/p>\n<p style=\"text-align: right;\"><strong>N\u00e3o porque eu tenha motivos para<em> me lamentar<\/em> pelas minhas \u2018pesadas cruzes\u2019,<\/strong><\/p>\n<p style=\"text-align: right;\"><strong>mas porque \u2013 \u00e0s vezes (?) \u2013 tento ignorar a <em>voca\u00e7\u00e3o<\/em> que Tu <em>\u2018sonhaste\u2019<\/em> para mim:<\/strong><\/p>\n<p style=\"text-align: right;\"><strong>\u00ab Ai! (<em>\u2018Alef\u2019<\/em>) Quando <em>n\u00e3o sou fiel<\/em> aos Teus \u2018sonhos\u2019 sobre mim,<\/strong><\/p>\n<p style=\"text-align: right;\"><strong>sinto-me <em>\u00f3rf\u00e3o, sem pai, como se a minha m\u00e3e \u2013 Jerusal\u00e9m \u2013 ficasse vi\u00fava<\/em>\u2026;<\/strong><\/p>\n<p style=\"text-align: right;\"><strong><em>como se, carregando um jugo pesado ao pesco\u00e7o, ficasse esgotado<\/em><\/strong><strong>\u2026<\/strong><\/p>\n<p style=\"text-align: right;\"><strong>Ai! (<em>\u2018Bet\u2019<\/em>) <\/strong><strong>Quando <em>n\u00e3o tenho coragem<\/em> para enfrentar as pequenas cruzes,<\/strong><\/p>\n<p style=\"text-align: right;\"><strong>sinto-me <em>como tra\u00eddo pelos meus aliados que se tornaram inimigos\u2026<\/em><\/strong><\/p>\n<p style=\"text-align: right;\"><strong>Ai! (<em>\u2018Vau\u2019<\/em>) Quando <em>n\u00e3o sou grato<\/em>, Senhor, por esta Tua <em>\u2018escolha\u2019 de amor<\/em>,<\/strong><\/p>\n<p style=\"text-align: right;\"><strong>sinto-me mal, <em>como o veado sem pastagens, que foge dos predadores<\/em>\u2026 \u00bb.<\/strong><\/p>\n<p style=\"text-align: right;\"><strong>E tenho que admitir, Pai, que afinal as lam\u00farias (<em>\u00ablamenta\u00e7\u00f5es\u00bb<\/em>) de nada valem!<\/strong><\/p>\n<p><strong>\u00a0\u00a0\u00a0\u00a0\u00a0\u00a0\u00a0\u00a0\u00a0\u00a0\u00a0\u00a0\u00a0\u00a0\u00a0\u00a0\u00a0 <\/strong><\/p>\n<p><strong>\u00a0<\/strong>\/\/ <em>PARA uma outra REFLEX\u00c3O ALARGADA:<\/em> <a href=\"http:\/\/palavradeamorpalavra.sallep.net\">http:\/\/palavradeamorpalavra.sallep.net<\/a><\/p>\n","protected":false},"excerpt":{"rendered":"<p>&#8211;\u00a0A\u00a0PALAVRA, Refletida\u00a0ao ritmo Lit\u00fargico &#8211; (Ciclo C \u2013 Domingo 4 do T. Comum) \u201c\u00abAntes de te formar no ventre materno, Eu te escolhi; antes que sa\u00edsses do seio de tua m\u00e3e, Eu te consagrei e te constitu\u00ed profeta entre as na\u00e7\u00f5es (\u2026) Hoje mesmo fa\u00e7o de ti uma cidade fortificada, uma coluna de ferro e [&hellip;]<\/p>\n","protected":false},"author":2,"featured_media":0,"comment_status":"open","ping_status":"open","sticky":false,"template":"","format":"standard","meta":{"footnotes":""},"categories":[6],"tags":[],"class_list":["post-3653","post","type-post","status-publish","format-standard","hentry","category-refletida","has-post-title","has-post-date","has-post-category","has-post-tag","has-post-comment","has-post-author",""],"builder_content":"","_links":{"self":[{"href":"https:\/\/palavradeamorpalavra.sallep.net\/index.php?rest_route=\/wp\/v2\/posts\/3653","targetHints":{"allow":["GET"]}}],"collection":[{"href":"https:\/\/palavradeamorpalavra.sallep.net\/index.php?rest_route=\/wp\/v2\/posts"}],"about":[{"href":"https:\/\/palavradeamorpalavra.sallep.net\/index.php?rest_route=\/wp\/v2\/types\/post"}],"author":[{"embeddable":true,"href":"https:\/\/palavradeamorpalavra.sallep.net\/index.php?rest_route=\/wp\/v2\/users\/2"}],"replies":[{"embeddable":true,"href":"https:\/\/palavradeamorpalavra.sallep.net\/index.php?rest_route=%2Fwp%2Fv2%2Fcomments&post=3653"}],"version-history":[{"count":2,"href":"https:\/\/palavradeamorpalavra.sallep.net\/index.php?rest_route=\/wp\/v2\/posts\/3653\/revisions"}],"predecessor-version":[{"id":3656,"href":"https:\/\/palavradeamorpalavra.sallep.net\/index.php?rest_route=\/wp\/v2\/posts\/3653\/revisions\/3656"}],"wp:attachment":[{"href":"https:\/\/palavradeamorpalavra.sallep.net\/index.php?rest_route=%2Fwp%2Fv2%2Fmedia&parent=3653"}],"wp:term":[{"taxonomy":"category","embeddable":true,"href":"https:\/\/palavradeamorpalavra.sallep.net\/index.php?rest_route=%2Fwp%2Fv2%2Fcategories&post=3653"},{"taxonomy":"post_tag","embeddable":true,"href":"https:\/\/palavradeamorpalavra.sallep.net\/index.php?rest_route=%2Fwp%2Fv2%2Ftags&post=3653"}],"curies":[{"name":"wp","href":"https:\/\/api.w.org\/{rel}","templated":true}]}}