{"id":3662,"date":"2019-02-08T21:18:57","date_gmt":"2019-02-08T21:18:57","guid":{"rendered":"http:\/\/palavradeamorpalavra.sallep.net\/?p=3662"},"modified":"2022-11-17T11:23:25","modified_gmt":"2022-11-17T11:23:25","slug":"recordo-vos-irmaos-o-evangelho-que-vos-anunciei","status":"publish","type":"post","link":"https:\/\/palavradeamorpalavra.sallep.net\/?p=3662","title":{"rendered":"\u00abRecordo-vos, irm\u00e3os, o Evangelho que vos anunciei&#8230;"},"content":{"rendered":"<p><a href=\"http:\/\/palavradeamorpalavra.sallep.net\/wp-content\/uploads\/2019\/02\/28cc-\u00abRecordo-vos-irm\u00e3os-o-Evangelho-que-vos-anunciei....jpg\"><img fetchpriority=\"high\" decoding=\"async\" class=\"aligncenter size-full wp-image-3663\" src=\"http:\/\/palavradeamorpalavra.sallep.net\/wp-content\/uploads\/2019\/02\/28cc-\u00abRecordo-vos-irm\u00e3os-o-Evangelho-que-vos-anunciei....jpg\" alt=\"28cc- \u00abRecordo-vos, irm\u00e3os, o Evangelho que vos anunciei...\" width=\"800\" height=\"533\" srcset=\"https:\/\/palavradeamorpalavra.sallep.net\/wp-content\/uploads\/2019\/02\/28cc-\u00abRecordo-vos-irm\u00e3os-o-Evangelho-que-vos-anunciei....jpg 800w, https:\/\/palavradeamorpalavra.sallep.net\/wp-content\/uploads\/2019\/02\/28cc-\u00abRecordo-vos-irm\u00e3os-o-Evangelho-que-vos-anunciei...-300x200.jpg 300w, https:\/\/palavradeamorpalavra.sallep.net\/wp-content\/uploads\/2019\/02\/28cc-\u00abRecordo-vos-irm\u00e3os-o-Evangelho-que-vos-anunciei...-768x512.jpg 768w, https:\/\/palavradeamorpalavra.sallep.net\/wp-content\/uploads\/2019\/02\/28cc-\u00abRecordo-vos-irm\u00e3os-o-Evangelho-que-vos-anunciei...-398x265.jpg 398w\" sizes=\"(max-width: 800px) 100vw, 800px\" \/><\/a><\/p>\n<p><strong>&#8211;\u00a0<em>A<\/em>\u00a0<em>PALAVRA, Refletida<\/em>\u00a0ao ritmo Lit\u00fargico &#8211;<\/strong><\/p>\n<p><em>(Ciclo C \u2013 Domingo 5 do T. Comum)<\/em><\/p>\n<p><strong><em>\u201c<u>Recordo-vos, irm\u00e3os, o Evangelho que vos anunciei<\/u> e que recebestes, no qual permaneceis e pelo qual sereis salvos, se o conservais como eu vo-lo anunciei; ali\u00e1s, ter\u00edeis abra\u00e7ado a f\u00e9 em v\u00e3o. Transmiti-vos em primeiro lugar o que eu mesmo recebi: Cristo morreu pelos nossos pecados, segundo as Escrituras; foi sepultado e ressuscitou ao terceiro dia, segundo as Escrituras\u2026\u201d. (1 Cor 15,<\/em><\/strong><strong><em>1-4<\/em><\/strong> <strong><em>\/ 2\u00aa L<\/em><\/strong><strong><em>).<\/em><\/strong><\/p>\n<p>&nbsp;<\/p>\n<p>O conceito de \u201cdualismo\u201d \u2013 \u201cmat\u00e9ria\u201d e \u201cesp\u00edrito\u201d \u2013 na filosofia e teologia (que os <em>\u2018fil\u00f3sofos gregos\u2019<\/em> do tempo de S. Paulo consideravam j\u00e1 como \u00abdois princ\u00edpios ou realidades n\u00e3o subordin\u00e1veis e irredut\u00edveis entre si\u00bb) constitu\u00eda \u2013 entre outras v\u00e1rias \u2013 uma das \u201ctenta\u00e7\u00f5es\u201d mais graves que a comunidade crist\u00e3 de Corinto tinha de enfrentar naquele tempo. Paulo conhecia muito bem o perigo que esta doutrina filos\u00f3fica constitu\u00eda para <em>os seus crist\u00e3os<\/em> daquela comunidade, por sinal <em>fervorosa<\/em>, mas inserida naquele ambiente de paganismo helenista\u2026 \u00c9 que n\u00e3o \u00e9 f\u00e1cil ter <em>f\u00e9 na ressurrei\u00e7\u00e3o<\/em> \u2013 de Cristo e dos seres humanos \u2013 aceitando, ao mesmo tempo, esse conceito de \u201cdualismo\u201d. Isso seria equivalente a assumir \u00aba coexist\u00eancia de dois princ\u00edpios eternos, necess\u00e1rios e opostos\u00bb, com as \u2018inevit\u00e1veis\u2019 consequ\u00eancias nefastas \u2026<\/p>\n<p>&nbsp;<\/p>\n<p>A \u2013 A primeira coisa que faz Paulo \u2013 neste cap\u00edtulo 15, j\u00e1 no final da sua carta \u2013 \u00e9 colocar no <em>centro da sua doutrina<\/em> (quer dizer, da <em>doutrina<\/em> que lhes anunciou desde o princ\u00edpio, a <em>doutrina<\/em> de sempre!) colocar, a\u00ed no centro, o pr\u00f3prio \u201cEvangelho\u201d, inteiro e verdadeiro, sem <em>recortes<\/em> nem acr\u00e9scimos!<\/p>\n<p>B \u2013 Exatamente, \u00e9 este \u201cEvangelho de Jesus\u201d que tem como eixo fulcral o <em>Mist\u00e9rio da Ressurrei\u00e7\u00e3o<\/em>! Isto \u00e9, Cristo fez poss\u00edvel <em>\u201co facto de<\/em> <em>o esp\u00edrito \u2013 <\/em>a alma<em> \u2013 n\u00e3o poder morrer\u201d<\/em>, e, como tal, <em>o ter de se unir \u00e0 mat\u00e9ria<\/em> \u2013 o corpo \u2013 <em>\u2018em gl\u00f3ria\u2019, <\/em>o que n\u00f3s proclamamos como<em> \u00aba ressurrei\u00e7\u00e3o da carne\u00bb <\/em>\u2026<\/p>\n<p>A \u2013 Ou seja, <em>todos os crist\u00e3os<\/em> (n\u00e3o apenas os <em>cor\u00edntios<\/em>) somos obrigados a aceitar e tentar compreender esta <em>dualidade<\/em> <em>(<\/em>que <em>n\u00e3o \u2018dualismo\u2019)<\/em> no <em>sentido crist\u00e3o<\/em>: <em>a \u2018mat\u00e9ria\u2019 \u00e9 entendida em fun\u00e7\u00e3o do \u2018esp\u00edrito\u2019;<\/em> portanto, o <em>corpo<\/em> subordinado \u00e0 <em>alma<\/em>. Nunca vice-versa!<\/p>\n<p>B \u2013 Ent\u00e3o, bastar\u00e1 <em>a fidelidade a este \u201cEvangelho\u201d<\/em>, com tudo o que isso significa e exige, para termos resolvida a quest\u00e3o do <em>Amor<\/em> e da nossa <em>Felicidade<\/em>, por muito elevada e ambiciosa que seja.<\/p>\n<p>A \u2013 A fidelidade a esse <em>Evangelho <\/em>sup\u00f5e e exige (como <em>\u201crecorda\u201d<\/em> a <em>Carta<\/em>): <em>\u201creceb\u00ea-lo e conserv\u00e1-lo tal como nos foi anunciado, e permanecer nele\u2026 Se n\u00e3o for assim, ter\u00edamos abra\u00e7ado a f\u00e9 em v\u00e3o\u201d.<\/em><\/p>\n<p>B \u2013 E apresenta \u2013 em <em>esquema<\/em> \u2013 o itiner\u00e1rio vital de Jesus: <em>\u201cCristo morreu pelos nossos pecados, segundo as Escrituras; foi sepultado e ressuscitou ao terceiro dia, segundo as Escrituras\u201d. \u00a0\u00a0\u00a0\u00a0<\/em><\/p>\n<p>A \u2013 O mesmo Paulo entende que o nosso \u201citiner\u00e1rio de vida\u201d deve seguir o <em>esquema vital<\/em> de Jesus na sua passagem por esta terra. Ou seja: <em>Dar exemplo<\/em> &#8211; <em>Evangelizar<\/em> &#8211; <em>Paix\u00e3o\/Morte<\/em> &#8211; <em>Ressurrei\u00e7\u00e3o<\/em>.<\/p>\n<p>B \u2013 Por isso, havemos de estar vigilantes para <em>detetar<\/em>, <em>denunciar<\/em> e <em>rejeitar<\/em> tanto <em>pseudo-evangelho<\/em> \u2013surgido entre n\u00f3s, nestes tempos nossos \u2013 que n\u00e3o \u00e9 \u00abo <em>Evangelho<\/em> de Jesus\u00bb; ao inv\u00e9s, vai sendo \u201crecortado\u201d \u00e0 medida do <em>nosso gosto<\/em>, \u2018eliminando\u2019 as p\u00e1ginas onde apare\u00e7a <em>\u201cab-nega\u00e7\u00e3o e cruz\u201d! &#8230;<\/em><\/p>\n<p><u>\u00a0<\/u><\/p>\n<p style=\"text-align: right;\"><u>A-B<\/u>: <strong>\u00c9 verdade, Jesus. Se o Teu <em>Evangelho<\/em> \u00e9 este que Paulo nos apresenta,<\/strong><\/p>\n<p style=\"text-align: right;\"><strong>ainda estamos longe de aceit\u00e1-lo e viv\u00ea-lo na sua radicalidade, sem \u2018recortes\u2019!<\/strong><\/p>\n<p style=\"text-align: right;\"><strong>Sinceramente: uns mais do que outros, andamos a fugir da tua Cruz<\/strong><\/p>\n<p style=\"text-align: right;\"><strong>\u2013 quer dizer, das \u2018nossas cruzes\u2019 e de tudo o que significa \u201cnega\u00e7\u00e3o\u201d \u2013;<\/strong><\/p>\n<p style=\"text-align: right;\"><strong>e fazemos \u2018caso omisso\u2019 da Tua <em>palavra-chave<\/em>, clara e radical <\/strong><em>(<strong>Mc 8,<\/strong><\/em><strong><em>34<\/em><\/strong><em> \/<\/em> <em>e<\/em> <strong><em>par.<\/em><\/strong><em>)<\/em><strong>:<\/strong><\/p>\n<p style=\"text-align: right;\"><strong><em>\u201cQuem quiser seguir-Me, negue-se a si mesmo, tome a sua cruz e venha coMigo\u201d<\/em><\/strong><strong>.<\/strong><\/p>\n<p style=\"text-align: right;\"><strong>Senhor Jesus, tem compaix\u00e3o de n\u00f3s, e perdoa todos aqueles que, \u2018desorientados\u2019, <\/strong><\/p>\n<p style=\"text-align: right;\"><strong>tentam viver e \u2018amar\u2019 \u2013 consciente e voluntariamente? \u2013 ignorando a Tua Cruz! \u00a0\u00a0<\/strong><\/p>\n<p><strong>\u00a0\u00a0\u00a0\u00a0\u00a0\u00a0\u00a0\u00a0\u00a0\u00a0\u00a0\u00a0\u00a0\u00a0\u00a0\u00a0\u00a0 <\/strong><\/p>\n<p><strong>\u00a0<\/strong>\/\/ <em>PARA uma outra REFLEX\u00c3O ALARGADA:<\/em> <a href=\"http:\/\/palavradeamorpalavra.sallep.net\">http:\/\/palavradeamorpalavra.sallep.net<\/a><\/p>\n","protected":false},"excerpt":{"rendered":"<p>&#8211;\u00a0A\u00a0PALAVRA, Refletida\u00a0ao ritmo Lit\u00fargico &#8211; (Ciclo C \u2013 Domingo 5 do T. Comum) \u201cRecordo-vos, irm\u00e3os, o Evangelho que vos anunciei e que recebestes, no qual permaneceis e pelo qual sereis salvos, se o conservais como eu vo-lo anunciei; ali\u00e1s, ter\u00edeis abra\u00e7ado a f\u00e9 em v\u00e3o. Transmiti-vos em primeiro lugar o que eu mesmo recebi: Cristo [&hellip;]<\/p>\n","protected":false},"author":2,"featured_media":0,"comment_status":"open","ping_status":"open","sticky":false,"template":"","format":"standard","meta":{"footnotes":""},"categories":[6],"tags":[],"class_list":["post-3662","post","type-post","status-publish","format-standard","hentry","category-refletida","has-post-title","has-post-date","has-post-category","has-post-tag","has-post-comment","has-post-author",""],"builder_content":"","_links":{"self":[{"href":"https:\/\/palavradeamorpalavra.sallep.net\/index.php?rest_route=\/wp\/v2\/posts\/3662","targetHints":{"allow":["GET"]}}],"collection":[{"href":"https:\/\/palavradeamorpalavra.sallep.net\/index.php?rest_route=\/wp\/v2\/posts"}],"about":[{"href":"https:\/\/palavradeamorpalavra.sallep.net\/index.php?rest_route=\/wp\/v2\/types\/post"}],"author":[{"embeddable":true,"href":"https:\/\/palavradeamorpalavra.sallep.net\/index.php?rest_route=\/wp\/v2\/users\/2"}],"replies":[{"embeddable":true,"href":"https:\/\/palavradeamorpalavra.sallep.net\/index.php?rest_route=%2Fwp%2Fv2%2Fcomments&post=3662"}],"version-history":[{"count":1,"href":"https:\/\/palavradeamorpalavra.sallep.net\/index.php?rest_route=\/wp\/v2\/posts\/3662\/revisions"}],"predecessor-version":[{"id":3664,"href":"https:\/\/palavradeamorpalavra.sallep.net\/index.php?rest_route=\/wp\/v2\/posts\/3662\/revisions\/3664"}],"wp:attachment":[{"href":"https:\/\/palavradeamorpalavra.sallep.net\/index.php?rest_route=%2Fwp%2Fv2%2Fmedia&parent=3662"}],"wp:term":[{"taxonomy":"category","embeddable":true,"href":"https:\/\/palavradeamorpalavra.sallep.net\/index.php?rest_route=%2Fwp%2Fv2%2Fcategories&post=3662"},{"taxonomy":"post_tag","embeddable":true,"href":"https:\/\/palavradeamorpalavra.sallep.net\/index.php?rest_route=%2Fwp%2Fv2%2Ftags&post=3662"}],"curies":[{"name":"wp","href":"https:\/\/api.w.org\/{rel}","templated":true}]}}