{"id":3670,"date":"2019-02-15T21:57:51","date_gmt":"2019-02-15T21:57:51","guid":{"rendered":"http:\/\/palavradeamorpalavra.sallep.net\/?p=3670"},"modified":"2022-11-16T20:58:37","modified_gmt":"2022-11-16T20:58:37","slug":"maldito-quem-confia-no-homem-e-poe-na-carne-toda-a-sua-esperanca","status":"publish","type":"post","link":"https:\/\/palavradeamorpalavra.sallep.net\/?p=3670","title":{"rendered":"\u00abMaldito quem confia no homem e p\u00f5e na carne toda a sua esperan\u00e7a&#8230;"},"content":{"rendered":"<p><a href=\"http:\/\/palavradeamorpalavra.sallep.net\/wp-content\/uploads\/2019\/02\/29cc-\u00abMaldito-quem-confia-no-homem-e-p\u00f5e-na-carne-toda-a-sua-esperan\u00e7a....jpg\"><img fetchpriority=\"high\" decoding=\"async\" class=\"aligncenter size-full wp-image-3671\" src=\"http:\/\/palavradeamorpalavra.sallep.net\/wp-content\/uploads\/2019\/02\/29cc-\u00abMaldito-quem-confia-no-homem-e-p\u00f5e-na-carne-toda-a-sua-esperan\u00e7a....jpg\" alt=\"29cc- \u00abMaldito quem confia no homem e p\u00f5e na carne toda a sua esperan\u00e7a...\" width=\"320\" height=\"232\" srcset=\"https:\/\/palavradeamorpalavra.sallep.net\/wp-content\/uploads\/2019\/02\/29cc-\u00abMaldito-quem-confia-no-homem-e-p\u00f5e-na-carne-toda-a-sua-esperan\u00e7a....jpg 320w, https:\/\/palavradeamorpalavra.sallep.net\/wp-content\/uploads\/2019\/02\/29cc-\u00abMaldito-quem-confia-no-homem-e-p\u00f5e-na-carne-toda-a-sua-esperan\u00e7a...-300x218.jpg 300w, https:\/\/palavradeamorpalavra.sallep.net\/wp-content\/uploads\/2019\/02\/29cc-\u00abMaldito-quem-confia-no-homem-e-p\u00f5e-na-carne-toda-a-sua-esperan\u00e7a...-398x288.jpg 398w\" sizes=\"(max-width: 320px) 100vw, 320px\" \/><\/a><\/p>\n<p><strong>&#8211;\u00a0<em>A<\/em>\u00a0<em>PALAVRA, refletida<\/em>\u00a0ao ritmo Lit\u00fargico &#8211;<\/strong><\/p>\n<p><em>(Ciclo C \u2013 Domingo 6 do T. Comum)<\/em><\/p>\n<p><strong><em>\u201cIsto diz o Senhor: <u>Maldito quem confia no homem e <\/u><u>p\u00f5e na carne toda a sua esperan\u00e7a<\/u>, afastando o seu cora\u00e7\u00e3o do Senhor. Ser\u00e1 como o cardo na estepe \u2026 Bendito quem confia no Senhor e p\u00f5e no Senhor a sua esperan\u00e7a. \u00c9 como a \u00e1rvore plantada \u00e0 beira da \u00e1gua\u2026 que n\u00e3o deixar\u00e1 de produzir os seus frutos\u201d. (Jr 17,<\/em><\/strong><strong><em>5-8<\/em><\/strong> <strong><em>\/ 1\u00aa L<\/em><\/strong><strong><em>).<\/em><\/strong><\/p>\n<p>&nbsp;<\/p>\n<p>Tal como nos tempos atuais, em todas as \u2018Idades do Homem\u2019 e, portanto, tamb\u00e9m <em>no AT b\u00edblico<\/em>, era comum <em>lan\u00e7ar maldi\u00e7\u00f5es<\/em> sobre aquele \u2018indiv\u00edduo\u2019 que se julgasse culpado por alguma \u2018maldade\u2019\u2026 N\u00e3o admira que aqui, <em>o profeta<\/em> ponha na boca de Deus um termo t\u00e3o forte (\u2018maldito\u2019) que era utilizado pelas pessoas, umas contra as outras\u2026 E notemos, ali\u00e1s, que este <em>texto<\/em> pertence \u00e0 primeira parte do livro de Jeremias, isto \u00e9, ao conjunto de \u00abOr\u00e1culos dirigidos ao povo de Deus\u00bb. Logicamente, em oposi\u00e7\u00e3o, aparece, logo a seguir, o termo \u201cbendito\u201d\u2026 Veremos, no entanto, que o termo \u201cmaldito\u201d n\u00e3o tem aqui, precisamente, o sentido de \u2018maldizer\u2019!<\/p>\n<p>&nbsp;<\/p>\n<p>A \u2013 \u00c9 fundamental em qualquer reflex\u00e3o tentar esclarecer o sentido dos <em>termos confusos<\/em>. \u2018Homem\u2019 e \u2018carne\u2019, tal como \u2018maldito\u2019 e \u2018bendito\u2019, ou \u2018cardo\u2019 e \u2018estepe\u2019, requerem alguma explica\u00e7\u00e3o pr\u00e9via\u2026<\/p>\n<p>B \u2013 Sabemos que <em>carne<\/em>, por vezes, \u00e9 tomado como equivalente de <em>homem<\/em>, como \u00e9 o caso presente. Noutros casos, nomeadamente no campo espiritual, \u2018carne\u2019 seria um termo contraposto a \u2018esp\u00edrito\u2019.<\/p>\n<p>A \u2013 Quanto a \u2018maldito\u2019, \u00e9 verdade que, no <em>texto<\/em>, n\u00e3o tem o sentido de <em>amaldi\u00e7oar<\/em> ou <em>maldizer<\/em> outra pessoa. Isso seria impens\u00e1vel \u2013 imposs\u00edvel \u2013 na boca e na inten\u00e7\u00e3o de Deus!&#8230;<\/p>\n<p>B &#8211; Aqui tem simplesmente o significado e objetivo de <em>avisar ou prevenir<\/em> dos perigos e <em>nefastas consequ\u00eancias <\/em>que, para o futuro do tal indiv\u00edduo, ter\u00e1 a sua atitude\/conduta de confiar s\u00f3 na <em>carne<\/em>.<\/p>\n<p>A \u2013 Isso sup\u00f5e que, se ele mudar, essa \u2018pseudo-maldi\u00e7\u00e3o\u2019 ter\u00e1 tido um efeito positivo e frut\u00edfero: <em>\u201cN\u00e3o deixar\u00e1 de produzir os seus frutos\u201d, <\/em>como se diz do homem (<em>\u201cbendito\u201d<\/em>) que s\u00f3 confia em Deus!<\/p>\n<p>B \u2013 Se repararmos bem nos diversos voc\u00e1bulos, ao dizer <em>\u201cp\u00f5e na carne toda a sua esperan\u00e7a\u201d<\/em> ao tempo que <em>\u201cafasta o seu cora\u00e7\u00e3o do Senhor\u201d<\/em>, \u00e9 porque, ao colocar <em>\u201ctoda\u201d<\/em> a sua esperan\u00e7a no homem, j\u00e1 <em>n\u00e3o tem esperan\u00e7a<\/em> em Deus, e assim, o seu <em>cora\u00e7\u00e3o vive afastado<\/em> do Senhor.<\/p>\n<p>A \u2013 N\u00e3o \u00e9 que se negue, de maneira nenhuma, a virtude da <em>confian\u00e7a<\/em> m\u00fatua (ou \u2018esperan\u00e7a\u2019) que deve existir nas rela\u00e7\u00f5es humanas, entre pessoa e pessoa, tal como Deus concebeu e criou. Ora, na verdade, se n\u00e3o existir esse ambiente de <em>confian\u00e7a humana<\/em> \u00e9 porque n\u00e3o h\u00e1 <em>confian\u00e7a em Deus<\/em>.<\/p>\n<p>B \u2013 Por isso diz <em>\u201cbendito quem confia no Senhor e p\u00f5e n\u2019Ele a sua esperan\u00e7a\u201d<\/em> porque <em>\u201c\u00e9 como a \u00e1rvore plantada \u00e0 beira da \u00e1gua\u201d<\/em>, que <em>\u201csempre produzir\u00e1 os seus frutos\u201d<\/em>\u2026 E entre estes \u201cfrutos\u201d est\u00e1 precisamente a <em>confian\u00e7a m\u00fatua<\/em> entre os homens, como verdadeiros irm\u00e3os que somos. (Ou n\u00e3o?).<\/p>\n<p>A \u2013 N\u00e3o aconte\u00e7a, infelizmente, que se transforme a nossa sociedade numa <em>\u201cestepe\u201d<\/em> (ou <em>deserto<\/em>) onde sejamos como <em>\u201ccardos\u201d<\/em>, que s\u00f3 oferecem <em>puas<\/em> e <em>espinhos<\/em>, em vez de <em>harmonia<\/em> e <em>confian\u00e7a!<\/em><\/p>\n<p><u>\u00a0<\/u><\/p>\n<p style=\"text-align: right;\"><u>A-B<\/u>: <strong>Apesar dos \u2018desenganos\u2019, Jesus, por nos termos apoiado s\u00f3 nas \u2018for\u00e7as humanas\u2019<\/strong><\/p>\n<p style=\"text-align: right;\"><strong>\u2013 pensando que, nessas \u2018aparentes fortalezas\u2019 da <em>carne<\/em>, estava a nossa salva\u00e7\u00e3o \u2013<\/strong><\/p>\n<p style=\"text-align: right;\"><strong>ainda continuamos a preferir, por vezes, as \u2018coisas palp\u00e1veis\u2019, onde pomos o cora\u00e7\u00e3o,<\/strong><\/p>\n<p style=\"text-align: right;\"><strong>em vez de confiar sempre e plenamente na <em>Bondade omnipotente<\/em> do Pai-Deus.<\/strong><\/p>\n<p style=\"text-align: right;\"><strong>Ajuda-nos, Jesus, a seguir a Tua atitude e as Tuas palavras, para aprendermos<\/strong><\/p>\n<p style=\"text-align: right;\"><strong>a p\u00f4r sempre a nossa <em>\u201cesperan\u00e7a confiada\u201d<\/em> na Provid\u00eancia Divina que nos envolve,<\/strong><\/p>\n<p style=\"text-align: right;\"><strong>pois <em>\u201cvalemos mais do que os l\u00edrios e os passarinhos, que tamb\u00e9m o Pai alimenta\u201d<\/em>. \u00a0<\/strong><\/p>\n<p><strong>\u00a0\u00a0 \u00a0\u00a0\u00a0\u00a0\u00a0\u00a0\u00a0\u00a0\u00a0\u00a0\u00a0\u00a0\u00a0\u00a0\u00a0\u00a0<\/strong><\/p>\n<p><strong>\u00a0<\/strong>\/\/ <em>PARA uma outra REFLEX\u00c3O ALARGADA:<\/em> <a href=\"http:\/\/palavradeamorpalavra.sallep.net\">http:\/\/palavradeamorpalavra.sallep.net<\/a><\/p>\n","protected":false},"excerpt":{"rendered":"<p>&#8211;\u00a0A\u00a0PALAVRA, refletida\u00a0ao ritmo Lit\u00fargico &#8211; (Ciclo C \u2013 Domingo 6 do T. Comum) \u201cIsto diz o Senhor: Maldito quem confia no homem e p\u00f5e na carne toda a sua esperan\u00e7a, afastando o seu cora\u00e7\u00e3o do Senhor. Ser\u00e1 como o cardo na estepe \u2026 Bendito quem confia no Senhor e p\u00f5e no Senhor a sua esperan\u00e7a. [&hellip;]<\/p>\n","protected":false},"author":2,"featured_media":0,"comment_status":"open","ping_status":"open","sticky":false,"template":"","format":"standard","meta":{"footnotes":""},"categories":[6],"tags":[],"class_list":["post-3670","post","type-post","status-publish","format-standard","hentry","category-refletida","has-post-title","has-post-date","has-post-category","has-post-tag","has-post-comment","has-post-author",""],"builder_content":"","_links":{"self":[{"href":"https:\/\/palavradeamorpalavra.sallep.net\/index.php?rest_route=\/wp\/v2\/posts\/3670","targetHints":{"allow":["GET"]}}],"collection":[{"href":"https:\/\/palavradeamorpalavra.sallep.net\/index.php?rest_route=\/wp\/v2\/posts"}],"about":[{"href":"https:\/\/palavradeamorpalavra.sallep.net\/index.php?rest_route=\/wp\/v2\/types\/post"}],"author":[{"embeddable":true,"href":"https:\/\/palavradeamorpalavra.sallep.net\/index.php?rest_route=\/wp\/v2\/users\/2"}],"replies":[{"embeddable":true,"href":"https:\/\/palavradeamorpalavra.sallep.net\/index.php?rest_route=%2Fwp%2Fv2%2Fcomments&post=3670"}],"version-history":[{"count":1,"href":"https:\/\/palavradeamorpalavra.sallep.net\/index.php?rest_route=\/wp\/v2\/posts\/3670\/revisions"}],"predecessor-version":[{"id":3672,"href":"https:\/\/palavradeamorpalavra.sallep.net\/index.php?rest_route=\/wp\/v2\/posts\/3670\/revisions\/3672"}],"wp:attachment":[{"href":"https:\/\/palavradeamorpalavra.sallep.net\/index.php?rest_route=%2Fwp%2Fv2%2Fmedia&parent=3670"}],"wp:term":[{"taxonomy":"category","embeddable":true,"href":"https:\/\/palavradeamorpalavra.sallep.net\/index.php?rest_route=%2Fwp%2Fv2%2Fcategories&post=3670"},{"taxonomy":"post_tag","embeddable":true,"href":"https:\/\/palavradeamorpalavra.sallep.net\/index.php?rest_route=%2Fwp%2Fv2%2Ftags&post=3670"}],"curies":[{"name":"wp","href":"https:\/\/api.w.org\/{rel}","templated":true}]}}