{"id":3799,"date":"2019-04-12T18:15:39","date_gmt":"2019-04-12T18:15:39","guid":{"rendered":"http:\/\/palavradeamorpalavra.sallep.net\/?p=3799"},"modified":"2019-04-12T18:15:41","modified_gmt":"2019-04-12T18:15:41","slug":"paixao-pela-misericordia-2","status":"publish","type":"post","link":"https:\/\/palavradeamorpalavra.sallep.net\/?p=3799","title":{"rendered":"\u00abPAIX\u00c3O\u00bb PELA \u00abMISERIC\u00d3RDIA\u00bb"},"content":{"rendered":"\n<figure class=\"wp-block-image\"><img fetchpriority=\"high\" decoding=\"async\" width=\"890\" height=\"395\" src=\"http:\/\/palavradeamorpalavra.sallep.net\/wp-content\/uploads\/2019\/04\/14c-\u00abPaix\u00e3o\u00bb-pela-\u00abMiseric\u00f3rdia\u00bb-1.png\" alt=\"\" class=\"wp-image-3801\" srcset=\"https:\/\/palavradeamorpalavra.sallep.net\/wp-content\/uploads\/2019\/04\/14c-\u00abPaix\u00e3o\u00bb-pela-\u00abMiseric\u00f3rdia\u00bb-1.png 890w, https:\/\/palavradeamorpalavra.sallep.net\/wp-content\/uploads\/2019\/04\/14c-\u00abPaix\u00e3o\u00bb-pela-\u00abMiseric\u00f3rdia\u00bb-1-300x133.png 300w, https:\/\/palavradeamorpalavra.sallep.net\/wp-content\/uploads\/2019\/04\/14c-\u00abPaix\u00e3o\u00bb-pela-\u00abMiseric\u00f3rdia\u00bb-1-768x341.png 768w, https:\/\/palavradeamorpalavra.sallep.net\/wp-content\/uploads\/2019\/04\/14c-\u00abPaix\u00e3o\u00bb-pela-\u00abMiseric\u00f3rdia\u00bb-1-398x176.png 398w\" sizes=\"(max-width: 890px) 100vw, 890px\" \/><\/figure>\n\n\n\n<p>  <em>\u00a0(Ciclo C \u2013 Domingo 6 &#8211; de Ramos na Paix\u00e3o)<\/em><\/p>\n\n\n\n<p><strong>\u00abPAIX\u00c3O\u00bb PELA \u00abMISERIC\u00d3RDIA\u00bb<\/strong> <\/p>\n\n\n\n<p>Dever\u00edamos lembrar sempre qual \u00e9 \u201co\nverdadeiro significado da palavra \u00abpaix\u00e3o\u00bb\u201d, que n\u00e3o \u00e9 precisamente o que se\nlhe atribui \u00e0 primeira vista\u2026 &nbsp;Na\nrealidade, quando dizemos, por exemplo, \u00abestou <em>\u201capaixonado\u201d<\/em> por\u2026\u00bb ou \u00absinto uma grande <em>\u201cpaix\u00e3o\u201d<\/em> por\u2026\u00bb, estar\u00edamos a querer dizer: \u00abdesde o fundo do meu\ncora\u00e7\u00e3o, estou a \u201csofrer\u201d por\u2026\u00bb. [N\u00e3o esque\u00e7amos a <em>raiz etimol\u00f3gica<\/em> da palavra \u201cpaix\u00e3o\u201d = \u201cpadecer\u201d; isto \u00e9, \u201c<em>vivo interesse<\/em> ou <em>ardente admira\u00e7\u00e3o<\/em> por\u2026\u201d; ou \u00ab<em>sentimento\nde forte emo\u00e7\u00e3o <\/em>ou de <em>intensa excita\u00e7\u00e3o<\/em>\nperante\u2026\u00bb(do Dicion\u00e1rio); de tal modo que chega a produzir\u2026 \u201csofrimento\u201d]. S\u00f3\ntendo <em>\u201cin mente\u201d<\/em> estes diversos sentidos\ndo termo \u201cpaix\u00e3o\u201d, \u00e9 que podemos entender o significado do nosso \u2018ep\u00edgrafe\u2019 <em>A \u00abPAIX\u00c3O\u00bb PELA \u00abMISERIC\u00d3RDIA\u00bb<\/em>. Mas, evidentemente,\naverdadeira<em> \u201cpaix\u00e3o\u201d<\/em>! [O <em>Papa<\/em>\nreflete isso no <em>Jubileu<\/em>].<\/p>\n\n\n\n<p>Desta vez, e\npor motivos \u00f3bvios, deixaremos <em>falar<\/em>\n\u2013 quase exclusivamente \u2013 a <em>Palavra<\/em> do\nEvangelho de hoje, <em>[no Relato da Paix\u00e3o\nde Jesus, em S\u00e3o Lucas (Lc 22-23 \/ 3\u00aa L.)]<\/em>. E devemos saber,\nantes de mais, que Lucas \u00e9 conhecido como \u00abo Evangelista da Miseric\u00f3rdia\u00bb. Bem\nentendido que, neste \u201cdrama da Paix\u00e3o\u201d, os dois \u00fanicos protagonistas da Miseric\u00f3rdia\ns\u00e3o: o <em>\u00abPai das Miseric\u00f3rdias\u00bb<\/em> (Deus)\ne o <em>\u00abRosto vis\u00edvel da Miseric\u00f3rdia\u00bb<\/em>\ndo Pai (Jesus) \u2013lembram-se? \u2013. Veremos como Lucas vai <em>observando e destacando<\/em> todos os <em>gestos e palavras<\/em> de Jesus que refletem um <strong>Perd\u00e3o Misericordioso<\/strong>. Deixemos, ent\u00e3o, que <em>a Palavra<\/em> fale:<\/p>\n\n\n\n<p><strong>&#8211; <\/strong>Logo \u00e0\npartida, uma coisa fica di\u00e1fana e transparente: <strong>O Amor \u2013 comunh\u00e3o \u00edntima \u2013 entre Jesus e o Pai (Pai e Filho) \u00e9 o\nsegredo e a fonte da Miseric\u00f3rdia e do Perd\u00e3o da Cruz!<\/strong> Ainda no in\u00edcio\nda Paix\u00e3o, Jesus rezava assim: <strong><em>\u201c\u00abPai, se quiseres, afasta de Mim este\nc\u00e1lice. Todavia, n\u00e3o se fa\u00e7a minha vontade, mas a Tua\u00bb\u201d.<\/em> <\/strong>No <em>cl\u00edmax <\/em>e auge desta Paix\u00e3o, j\u00e1 Ele\ncravado e levantado na Cruz, dizia: <strong><em>\u201c\u00abPai, perdoa-lhes, porque n\u00e3o sabem o que\nfazem\u00bb<\/em>\u2026 <\/strong>E, no \u00e1pice da consuma\u00e7\u00e3o total:<strong> <em>\u201c\u00abPai, em tuas m\u00e3os entrego o\nmeu esp\u00edrito\u00bb\u201d<\/em>\u2026 <\/strong>Em toda a Paix\u00e3o, fica patente, entre Pai e Filho, o\n\u00abAmor-comunh\u00e3o\u00bb, <em>origem<\/em> da <strong>Miseric\u00f3rdia<\/strong>.<\/p>\n\n\n\n<p><strong>&#8211; <\/strong>Na Paix\u00e3o,\nsob o sinal da Miseric\u00f3rdia e do Amor, <strong>Jesus\n\u2013 \u201cInocente sofredor\u201d \u2013 compadece-se dos que sofrem, desculpa e perdoa todos:<\/strong>\nNa altura da captura de Jesus, no Horto das Oliveiras, um dos presentes feriu um\nservo do sacerdote, cortando-lhe a orelha direita<strong>. <em>\u201cMas Jesus interveio, dizendo:\n\u00abBasta! Deixai-os\u00bb. E, tocando na orelha do homem, curou-o\u201d. <\/em><\/strong>A seguir,\nJesus \u201cordena com autoridade\u201d: <strong>\u201c\u00abPor\nisso, se \u00e9 a Mim que buscais, deixai que estes v\u00e3o embora\u00bb. Assim se cumpriam\nas palavras que Ele tinha dito: \u00abDaqueles que Me deste, n\u00e3o perdi nenhum\u00bb\u2026\u201d.<\/strong>\n&nbsp;E logo, na Cruz, como j\u00e1 vimos: <strong><em>\u201c\u00abPai,\nperdoa-lhes, porque n\u00e3o sabem o que fazem\u00bb<\/em>. <\/strong>E quando um dos dois malfeitores\ncrucificados com Ele, pede a Jesus para se lembrar dele no Seu reino, <strong>\u201cJesus responde-lhe: \u00abEm verdade te digo: Hoje\nestar\u00e1s comigo no Para\u00edso\u00bb\u201d<\/strong>. At\u00e9 \u00e0 pr\u00f3pria inimizade que existia entre\nPilatos e Herodes ficou transformada em amizade, <em>\u00e0 custa (!)<\/em> da \u201cdesgra\u00e7a e humilha\u00e7\u00e3o\u201d (paix\u00e3o) de Jesus: <strong><em>\u201cHerodes\ne Pilatos, que eram inimigos, ficaram amigos nesse dia\u201d<\/em>.<\/strong><\/p>\n\n\n\n<p><strong>&#8211; <\/strong>E, desde\nlogo, \u00e9 bem verdade que <strong>a Paix\u00e3o da\nCruz \u00e9 o \u00abSacramento da Miseric\u00f3rdia\u00bb, sempre \u00e0 luz do seu \u201ccume e desfecho\u201d\nfinal, que \u00e9 a Ressurrei\u00e7\u00e3o para a Vida Eterna<\/strong>. O pr\u00f3prio Jesus quis\nque isto ficasse bem assente e acordado quando, naquela <em>\u00faltima Ceia <\/em>da v\u00e9spera da sua Paix\u00e3o, institui o <em>Sacramento Eucar\u00edstico<\/em> \u2013 \u00ab<strong>in memoriam!<\/strong>\u00bb \u2013: <strong><em>\u201cTomou o p\u00e3o e, dando gra\u00e7as,\npartiu-o e deu-lho, dizendo: \u00abIsto \u00e9 o meu Corpo entregue por v\u00f3s. Fazei isto\nem mem\u00f3ria de Mim\u00bb<\/em><\/strong>. E no fim, \u201c<strong>por\nseparado<\/strong>\u201d (para significar <em>\u00aba morte\u00bb <\/em>que\ntem lugar quando, num ser humano, <em>\u00abo\ncorpo fica \u2018sem\u2019 o sangue e este \u2018sem\u2019 o corpo\u00bb<\/em>) Jesus toma a ta\u00e7a de vinho e diz: <strong><em>\u201c\u00abEste\nc\u00e1lice \u00e9 a nova alian\u00e7a no meu Sangue, derramado por v\u00f3s\u00bb\u201d<\/em>\u2026<\/strong> <\/p>\n\n\n\n<p>Mas hoje,\nmeus amigos \u2013 mesmo correndo o risco de nos alongarmos demais \u2013 n\u00e3o podemos\nmenos de concluir fazendo liga\u00e7\u00e3o com aquilo por onde tudo come\u00e7ou: Aquele\n\u201cgesto revelador\u201d da <em>entrada triunfal<\/em>\n(!?) de <em>Jesus de Nazar\u00e9<\/em> na capital,\nJerusal\u00e9m; claro que todos os gestos de Jesus s\u00e3o eloquentes e significativos\u2026\n\u201csalvadores\u201d! Ficaremos ent\u00e3o com este \u00absinal denunciador e salv\u00edfico\u00bb.\nEst\u00e1vamos j\u00e1 \u201cno pr\u00f3logo\u201d da Sua Paix\u00e3o: <em>\u201c\u2026E\nquando estavam perto do monte das Oliveiras, enviou dois disc\u00edpulos e\ndisse-lhes: \u00abIde \u00e0 povoa\u00e7\u00e3o que est\u00e1 em frente e, ao entrardes nela,\nencontrareis um jumentinho preso, que ainda ningu\u00e9m montou. Soltai-o e\ntrazei-o\u2026\u201d<\/em>&nbsp; [da <em>Leitura evang\u00e9lica (Lc 19)<\/em>\/para a <em>Prociss\u00e3o dos Ramos<\/em>]<em>.<\/em> Vejam\ns\u00f3 <em>a montada<\/em> deste grande \u201cRei\u201d: um\n\u201chumilde jumentinho\u201d, ainda que \u201cintacto e puro\u201d! E para que tudo ficasse mais\nesclarecido, naquele \u201cgesto-conversa-discurso\u201d da \u00daltima Ceia \u2013 imediata ao\nin\u00edcio da Paix\u00e3o \u2013 ofereceu-nos <em>a chave<\/em>\nde tudo: <em>\u201c\u2026O\nmaior entre v\u00f3s seja como o menor, e aquele que manda seja como quem serve. Ora\nEu estou no meio de v\u00f3s como aquele que serve\u201d&#8230; [Lc 22-23 \/ Leitura da Paix\u00e3o].<\/em>\nEnt\u00e3o, neste caso, a Verdade \u00e9 esta: Depois de Jesus ter descido at\u00e9 ao mais\nbaixo poss\u00edvel\u2026 <em>\u201cat\u00e9 \u00e0 morte e morte de\nCruz\u2026 Deus O exaltou e Lhe deu um nome que est\u00e1 acima de todos os nomes\u2026!\u201d (Fl\n2 \/ 2\u00aa L.).<\/em><\/p>\n\n\n\n<p>C\u00e1 est\u00e1 a <em>nossa via<\/em> que segue \u2013 se o assumirmos\nlivremente! \u2013 oCaminho de Jesus, a\nsenda do Amor Universal, que, passando pela Cruz, culmina sempre na Gl\u00f3ria! <\/p>\n\n\n\n<p>Quantas vezes, Jesus, nas encruzilhadas da vida, <\/p>\n\n\n\n<p>sinto a tenta\u00e7\u00e3o de \u201cpedir explica\u00e7\u00f5es a Deus\u201d <\/p>\n\n\n\n<p>(utilizando a Tua ora\u00e7\u00e3o de afli\u00e7\u00e3o e ang\u00fastia, <\/p>\n\n\n\n<p>na agonia da noite do horto de Gets\u00e9mani): <\/p>\n\n\n\n<p><em>\u00abPai, porque\n\u00e9 que n\u00e3o afastas de mim este c\u00e1lice? <\/em><\/p>\n\n\n\n<p><em>Por\u00e9m, n\u00e3o se\nfa\u00e7a a minha vontade, mas a Tua\u00bb<\/em>! <\/p>\n\n\n\n<p>Por isso, a minha ora\u00e7\u00e3o vai hoje unida \u00e0 Tua, Jesus, <\/p>\n\n\n\n<p>atrav\u00e9s do <em>Salmo<\/em>\nque Tu quiseste utilizar <\/p>\n\n\n\n<p>quando te achavas no <em>cl\u00edmax<\/em>\nda Tua Paix\u00e3o\u2026 <\/p>\n\n\n\n<p>Sim, Jesus, nas minhas situa\u00e7\u00f5es de cruz e paix\u00e3o, <\/p>\n\n\n\n<p>quando eu tamb\u00e9m n\u00e3o vejo nada claro, <\/p>\n\n\n\n<p>quando tudo est\u00e1 escuro \u2013 como aquelas trevas <\/p>\n\n\n\n<p>que envolveram tudo na Tua <em>\u00abhora de Noa\u00bb<\/em> \u2013<\/p>\n\n\n\n<p>ser\u00e1 que, ent\u00e3o, vou ter a coragem <\/p>\n\n\n\n<p>de rezar e desabafar, como Tu e conTigo: <\/p>\n\n\n\n<p><em>\u00abMeu Deus,\nmeu Deus, porque me abandonas?\u00bb\u2026 <\/em><\/p>\n\n\n\n<p>Pode acontecer que <em>\u00abme\nrodeie um bando de malfeitores<\/em><\/p>\n\n\n\n<p><em>como matilha\nde c\u00e3es vadios\u00bb<\/em>; que sinta, no meu esp\u00edrito,<\/p>\n\n\n\n<p><em>\u00abm\u00e3os e p\u00e9s\ntrespassados\u00bb<\/em>; ou que fa\u00e7am tro\u00e7a de mim: <\/p>\n\n\n\n<p><em>\u00abConfiou no\nSenhor, Ele que o livre do mal; <\/em><\/p>\n\n\n\n<p><em>que o salve\nse de verdade \u00e9 seu amigo\u00bb <\/em>\u2026 <\/p>\n\n\n\n<p>Mesmo assim, eu continuarei a confiar em Ti <\/p>\n\n\n\n<p>e <em>\u00abfalar da Tua\nMiseric\u00f3rdia aos meus irm\u00e3os\u00bb<\/em>! <\/p>\n\n\n\n<p>Aprenderei, de Ti, Jesus, a Perdoar sempre e a todos, <\/p>\n\n\n\n<p>vivendo, como Tu, em comunh\u00e3o com o Pai, <\/p>\n\n\n\n<p>esse Pai Clemente, Compassivo e Misericordioso, <\/p>\n\n\n\n<p>que <em>\u2018vive, conTigo, a Sua Eterna Paix\u00e3o pelo \u201chomem\u201d!\u2019.<\/em><\/p>\n\n\n\n<p><em>                                      [ do Salmo Responsorial \/ 21 (22) ]<\/em><\/p>\n","protected":false},"excerpt":{"rendered":"<p>\u00a0(Ciclo C \u2013 Domingo 6 &#8211; de Ramos na Paix\u00e3o) \u00abPAIX\u00c3O\u00bb PELA \u00abMISERIC\u00d3RDIA\u00bb Dever\u00edamos lembrar sempre qual \u00e9 \u201co verdadeiro significado da palavra \u00abpaix\u00e3o\u00bb\u201d, que n\u00e3o \u00e9 precisamente o que se lhe atribui \u00e0 primeira vista\u2026 &nbsp;Na realidade, quando dizemos, por exemplo, \u00abestou \u201capaixonado\u201d por\u2026\u00bb ou \u00absinto uma grande \u201cpaix\u00e3o\u201d por\u2026\u00bb, estar\u00edamos a querer dizer: [&hellip;]<\/p>\n","protected":false},"author":2,"featured_media":0,"comment_status":"open","ping_status":"open","sticky":false,"template":"","format":"standard","meta":{"footnotes":""},"categories":[6],"tags":[],"class_list":["post-3799","post","type-post","status-publish","format-standard","hentry","category-refletida","has-post-title","has-post-date","has-post-category","has-post-tag","has-post-comment","has-post-author",""],"builder_content":"","_links":{"self":[{"href":"https:\/\/palavradeamorpalavra.sallep.net\/index.php?rest_route=\/wp\/v2\/posts\/3799","targetHints":{"allow":["GET"]}}],"collection":[{"href":"https:\/\/palavradeamorpalavra.sallep.net\/index.php?rest_route=\/wp\/v2\/posts"}],"about":[{"href":"https:\/\/palavradeamorpalavra.sallep.net\/index.php?rest_route=\/wp\/v2\/types\/post"}],"author":[{"embeddable":true,"href":"https:\/\/palavradeamorpalavra.sallep.net\/index.php?rest_route=\/wp\/v2\/users\/2"}],"replies":[{"embeddable":true,"href":"https:\/\/palavradeamorpalavra.sallep.net\/index.php?rest_route=%2Fwp%2Fv2%2Fcomments&post=3799"}],"version-history":[{"count":2,"href":"https:\/\/palavradeamorpalavra.sallep.net\/index.php?rest_route=\/wp\/v2\/posts\/3799\/revisions"}],"predecessor-version":[{"id":3803,"href":"https:\/\/palavradeamorpalavra.sallep.net\/index.php?rest_route=\/wp\/v2\/posts\/3799\/revisions\/3803"}],"wp:attachment":[{"href":"https:\/\/palavradeamorpalavra.sallep.net\/index.php?rest_route=%2Fwp%2Fv2%2Fmedia&parent=3799"}],"wp:term":[{"taxonomy":"category","embeddable":true,"href":"https:\/\/palavradeamorpalavra.sallep.net\/index.php?rest_route=%2Fwp%2Fv2%2Fcategories&post=3799"},{"taxonomy":"post_tag","embeddable":true,"href":"https:\/\/palavradeamorpalavra.sallep.net\/index.php?rest_route=%2Fwp%2Fv2%2Ftags&post=3799"}],"curies":[{"name":"wp","href":"https:\/\/api.w.org\/{rel}","templated":true}]}}