{"id":4872,"date":"2020-10-16T21:16:39","date_gmt":"2020-10-16T21:16:39","guid":{"rendered":"http:\/\/palavradeamorpalavra.sallep.net\/?p=4872"},"modified":"2022-11-20T03:51:51","modified_gmt":"2022-11-20T03:51:51","slug":"assim-fala-o-senhor-a-ciro-seu-ungido","status":"publish","type":"post","link":"https:\/\/palavradeamorpalavra.sallep.net\/?p=4872","title":{"rendered":"\u00abAssim fala o Senhor a Ciro, seu ungido&#8230;\u00bb"},"content":{"rendered":"<p><a href=\"http:\/\/palavradeamorpalavra.sallep.net\/wp-content\/uploads\/2020\/10\/52aa-Assim-fala-o-Senhor-a-Ciro-seu-ungido....jpg\"><img fetchpriority=\"high\" decoding=\"async\" class=\"aligncenter size-full wp-image-4873\" src=\"http:\/\/palavradeamorpalavra.sallep.net\/wp-content\/uploads\/2020\/10\/52aa-Assim-fala-o-Senhor-a-Ciro-seu-ungido....jpg\" alt=\"\" width=\"1440\" height=\"900\" srcset=\"https:\/\/palavradeamorpalavra.sallep.net\/wp-content\/uploads\/2020\/10\/52aa-Assim-fala-o-Senhor-a-Ciro-seu-ungido....jpg 1440w, https:\/\/palavradeamorpalavra.sallep.net\/wp-content\/uploads\/2020\/10\/52aa-Assim-fala-o-Senhor-a-Ciro-seu-ungido...-300x188.jpg 300w, https:\/\/palavradeamorpalavra.sallep.net\/wp-content\/uploads\/2020\/10\/52aa-Assim-fala-o-Senhor-a-Ciro-seu-ungido...-1024x640.jpg 1024w, https:\/\/palavradeamorpalavra.sallep.net\/wp-content\/uploads\/2020\/10\/52aa-Assim-fala-o-Senhor-a-Ciro-seu-ungido...-768x480.jpg 768w, https:\/\/palavradeamorpalavra.sallep.net\/wp-content\/uploads\/2020\/10\/52aa-Assim-fala-o-Senhor-a-Ciro-seu-ungido...-1024x640-398x248.jpg 398w\" sizes=\"(max-width: 1440px) 100vw, 1440px\" \/><\/a><\/p>\n<p><strong>\u2013\u00a0<em>A<\/em>\u00a0<em>PALAVRA, Refletida<\/em>\u00a0ao ritmo Lit\u00fargico \u2013<\/strong><\/p>\n<p><em>(Ciclo A \u2013 Domingo 29 do T. Comum)<\/em><\/p>\n<p><strong>\u00a0<\/strong><\/p>\n<p><em><strong>\u00a0\u201c<u>Assim fala o Senhor a Ciro, seu ungido<\/u>, a quem tomou pela m\u00e3o direita: \u00abVou subjugar diante de ti as na\u00e7\u00f5es e fazer cair as armas da cintura dos reis, para abrires as portas \u00e0 sua frente, sem que nenhuma te seja fechada\u2026 Por causa de Jacob, meu servo, e de Israel, meu eleito, Eu te chamei pelo teu nome e te dei um t\u00edtulo glorioso, quando ainda n\u00e3o Me conhecias\u2026\u00bb\u201d. (Is 45,1-4 \/ 1\u00aa L.)<\/strong><\/em><\/p>\n<p>&nbsp;<\/p>\n<p>O profeta Isa\u00edas \u2013 na\u00a0<em>segunda parte<\/em>\u00a0do livro\u00a0<em>(ou \u201cSegundo Isa\u00edas\u201d)<\/em>\u00a0\u2013 interpreta os acontecimentos hist\u00f3ricos \u00e0 luz da f\u00e9 e da confian\u00e7a no Deus-Jav\u00e9\u2026 Ou seja, onde outros veriam verdadeiros e simples factos <em>hist\u00f3ricos<\/em> ocorridos durante a \u00faltima parte do ex\u00edlio dos judeus em Babil\u00f3nia, o\u00a0<em>profeta inspirado<\/em>\u00a0\u201cv\u00ea\u201d a m\u00e3o de Deus. Trata-se do\u00a0<em>\u00e9dito<\/em>\u00a0que o rei da P\u00e9rsia,\u00a0<em>Ciro<\/em>, publicou (por volta do ano 540 a. de C.) para a\u00a0<em>liberta\u00e7\u00e3o dos judeus<\/em>. Em volta deste evento real, o Profeta constr\u00f3i um \u201cpoema teol\u00f3gico\u201d, onde o protagonista \u00e9 Deus, cuja \u201cprovid\u00eancia divina\u201d\u00a0<em>guia<\/em>\u00a0a hist\u00f3ria humana\u2026<\/p>\n<p>&nbsp;<\/p>\n<p>A \u2013 Estamos, portanto, perante o que se conhece e designa como \u00abcausas segundas\u00bb, ou \u201cmeios instrumentais\u201d, de que Deus se serve \u2013 habitualmente! \u2013 para realizar os Seus planos e vontade\u2026<\/p>\n<p>B \u2013 Quer dizer, Deus atua, comummente,\u00a0<em>atrav\u00e9s de\u00a0<\/em>causas humanas e\/ou naturais, e s\u00f3 em casos e situa\u00e7\u00f5es\u00a0<em>excecionais<\/em>\u00a0procede, dir\u00edamos, diretamente pelo Seu poder e sem \u201cmediadores\u201d\u2026 E assim, verifica-se que, neste campo, muita gente age (\u2018pede\u2019, \u2018promete\u2019) ou por ignor\u00e2ncia ou \u2018temerariamente\u2019\u2026<\/p>\n<p>A \u2013 Atitude que Jesus, no Evangelho, qualifica de \u201ctentar a Deus\u201d. Express\u00e3o, ali\u00e1s, que se pode entender erradamente, quando se pensa que pretendemos induzir a Deus para uma tenta\u00e7\u00e3o\u2026(?).<\/p>\n<p>B \u2013 Basta lembrar o epis\u00f3dio em que Jesus \u00e9 \u201ctentado\u201d pelo diabo para\u00a0<em>Se lan\u00e7ar<\/em>, \u00e0 vista de todos, desde o pin\u00e1culo do templo abaixo\u2026 Significa que, se Jesus fizesse isso, obrigaria (<em>\u201ctentaria\u201d<\/em>) a Deus a fazer algo que n\u00e3o \u00e9\u00a0<em>normal<\/em>. Por isso responde Jesus:\u00a0<em>\u201cN\u00e3o tentar\u00e1s o Senhor, teu Deus!\u201d (Mt 4,<\/em><em>7<\/em><em>)<\/em>.<\/p>\n<p>A \u2013 J\u00e1 no AT, al\u00e9m de\u00a0<em>p\u00f4r \u00e0 prova a Deus<\/em>\u00a0por motivos injustific\u00e1veis, era frequente\u00a0<em>as pessoas abusarem da bondade de Deus para fins interesseiros<\/em>, que n\u00e3o eram razo\u00e1veis, ou de consequ\u00eancias imprevis\u00edveis. <em>[Cf. Dt 6,<\/em><em>16<\/em><em>; Ex 17,<\/em><em>2-7<\/em><em>]<\/em>. Ali\u00e1s, a esta\u00a0<em>Palavra<\/em>\u00a0da Escritura \u00e9 que Jesus se referia na passagem anterior\u2026<\/p>\n<p>B \u2013 E nestes\u00a0<em>nossos tempos<\/em>, quantas vezes, os seres humanos \u2013 nas nossas ora\u00e7\u00f5es de peti\u00e7\u00e3o \u2013 pretendemos obter favores divinos (at\u00e9 pela intercess\u00e3o dos santos)\u00a0<em>for\u00e7ando<\/em>\u00a0a Omnipot\u00eancia de Deus com solu\u00e7\u00f5es espetaculares! Na verdade, nisto, pouco evolu\u00edmos ap\u00f3s tantas gera\u00e7\u00f5es!\u2026<\/p>\n<p>A \u2013 Por\u00e9m, quanta raz\u00e3o tem o povo quando repete \u00abDeus escreve direito com linhas tortas\u00bb! Querendo interpretar, com essa intuitiva\u00a0<em>sabedoria popular,<\/em>\u00a0o que outros s\u00e1bios chamam (como acima foi indicado) as \u00abcausas segundas\u00bb de que Deus se serve habitualmente para agir.<\/p>\n<p>B \u2013 \u00c9 a maneira popular de \u201cinterpretar\u201d, quer este\u00a0<em>texto do rei Ciro (Is 45),<\/em>\u00a0quer\u00a0<em>o pagar tributo a C\u00e9sar (Mt 22)<\/em>, como formas de entender a Provid\u00eancia de Deus, servindo-se de \u00abcausas segundas\u00bb\u2026<\/p>\n<p>&nbsp;<\/p>\n<p style=\"text-align: right;\"><u>A\/B<\/u>:<strong>\u00a0\u00c9 preciso compreendermos, Senhor Jesus, o proceder do Pai (Teu e nosso)<\/strong><\/p>\n<p style=\"text-align: right;\"><strong>que se serve de instrumentos naturais e humanos \u2013 por vezes \u2018errados\u2019 ou \u2018negativos\u2019 \u2013<\/strong><\/p>\n<p style=\"text-align: right;\"><strong>para, ao realizar a sua Vontade Providente, levar a bom termo os Seus planos de<\/strong> <strong>Salva\u00e7\u00e3o.<\/strong><\/p>\n<p style=\"text-align: right;\"><strong>Temos de aprender a fazermos a nossa ora\u00e7\u00e3o ao Pai, num estilo confiado e persistente,<\/strong><\/p>\n<p style=\"text-align: right;\"><strong>na certeza de que nos dar\u00e1 o melhor, embora \u00e0s vezes, por maneiras incompreens\u00edveis\u2026<\/strong><\/p>\n<p style=\"text-align: right;\"><strong>Para isso, Jesus, vamos contar com os\u00a0<\/strong><em><strong>dons\u00a0<\/strong><\/em><strong>de<\/strong><em><strong>\u00a0Sabedoria<\/strong><\/em><strong>\u00a0e de\u00a0<\/strong><em><strong>Piedade<\/strong><\/em><strong>\u00a0do Teu Esp\u00edrito\u2026<\/strong><\/p>\n<p>&nbsp;<\/p>\n<p><strong>\u00a0<\/strong>\/\/\u00a0<em>PARA uma outra REFLEX\u00c3O ALARGADA:<\/em> <a href=\"http:\/\/palavradeamorpalavra.sallep.net\">http:\/\/palavradeamorpalavra.sallep.net<\/a><\/p>\n","protected":false},"excerpt":{"rendered":"<p>\u2013\u00a0A\u00a0PALAVRA, Refletida\u00a0ao ritmo Lit\u00fargico \u2013 (Ciclo A \u2013 Domingo 29 do T. Comum) \u00a0 \u00a0\u201cAssim fala o Senhor a Ciro, seu ungido, a quem tomou pela m\u00e3o direita: \u00abVou subjugar diante de ti as na\u00e7\u00f5es e fazer cair as armas da cintura dos reis, para abrires as portas \u00e0 sua frente, sem que nenhuma te [&hellip;]<\/p>\n","protected":false},"author":2,"featured_media":0,"comment_status":"open","ping_status":"open","sticky":false,"template":"","format":"standard","meta":{"footnotes":""},"categories":[6],"tags":[],"class_list":["post-4872","post","type-post","status-publish","format-standard","hentry","category-refletida","has-post-title","has-post-date","has-post-category","has-post-tag","has-post-comment","has-post-author",""],"builder_content":"","_links":{"self":[{"href":"https:\/\/palavradeamorpalavra.sallep.net\/index.php?rest_route=\/wp\/v2\/posts\/4872","targetHints":{"allow":["GET"]}}],"collection":[{"href":"https:\/\/palavradeamorpalavra.sallep.net\/index.php?rest_route=\/wp\/v2\/posts"}],"about":[{"href":"https:\/\/palavradeamorpalavra.sallep.net\/index.php?rest_route=\/wp\/v2\/types\/post"}],"author":[{"embeddable":true,"href":"https:\/\/palavradeamorpalavra.sallep.net\/index.php?rest_route=\/wp\/v2\/users\/2"}],"replies":[{"embeddable":true,"href":"https:\/\/palavradeamorpalavra.sallep.net\/index.php?rest_route=%2Fwp%2Fv2%2Fcomments&post=4872"}],"version-history":[{"count":2,"href":"https:\/\/palavradeamorpalavra.sallep.net\/index.php?rest_route=\/wp\/v2\/posts\/4872\/revisions"}],"predecessor-version":[{"id":4875,"href":"https:\/\/palavradeamorpalavra.sallep.net\/index.php?rest_route=\/wp\/v2\/posts\/4872\/revisions\/4875"}],"wp:attachment":[{"href":"https:\/\/palavradeamorpalavra.sallep.net\/index.php?rest_route=%2Fwp%2Fv2%2Fmedia&parent=4872"}],"wp:term":[{"taxonomy":"category","embeddable":true,"href":"https:\/\/palavradeamorpalavra.sallep.net\/index.php?rest_route=%2Fwp%2Fv2%2Fcategories&post=4872"},{"taxonomy":"post_tag","embeddable":true,"href":"https:\/\/palavradeamorpalavra.sallep.net\/index.php?rest_route=%2Fwp%2Fv2%2Ftags&post=4872"}],"curies":[{"name":"wp","href":"https:\/\/api.w.org\/{rel}","templated":true}]}}