{"id":4876,"date":"2020-10-16T21:36:29","date_gmt":"2020-10-16T21:36:29","guid":{"rendered":"http:\/\/palavradeamorpalavra.sallep.net\/?p=4876"},"modified":"2022-11-17T12:09:35","modified_gmt":"2022-11-17T12:09:35","slug":"mestre-ensinas-segundo-a-verdade-o-caminho-de-deus","status":"publish","type":"post","link":"https:\/\/palavradeamorpalavra.sallep.net\/?p=4876","title":{"rendered":"\u00abMestre&#8230; ensinas, segundo a verdade, o caminho de Deus&#8230;\u00bb"},"content":{"rendered":"<p><a href=\"http:\/\/palavradeamorpalavra.sallep.net\/wp-content\/uploads\/2020\/10\/52aaa-Mestre...-ensinas-segundo-a-verdade-o-caminho-de-Deus....png\"><img fetchpriority=\"high\" decoding=\"async\" class=\"aligncenter size-full wp-image-4877\" src=\"http:\/\/palavradeamorpalavra.sallep.net\/wp-content\/uploads\/2020\/10\/52aaa-Mestre...-ensinas-segundo-a-verdade-o-caminho-de-Deus....png\" alt=\"\" width=\"3673\" height=\"3487\" srcset=\"https:\/\/palavradeamorpalavra.sallep.net\/wp-content\/uploads\/2020\/10\/52aaa-Mestre...-ensinas-segundo-a-verdade-o-caminho-de-Deus....png 3673w, https:\/\/palavradeamorpalavra.sallep.net\/wp-content\/uploads\/2020\/10\/52aaa-Mestre...-ensinas-segundo-a-verdade-o-caminho-de-Deus...-300x285.png 300w, https:\/\/palavradeamorpalavra.sallep.net\/wp-content\/uploads\/2020\/10\/52aaa-Mestre...-ensinas-segundo-a-verdade-o-caminho-de-Deus...-1024x972.png 1024w, https:\/\/palavradeamorpalavra.sallep.net\/wp-content\/uploads\/2020\/10\/52aaa-Mestre...-ensinas-segundo-a-verdade-o-caminho-de-Deus...-768x729.png 768w, https:\/\/palavradeamorpalavra.sallep.net\/wp-content\/uploads\/2020\/10\/52aaa-Mestre...-ensinas-segundo-a-verdade-o-caminho-de-Deus...-1536x1458.png 1536w, https:\/\/palavradeamorpalavra.sallep.net\/wp-content\/uploads\/2020\/10\/52aaa-Mestre...-ensinas-segundo-a-verdade-o-caminho-de-Deus...-2048x1944.png 2048w, https:\/\/palavradeamorpalavra.sallep.net\/wp-content\/uploads\/2020\/10\/52aaa-Mestre...-ensinas-segundo-a-verdade-o-caminho-de-Deus...-1024x972-398x377.png 398w\" sizes=\"(max-width: 3673px) 100vw, 3673px\" \/><\/a><\/p>\n<p><strong><u>Mt <\/u><\/strong><u>22,<\/u><u>16.21<\/u>:<strong><em> \u201c\u00ab<u>Mestre<\/u>&#8230; sabemos que \u00e9s sincero e que <u>ensinas, segundo a verdade, o caminho de Deus<\/u>, sem Te deixares influenciar por ningu\u00e9m, pois n\u00e3o fazes ace\u00e7\u00e3o de pessoas\u2026 Disse-lhes Jesus: \u00abEnt\u00e3o, dai a C\u00e9sar o que \u00e9 de C\u00e9sar e a Deus o que \u00e9 de Deus\u00bb\u201d. <\/em>\/\/ <u>Is<\/u><\/strong><u> 45<\/u><u>,<\/u><u>1.4-5<\/u>:<strong><em> \u201cAssim fala o Senhor a Ciro, seu ungido, a quem tomou pela m\u00e3o direita\u2026: Eu te chamei pelo teu nome e te dei um t\u00edtulo glorioso, quando ainda n\u00e3o Me conhecias. Eu sou o Senhor e n\u00e3o h\u00e1 outro; fora de Mim n\u00e3o h\u00e1 Deus\u201d. <\/em><\/strong><strong>\/\/ <\/strong><strong><u>1Ts<\/u><\/strong><u> 1<\/u><u>,<\/u><u>2-3<\/u>:<strong><em> \u201cDamos gra\u00e7as a Deus por todos v\u00f3s, ao fazermos men\u00e7\u00e3o de v\u00f3s nas nossas ora\u00e7\u00f5es. Recordamos a atividade da vossa f\u00e9, o esfor\u00e7o da vossa caridade e a firmeza da vossa esperan\u00e7a em Nosso Senhor Jesus Cristo, na presen\u00e7a de Deus, nosso Pai.\u201d.<\/em><\/strong><\/p>\n<p><strong>\u00a0<\/strong><\/p>\n<p><strong>D \u2013<\/strong> <strong>\u00abEU TE CHAMEI PELO TEU NOME E TE EXALTEI, QUANDO AINDA N\u00c3O ME CONHECIAS. EU SOU O SENHOR E N\u00c3O H\u00c1 OUTRO\u00bb (Is 45)<\/strong><\/p>\n<p><strong>C \u2013<\/strong> <strong>DISSERAM A JESUS: \u00abMESTRE, SABEMOS QUE \u00c9S SINCERO E QUE ENSINAS, SEGUNDO A VERDADE, O CAMINHO DE DEUS\u2026\u00bb<\/strong> <strong>(Mt 22)<\/strong><\/p>\n<p><strong>O \u2013<\/strong> <strong>IRM\u00c3OS, RECORDAMOS A ATIVIDADE DA VOSSA F\u00c9, O ESFOR\u00c7O DA VOSSA CARIDADE E A FIRMEZA DA VOSSA ESPERAN\u00c7A (1Ts 1)<\/strong><\/p>\n<p><strong>\u00a0<\/strong><\/p>\n<p><strong>C <\/strong>\u2013 Deus, no seu relacionamento com os seres vivos criados por Ele, tem sempre a iniciativa, a come\u00e7ar pelo simples \u2018Ato Criador\u2019. Isto \u00e9 evidente, e pod\u00edamos dizer necess\u00e1rio, at\u00e9 porque, se n\u00e3o estivermos dotados dos m\u00ednimos atributos ou qualidades, nem sequer ter\u00edamos capacidade para nos relacionar.<\/p>\n<p><strong>O <\/strong>\u2013 O que j\u00e1 n\u00e3o parece t\u00e3o evidente \u00e9 que os seres humanos sejam dotados de gra\u00e7as e dons sem eles t\u00ea-lo merecido previamente. \u00c9 o caso de Ciro, rei de um imp\u00e9rio \u2018pag\u00e3o e b\u00e1rbaro\u2019&#8230; E \u00e9 palavra de Deus!<\/p>\n<p><strong>C <\/strong>\u2013 \u00c9 verdade. E como consequ\u00eancia disso, a Palavra inspirada o considera, na sequ\u00eancia daquela hist\u00f3rica \u00abliberta\u00e7\u00e3o de Israel\u00bb, como \u201cseu ungido\u201d, isto \u00e9, <em>ungido<\/em> de Deus. Tenha-se em conta que a palavra \u2018ungido\u2019 \u00e9 igual que \u2018messias\u2019 ou \u2018christ\u00f3s\u2019 (em grego), express\u00e3o reservada <em>Jesus Cristo<\/em>, nada menos. <em>\u00a0<\/em><\/p>\n<p><strong>D <\/strong>\u2013 Al\u00e9m de que <em>\u201cos des\u00edgnios de Deus s\u00e3o inescrut\u00e1veis\u201d<\/em>, o gesto que nessa altura fez o rei Ciro \u2013 inspirado por Deus como \u00e9 evidente \u2013 de devolver a liberdade ao povo de Israel, era exatamente o que iria realizar o \u00abfuturo Messias\u00bb para todos os povos, a come\u00e7ar pelo povo de Israel, o primeiro <em>monote\u00edsta<\/em>.<\/p>\n<p><strong>C <\/strong>\u2013 Claro que isto s\u00f3 poderia realiz\u00e1-lo o \u00fanico e verdadeiro Messias, Cristo Jesus. Aquele que \u2013 at\u00e9 \u2018os Seus inimigos\u2019 o reconheciam (!?) \u2013 <em>\u201censinava, segundo a verdade, o caminho de Deus, sem Se deixar influenciar por ningu\u00e9m, pois n\u00e3o fazia ace\u00e7\u00e3o de pessoas\u201d<\/em>.<\/p>\n<p><strong>O <\/strong>\u2013 Com toda a verdade e sinceridade (n\u00e3o com aquela \u2018mal\u00edcia manhosa\u2019 daqueles inimigos de Jesus) n\u00f3s sim, n\u00f3s queremos ser como os crist\u00e3os de Tessal\u00f3nica, <em>\u201cativos na nossa f\u00e9, esfor\u00e7ados na nossa caridade e firmes na nossa esperan\u00e7a em Cristo Jesus, na presen\u00e7a de Deus, nosso Pai\u201d<\/em>.<\/p>\n<p>&nbsp;<\/p>\n<p><strong>\u0092<\/strong> <strong>X &#8212; \u00c9 verdade que <em>\u201co Senhor \u00e9 o \u00fanico Deus\u201d<\/em>, que os seus planos e projetos s\u00e3o eternos e que, por conseguinte, <em>\u201cn\u00e3o pode haver Outro\u201d<\/em>. Se o pensarmos e refletirmos com aten\u00e7\u00e3o, o \u00abDeus verdadeiro\u00bb \u2013 por defini\u00e7\u00e3o \u2013 s\u00f3 pode ser Um! \u00c9 de l\u00f3gica elementar\u2026 Por\u00e9m, quantos \u2018\u00eddolos\u2019 (deuses) criou, e continua a criar, a hist\u00f3ria da Humanidade! E quantos estamos ainda a \u2018fabricar\u2019 cada um de n\u00f3s!?&#8230; Tudo\u00a0 aquilo, seja l\u00e1 o que for, <em>criaturas,<\/em> naturais ou n\u00e3o, a que damos import\u00e2ncia exagerada ou colocamos por cima do Criador \u2013 \u00fanica Divindade! \u2013 essa \u2018criatura\u2019 fica automaticamente erigida em \u2018Deus\u2019 para n\u00f3s. Como \u00e9 triste que uma coisa criada ou at\u00e9 elaborada por n\u00f3s pr\u00f3prios, seja constitu\u00edda em \u2018dona e senhora\u2019 das nossas faculdades e pot\u00eancias \u2013 mem\u00f3ria, entendimento, vontade \u2013 numa palavra, da nossa <em>pessoa<\/em>!&#8230; Ai, os \u2018\u00eddolos\u2019! Os \u2018\u00eddolos\u2019!&#8230; E para mais, n\u00f3s, que somos naturalmente contr\u00e1rios todo o <em>ditador<\/em>, opostos a toda a <em>forma de ditadura<\/em> ou dom\u00ednio que limite ou coarte a nossa liberdade! E, no entanto, vamos pela vida carregados de <em>\u2018\u00eddolos\u2019 ditadores<\/em>, que s\u00e3o os que, no nosso dia a dia, v\u00e3o \u2018ditando\u2019 a nossa <em>forma de viver!<\/em> Como \u00e9 triste e absurdo! Quem nos libertar\u00e1 desta <em>escravatura!?<\/em>&#8230;\u00a0 &#8212; Tantas vezes j\u00e1 ouvimos dizer, Senhor, que \u201co \u00danico Deus \u00e9s Tu\u201d! Ou como algu\u00e9m disse: <em>\u00abA \u00fanica \u2018droga\u2019 que um ser humano deve \u2018consumir\u2019, para criar a verdadeira \u2018adi\u00e7\u00e3o\u2019, chama-se DEUS\u00bb. <\/em>Sim, Pai, porque Tu \u00e9s a <em>\u2018subst\u00e2ncia\u2019<\/em>, melhor <em>a<\/em> <em>Ess\u00eancia<\/em>, que d\u00e1 <em>Liberdade<\/em> e <em>Vida<\/em>, e nunca <em>ru\u00edna<\/em> e <em>morte!<\/em><\/strong><\/p>\n<p><strong>\u00a0<\/strong><\/p>\n<p><strong>&#8212;<\/strong> [<strong>\u266b<\/strong>] \u2013 <strong><u>ANT\u00cdFONA<\/u><\/strong><u>(S)<\/u><strong> <em>(~ \u2018Mantra<\/em><\/strong><em>(s)<strong>\u2019)<\/strong><\/em>:<\/p>\n<p>(<em>\u266a<\/em>) &#8211; <strong>\u00abOi\u00e7o em meu cora\u00e7\u00e3o: <em>\u2018Buscai meu rosto\u2019<\/em>. Teu rosto buscarei, Senhor. N\u00e3o me escondas Teu rosto\u00bb \u2026<\/strong><\/p>\n<p>(<em>\u266a<\/em>) &#8211; <strong>\u00abSinto o Teu olhar sobre o meu cora\u00e7\u00e3o. Como o sil\u00eancio do sol da madrugada, sinto o Teu olhar sobre o meu cora\u00e7\u00e3o\u00bb<\/strong> <strong>\u2026<\/strong><\/p>\n<p>(<em>\u266a<\/em>) &#8211; <strong>\u00abAinda que caminhe por vales escuros, nada temo. Tu \u00e9s a minha rocha, a fortaleza, meu ref\u00fagio!\u00bb \u2026<\/strong><\/p>\n<p>(<em>\u266a<\/em>) &#8211; <strong>\u00abAdora e confia. Adora e confia!&#8230; Vive em paz. Vive em paz!\u00bb<\/strong> <strong>\u2026\u00a0\u00a0\u00a0 <\/strong><\/p>\n<p><span style=\"text-decoration: line-through;\">\u00a0<\/span><\/p>\n<p><span style=\"text-decoration: line-through;\">\u00a0<\/span><\/p>\n<p><strong><u>\u00abTEXTOS\u00bb \u00c0 LUZ DESTA <em>PALAVRA<\/em><\/u><\/strong><\/p>\n<p><strong><em>[ <\/em><\/strong><em><u>do Papa<\/u><\/em><em> \/ da <u>B\u00edblia<\/u> \/ <u>Outros<\/u> <strong>]<\/strong><\/em><\/p>\n<p><strong>&#8212; <\/strong><em><u>Santa Teresa de Jesus<\/u><\/em> <em>( de \u00c1vila \/ Santoral-<u>15 de outubro<\/u> )<\/em><em> \u2013 <\/em><\/p>\n<p><em>Poesias (Na linha do Tema da nossa Reflex\u00e3o) <\/em><strong><em>:<\/em><\/strong><\/p>\n<p><u>BELEZA DE <\/u><strong><u>D<\/u><\/strong><u>EUS<\/u>.<\/p>\n<p>\u00abFormosura que excedeis<\/p>\n<p>a todas as formosuras.<\/p>\n<p>Sem magoar, dor fazeis<\/p>\n<p>como sem dor desfazeis<\/p>\n<p>o amor das criaturas.<\/p>\n<p>Oh! La\u00e7o que assim juntais<\/p>\n<p>duas coisas sem igual!<\/p>\n<p>N\u00e3o sei porque desatais<\/p>\n<p>pois, atado, for\u00e7a dais<\/p>\n<p>a ter por bem o que \u00e9 mal.<\/p>\n<p>V\u00f3s juntais quem n\u00e3o tem ser<\/p>\n<p>com o Ser que n\u00e3o acaba.<\/p>\n<p>Sem acabar, acabais;<\/p>\n<p>sem ter que amar, V\u00f3s amais<\/p>\n<p>e engrandeceis nosso nada\u00bb.<\/p>\n<p>&nbsp;<\/p>\n<p><u>BUSCA-TE EM <\/u><strong><u>M<\/u><\/strong><u>IM<\/u>.<\/p>\n<p><em>&#8211; Alma, procura-te em Mim<\/em><\/p>\n<p><em>e a Mim busca-Me em ti.<\/em><\/p>\n<p>\u00abT\u00e3o fielmente pode o Amor,<\/p>\n<p>alma, em Mim te retratar<\/p>\n<p>que nenhum s\u00e1bio pintor<\/p>\n<p>soubera com tal primor<\/p>\n<p>tua imagem figurar.<\/p>\n<p>Foste, por amor, criada<\/p>\n<p>formosa, bela, e assim,<\/p>\n<p>dentro do Meu Ser pintada.<\/p>\n<p>Se te perderes, Amada,<\/p>\n<p><em>Alma, procura-te em Mim!<\/em><\/p>\n<p>Porque Eu sei que te achar\u00e1s<\/p>\n<p>em Meu peito retratada,<\/p>\n<p>t\u00e3o ao vivo figurada<\/p>\n<p>que, ao ver-te, folgar\u00e1s<\/p>\n<p>por te veres bem pintada!<\/p>\n<p>E se acaso n\u00e3o souberes<\/p>\n<p>em que lugar Me perdi,<\/p>\n<p>n\u00e3o v\u00e1s daqui para ali<\/p>\n<p>porque se encontrar-Me queres,<\/p>\n<p><em>a Mim Me achar\u00e1s em ti!<\/em><\/p>\n<p>Em ti, qu\u2019\u00e9s meu aposento,<\/p>\n<p>\u00e9s minha casa e morada,<\/p>\n<p>a\u00ed busco, cada momento,<\/p>\n<p>em que do teu pensamento<\/p>\n<p>encontro a porta fechada.<\/p>\n<p>S\u00f3 em ti h\u00e1s de buscar-Me,<\/p>\n<p>que de ti nunca fugi;<\/p>\n<p>nada mais do que chamar-Me<\/p>\n<p>e logo irei, sem tardar-Me,<\/p>\n<p><em>e a Mim Me achar\u00e1s em ti!<\/em>\u00bb<\/p>\n<p><em>[ <\/em><em>Teresa de Jesus &#8211; Obras Completas\/Edi\u00e7\u00f5es \u201cCarmelo\u201d-Aveiro.1978 <\/em><em>\u2013 <strong>Poesias <\/strong>&#8211; ]<\/em><\/p>\n<p>&nbsp;<\/p>\n<p>&nbsp;<\/p>\n<p>\/\/ <em>PARA outras REFLEX\u00d5ES AFINS:<\/em>\u00a0 <a href=\"http:\/\/palavradeamorpalavra.sallep.net\">http:\/\/palavradeamorpalavra.sallep.net<\/a><\/p>\n","protected":false},"excerpt":{"rendered":"<p>Mt 22,16.21: \u201c\u00abMestre&#8230; sabemos que \u00e9s sincero e que ensinas, segundo a verdade, o caminho de Deus, sem Te deixares influenciar por ningu\u00e9m, pois n\u00e3o fazes ace\u00e7\u00e3o de pessoas\u2026 Disse-lhes Jesus: \u00abEnt\u00e3o, dai a C\u00e9sar o que \u00e9 de C\u00e9sar e a Deus o que \u00e9 de Deus\u00bb\u201d. \/\/ Is 45,1.4-5: \u201cAssim fala o Senhor [&hellip;]<\/p>\n","protected":false},"author":2,"featured_media":0,"comment_status":"open","ping_status":"open","sticky":false,"template":"","format":"standard","meta":{"footnotes":""},"categories":[6],"tags":[],"class_list":["post-4876","post","type-post","status-publish","format-standard","hentry","category-refletida","has-post-title","has-post-date","has-post-category","has-post-tag","has-post-comment","has-post-author",""],"builder_content":"","_links":{"self":[{"href":"https:\/\/palavradeamorpalavra.sallep.net\/index.php?rest_route=\/wp\/v2\/posts\/4876","targetHints":{"allow":["GET"]}}],"collection":[{"href":"https:\/\/palavradeamorpalavra.sallep.net\/index.php?rest_route=\/wp\/v2\/posts"}],"about":[{"href":"https:\/\/palavradeamorpalavra.sallep.net\/index.php?rest_route=\/wp\/v2\/types\/post"}],"author":[{"embeddable":true,"href":"https:\/\/palavradeamorpalavra.sallep.net\/index.php?rest_route=\/wp\/v2\/users\/2"}],"replies":[{"embeddable":true,"href":"https:\/\/palavradeamorpalavra.sallep.net\/index.php?rest_route=%2Fwp%2Fv2%2Fcomments&post=4876"}],"version-history":[{"count":1,"href":"https:\/\/palavradeamorpalavra.sallep.net\/index.php?rest_route=\/wp\/v2\/posts\/4876\/revisions"}],"predecessor-version":[{"id":4878,"href":"https:\/\/palavradeamorpalavra.sallep.net\/index.php?rest_route=\/wp\/v2\/posts\/4876\/revisions\/4878"}],"wp:attachment":[{"href":"https:\/\/palavradeamorpalavra.sallep.net\/index.php?rest_route=%2Fwp%2Fv2%2Fmedia&parent=4876"}],"wp:term":[{"taxonomy":"category","embeddable":true,"href":"https:\/\/palavradeamorpalavra.sallep.net\/index.php?rest_route=%2Fwp%2Fv2%2Fcategories&post=4876"},{"taxonomy":"post_tag","embeddable":true,"href":"https:\/\/palavradeamorpalavra.sallep.net\/index.php?rest_route=%2Fwp%2Fv2%2Ftags&post=4876"}],"curies":[{"name":"wp","href":"https:\/\/api.w.org\/{rel}","templated":true}]}}