{"id":4880,"date":"2020-10-23T17:28:23","date_gmt":"2020-10-23T17:28:23","guid":{"rendered":"http:\/\/palavradeamorpalavra.sallep.net\/?p=4880"},"modified":"2022-11-22T08:30:52","modified_gmt":"2022-11-22T08:30:52","slug":"nao-prejudicaras-o-estrangeiro-2","status":"publish","type":"post","link":"https:\/\/palavradeamorpalavra.sallep.net\/?p=4880","title":{"rendered":"\u00abN\u00e3o prejudicar\u00e1s o estrangeiro&#8230;\u00bb"},"content":{"rendered":"<p><a href=\"http:\/\/palavradeamorpalavra.sallep.net\/wp-content\/uploads\/2020\/10\/53aa-Nao-prejudicaras-o-estrangeiro....jpg\"><img fetchpriority=\"high\" decoding=\"async\" class=\"aligncenter size-full wp-image-4881\" src=\"http:\/\/palavradeamorpalavra.sallep.net\/wp-content\/uploads\/2020\/10\/53aa-Nao-prejudicaras-o-estrangeiro....jpg\" alt=\"\" width=\"211\" height=\"320\" srcset=\"https:\/\/palavradeamorpalavra.sallep.net\/wp-content\/uploads\/2020\/10\/53aa-Nao-prejudicaras-o-estrangeiro....jpg 211w, https:\/\/palavradeamorpalavra.sallep.net\/wp-content\/uploads\/2020\/10\/53aa-Nao-prejudicaras-o-estrangeiro...-198x300.jpg 198w, https:\/\/palavradeamorpalavra.sallep.net\/wp-content\/uploads\/2020\/10\/53aa-Nao-prejudicaras-o-estrangeiro...-398x603.jpg 398w\" sizes=\"(max-width: 211px) 100vw, 211px\" \/><\/a><\/p>\n<p><strong>\u2013\u00a0<em>A<\/em>\u00a0<em>PALAVRA, Refletida<\/em>\u00a0ao ritmo Lit\u00fargico \u2013<\/strong><\/p>\n<p><em>(Ciclo A \u2013 Domingo 30 do T. Comum)<\/em><\/p>\n<p><strong>\u00a0<\/strong><\/p>\n<p><em><strong>\u201cEis o que diz o Senhor: \u00ab<u>N\u00e3o prejudicar\u00e1s o estrangeiro<\/u>, nem o oprimir\u00e1s, porque v\u00f3s pr\u00f3prios fostes estrangeiros na terra do Egito. N\u00e3o maltratar\u00e1s a vi\u00fava nem o \u00f3rf\u00e3o. Se lhes fizeres algum mal e eles clamarem por Mim, escutarei o seu clamor\u2026 Se receberes como penhor a capa do teu pr\u00f3ximo, ter\u00e1s de lha devolver at\u00e9 ao p\u00f4r do sol, pois \u00e9 tudo o que ele tem para se cobrir\u2026\u201d (Ex 22, 20-22.25-26 \/ 1\u00aa L.).<\/strong><\/em><\/p>\n<p>&nbsp;<\/p>\n<p>Assim, \u00e0 primeira vista, n\u00e3o \u00e9 f\u00e1cil pensar que este texto b\u00edblico tem j\u00e1 mais de 25 s\u00e9culos de antiguidade. Est\u00e1 integrado na parte do\u00a0<em>\u00caxodo<\/em>\u00a0denominada \u00abC\u00f3digo da Alian\u00e7a\u00bb do Sinai, que, como se sabe, recolhe \u201cc\u00f3digos e leis\u201d de anteriores civiliza\u00e7\u00f5es vizinhas (como, por ex., o famoso \u00abC\u00f3digo de Hamurabi\u00bb, na mais antiga cultura\u00a0<em>mesopot\u00e2mica<\/em>)\u2026 Por\u00e9m, as\u00a0<em>Leis<\/em>\u00a0surgidas no Sinai t\u00eam j\u00e1 o\u00a0<em>selo ou marca<\/em>\u00a0de\u00a0<em>Jav\u00e9-Deus<\/em>, o mesmo que, posteriormente, seria chamado de\u00a0<em>PAI-Abb\u00e1<\/em>, pelo Filho, o Messias, Jesus de Nazar\u00e9\u2026<\/p>\n<p>&nbsp;<\/p>\n<p>A \u2013 Num povo como o judeu \u2013 com tanto\u00a0<em>preconceito<\/em>\u00a0(e talvez com alguma raz\u00e3o) relativamente a todo o que for\u00a0<em>estrangeiro<\/em>\u00a0(n\u00e3o pertencente \u00e0\u00a0<em>sua etnia hebraica<\/em>) causa surpresa o facto de, no\u00a0<em>seu \u201cc\u00f3digo sagrado\u201d<\/em>, registarem-se esses\u00a0<em>preceitos<\/em>\u00a0para proteger e defender\u00a0<em>os estrangeiros<\/em>\u2026<\/p>\n<p>B \u2013 E, curiosamente, o motivo que se coloca para esta aten\u00e7\u00e3o e cuidado com \u201co estrangeiro\u201d \u00e9, precisamente, por\u00a0<em>\u201celes pr\u00f3prios terem sido \u2018estrangeiros\u2019 na terra do Egito\u201d.\u00a0<\/em>L\u00f3gica coerente e categ\u00f3rica!<\/p>\n<p>A \u2013 H\u00e1 que reconhecer, ali\u00e1s, que, tamb\u00e9m no caso da aten\u00e7\u00e3o ao \u00f3rf\u00e3o e \u00e0 vi\u00fava, j\u00e1 existiam precedentes interessantes naquele primitivo (e \u2018afastado\u2019) \u00abC\u00f3digo de Hamurabi\u00bb.<\/p>\n<p>B \u2013 Mas, nesse sentido, os \u201cjudeus principais\u201d do tempo de Jesus ainda estavam, ao que parece, muito aqu\u00e9m dessa cultura mesopot\u00e2mica antiga, que se recolhe naquele\u00a0<em>\u00abc\u00f3digo\u00bb pioneiro<\/em>\u2026<\/p>\n<p>A \u2013 \u00c9 verdade que quase todos os profetas denunciam abusos contra <em>vi\u00favas<\/em> e <em>\u00f3rf\u00e3os<\/em> ao longo de todo o AT, e deixam\u00a0<em>alertas<\/em>\u00a0muito fortes e radicais acerca de como devem ser atendidas estas pessoas vulner\u00e1veis\u2026<\/p>\n<p>B \u2013 Todavia, quantas vezes Jesus, recolhendo essa tradi\u00e7\u00e3o prof\u00e9tica, denunciou \u00e0s\u00a0<em>autoridades judaicas<\/em>\u00a0do Seu tempo, e chamou a aten\u00e7\u00e3o de todos para a prefer\u00eancia que o Pai-Deus, e Ele pr\u00f3prio, sentem por todos esses desamparados e desprotegidos, a come\u00e7ar, precisamente, pelos <em>\u00f3rf\u00e3os<\/em> e as <em>vi\u00favas<\/em>\u2026<\/p>\n<p>A \u2013 Mas, a quest\u00e3o dos \u201cestrangeiros\u201d \u00e9 uma realidade \u2013 das mais alarmantes, hoje em dia \u2013 dentro da preocupa\u00e7\u00e3o pelos mais fracos, pobres e desprotegidos, isto \u00e9: os\u00a0<em>emigrantes, exilados, refugiados<\/em>\u2026<\/p>\n<p>B \u2013 E, ao que parece, esta triste e lament\u00e1vel realidade nas nossas\u00a0<em>sociedades atuais<\/em>, j\u00e1 era comum e preocupante, muitos s\u00e9culos atr\u00e1s, quando aquele \u201cpovo hebreu\u201d entendeu\u00a0<em>interpretar<\/em>\u00a0a vontade de Jav\u00e9-Deus ao elaborar aquela Lei ou \u201cC\u00f3digo da Alian\u00e7a\u201d, com\u00a0<em>esses preceitos<\/em>.<\/p>\n<p>A \u2013 Apesar de que a miss\u00e3o de Jesus, segundo a vontade do Pai, era dirigida mormente\u00a0<em>\u201c\u00e0s ovelhas da casa de Israel\u201d<\/em>, Ele agia, exemplar e amorosamente, ao tratar com os \u201cestrangeiros\u201d\u2026<\/p>\n<p>B \u2013 Bastar\u00e1 lembrar, entre outros: o\u00a0<em>epis\u00f3dio da cura da filha da mulher siro-fen\u00edcia<\/em>\u00a0(Mc 7,24-30); ou o da\u00a0<em>cura do servo daquele centuri\u00e3o (romano)<\/em>\u00a0(Lc 7,1-10); onde, com grande admira\u00e7\u00e3o, Ele proclamava, para todos ouvirem:\u00a0<em>\u00abEm verdade vos digo: nem em todo o Israel encontrei t\u00e3o grande f\u00e9!\u00bb<\/em>.<\/p>\n<p>&nbsp;<\/p>\n<p style=\"text-align: right;\"><u>A\/B<\/u>:<strong>\u00a0Agora, Jesus, n\u00e3o s\u00f3 Te pedimos pelos nossos irm\u00e3os\u00a0<\/strong><em><strong>emigrantes e refugiados<\/strong><\/em><strong>\u2026<\/strong><\/p>\n<p style=\"text-align: right;\"><strong>como tamb\u00e9m e sobretudo, para que n\u00f3s saibamos\u00a0<\/strong><em><strong>ser solid\u00e1rios<\/strong><\/em><strong>, real e ativamente,<\/strong><\/p>\n<p style=\"text-align: right;\"><strong>para com \u201cesses estrangeiros\u201d que chegam at\u00e9 n\u00f3s, ou, melhor, esses que o Pai nos envia.<\/strong><\/p>\n<p style=\"text-align: right;\"><strong>Seguindo o teu exemplo, quando Te encontravas com pessoas\u00a0<\/strong><em><strong>estranhas ao \u2018Israel eleito\u2019<\/strong><\/em><strong>, <\/strong><\/p>\n<p style=\"text-align: right;\"><strong>teremos bem abertos (<em>olhos<\/em> e <em>cora\u00e7\u00e3o<\/em>) para acolher, atender\u2026 amar, estes irm\u00e3os nossos!<\/strong><strong>\u00a0<\/strong><\/p>\n<p>&nbsp;<\/p>\n<p>\/\/\u00a0<em>PARA uma outra REFLEX\u00c3O ALARGADA:<\/em> <a href=\"http:\/\/palavradeamorpalavra.sallep.net\">http:\/\/palavradeamorpalavra.sallep.net<\/a><\/p>\n","protected":false},"excerpt":{"rendered":"<p>\u2013\u00a0A\u00a0PALAVRA, Refletida\u00a0ao ritmo Lit\u00fargico \u2013 (Ciclo A \u2013 Domingo 30 do T. Comum) \u00a0 \u201cEis o que diz o Senhor: \u00abN\u00e3o prejudicar\u00e1s o estrangeiro, nem o oprimir\u00e1s, porque v\u00f3s pr\u00f3prios fostes estrangeiros na terra do Egito. N\u00e3o maltratar\u00e1s a vi\u00fava nem o \u00f3rf\u00e3o. Se lhes fizeres algum mal e eles clamarem por Mim, escutarei o [&hellip;]<\/p>\n","protected":false},"author":2,"featured_media":0,"comment_status":"open","ping_status":"open","sticky":false,"template":"","format":"standard","meta":{"footnotes":""},"categories":[6],"tags":[],"class_list":["post-4880","post","type-post","status-publish","format-standard","hentry","category-refletida","has-post-title","has-post-date","has-post-category","has-post-tag","has-post-comment","has-post-author",""],"builder_content":"","_links":{"self":[{"href":"https:\/\/palavradeamorpalavra.sallep.net\/index.php?rest_route=\/wp\/v2\/posts\/4880","targetHints":{"allow":["GET"]}}],"collection":[{"href":"https:\/\/palavradeamorpalavra.sallep.net\/index.php?rest_route=\/wp\/v2\/posts"}],"about":[{"href":"https:\/\/palavradeamorpalavra.sallep.net\/index.php?rest_route=\/wp\/v2\/types\/post"}],"author":[{"embeddable":true,"href":"https:\/\/palavradeamorpalavra.sallep.net\/index.php?rest_route=\/wp\/v2\/users\/2"}],"replies":[{"embeddable":true,"href":"https:\/\/palavradeamorpalavra.sallep.net\/index.php?rest_route=%2Fwp%2Fv2%2Fcomments&post=4880"}],"version-history":[{"count":2,"href":"https:\/\/palavradeamorpalavra.sallep.net\/index.php?rest_route=\/wp\/v2\/posts\/4880\/revisions"}],"predecessor-version":[{"id":4883,"href":"https:\/\/palavradeamorpalavra.sallep.net\/index.php?rest_route=\/wp\/v2\/posts\/4880\/revisions\/4883"}],"wp:attachment":[{"href":"https:\/\/palavradeamorpalavra.sallep.net\/index.php?rest_route=%2Fwp%2Fv2%2Fmedia&parent=4880"}],"wp:term":[{"taxonomy":"category","embeddable":true,"href":"https:\/\/palavradeamorpalavra.sallep.net\/index.php?rest_route=%2Fwp%2Fv2%2Fcategories&post=4880"},{"taxonomy":"post_tag","embeddable":true,"href":"https:\/\/palavradeamorpalavra.sallep.net\/index.php?rest_route=%2Fwp%2Fv2%2Ftags&post=4880"}],"curies":[{"name":"wp","href":"https:\/\/api.w.org\/{rel}","templated":true}]}}