{"id":4884,"date":"2020-10-23T17:47:42","date_gmt":"2020-10-23T17:47:42","guid":{"rendered":"http:\/\/palavradeamorpalavra.sallep.net\/?p=4884"},"modified":"2022-11-18T12:59:56","modified_gmt":"2022-11-18T12:59:56","slug":"amaras-o-senhor-teu-deus-e-o-proximo-como-a-ti-mesmo","status":"publish","type":"post","link":"https:\/\/palavradeamorpalavra.sallep.net\/?p=4884","title":{"rendered":"\u00abAmar\u00e1s o Senhor, teu Deus&#8230; e o pr\u00f3ximo como a ti mesmo\u00bb"},"content":{"rendered":"<p><a href=\"http:\/\/palavradeamorpalavra.sallep.net\/wp-content\/uploads\/2020\/10\/53aaa-Amaras-o-Senhor-teu-Deus...-e-o-proximo-como-a-ti-mesmo.png\"><img fetchpriority=\"high\" decoding=\"async\" class=\"aligncenter size-full wp-image-4885\" src=\"http:\/\/palavradeamorpalavra.sallep.net\/wp-content\/uploads\/2020\/10\/53aaa-Amaras-o-Senhor-teu-Deus...-e-o-proximo-como-a-ti-mesmo.png\" alt=\"\" width=\"3780\" height=\"3523\" srcset=\"https:\/\/palavradeamorpalavra.sallep.net\/wp-content\/uploads\/2020\/10\/53aaa-Amaras-o-Senhor-teu-Deus...-e-o-proximo-como-a-ti-mesmo.png 3780w, https:\/\/palavradeamorpalavra.sallep.net\/wp-content\/uploads\/2020\/10\/53aaa-Amaras-o-Senhor-teu-Deus...-e-o-proximo-como-a-ti-mesmo-300x280.png 300w, https:\/\/palavradeamorpalavra.sallep.net\/wp-content\/uploads\/2020\/10\/53aaa-Amaras-o-Senhor-teu-Deus...-e-o-proximo-como-a-ti-mesmo-1024x954.png 1024w, https:\/\/palavradeamorpalavra.sallep.net\/wp-content\/uploads\/2020\/10\/53aaa-Amaras-o-Senhor-teu-Deus...-e-o-proximo-como-a-ti-mesmo-768x716.png 768w, https:\/\/palavradeamorpalavra.sallep.net\/wp-content\/uploads\/2020\/10\/53aaa-Amaras-o-Senhor-teu-Deus...-e-o-proximo-como-a-ti-mesmo-1536x1432.png 1536w, https:\/\/palavradeamorpalavra.sallep.net\/wp-content\/uploads\/2020\/10\/53aaa-Amaras-o-Senhor-teu-Deus...-e-o-proximo-como-a-ti-mesmo-2048x1909.png 2048w, https:\/\/palavradeamorpalavra.sallep.net\/wp-content\/uploads\/2020\/10\/53aaa-Amaras-o-Senhor-teu-Deus...-e-o-proximo-como-a-ti-mesmo-1024x954-398x370.png 398w\" sizes=\"(max-width: 3780px) 100vw, 3780px\" \/><\/a><\/p>\n<p><strong><u>Ex<\/u><\/strong><u> 22<\/u><u>,<\/u><u>20-22.26<\/u>:<strong><em> \u201c\u00abN\u00e3o prejudicar\u00e1s o estrangeiro, nem o oprimir\u00e1s, porque v\u00f3s pr\u00f3prios fostes estrangeiros na terra do Egipto. N\u00e3o maltratar\u00e1s a vi\u00fava nem o \u00f3rf\u00e3o. Se lhes fizeres algum mal e eles clamarem por Mim, escutarei o seu clamor\u2026 Se eles Me invocarem, escut\u00e1-los-ei, porque sou misericordioso\u00bb\u201d. <\/em><\/strong><strong>\/\/ <u>Mt <\/u><\/strong><u>22,<\/u><u>36-40<\/u>:<strong><em> \u201c\u00abMestre, qual \u00e9 o maior mandamento da Lei?\u00bb. Jesus respondeu: \u00ab\u2018<u>Amar\u00e1s o Senhor, teu Deus<\/u>, com todo o teu cora\u00e7\u00e3o, com toda a tua alma e com todo o teu esp\u00edrito\u2019. Este \u00e9 o maior e o primeiro mandamento. O segundo, por\u00e9m, \u00e9 semelhante a este: \u2018<u>Amar\u00e1s o teu pr\u00f3ximo<\/u> como a ti mesmo\u2019. Nestes dois mandamentos resume-se toda a Lei e os Profetas\u00bb\u201d. <\/em>\/\/ <u>1Ts<\/u><\/strong><u> 1<\/u><u>,<\/u><u>8-9<\/u>:<strong><em> \u201cEm toda a parte se divulgou a vossa f\u00e9 em Deus, de modo que n\u00e3o precisamos de falar sobre ela. De facto, s\u00e3o eles pr\u00f3prios que relatam o acolhimento que tivemos junto de v\u00f3s\u201d.<\/em><\/strong><\/p>\n<p><strong>\u00a0<\/strong><\/p>\n<p><strong>D \u2013<\/strong> <strong>\u00abSE LHES FIZERES ALGUM MAL (AOS ESTRANGEIROS\u2026) E ELES CLAMAREM POR MIM, EU ESCUTAREI O SEU CLAMOR\u2026\u00bb (Ex 22)<\/strong><\/p>\n<p><strong>C \u2013<\/strong><strong> \u00ab<\/strong><strong>AMAR\u00c1S O SENHOR, TEU DEUS, COM TODO O TEU CORA\u00c7\u00c3O\u2026 E AMAR\u00c1S O TEU PR\u00d3XIMO COMO A TI MESMO\u00bb<\/strong> <strong>(Mt 22)<\/strong><\/p>\n<p><strong>O \u2013<\/strong> <strong>A VOSSA F\u00c9 EM DEUS DIVULGOU-SE\u2026 E S\u00c3O ELES PR\u00d3PRIOS QUE RELATAM O ACOLHIMENTO QUE TIVEMOS JUNTO DE V\u00d3S (1Ts 1)<\/strong><\/p>\n<p><strong>\u00a0<\/strong><\/p>\n<p><strong>C <\/strong>\u2013 \u00c9 admir\u00e1vel que, j\u00e1 no AT, a Lei inspirada por Deus (a Mois\u00e9s) tivesse em conta e defendesse os mais pobres e vulner\u00e1veis, pondo como base um argumento <em>de l\u00f3gica<\/em>: <em>\u201cv\u00f3s pr\u00f3prios fostes estrangeiros\u201d<\/em>.<\/p>\n<p><strong>O <\/strong>\u2013 Na verdade, parece que, j\u00e1 naquela altura, \u2018primitiva\u2019, Jav\u00e9-Deus considerava como feito a Si o que se fizer a \u00f3rf\u00e3os, vi\u00favas, estrangeiros\u2026 para bem ou para mal!<\/p>\n<p><strong>C <\/strong>\u2013 Parece ficar assente que Deus toma sempre partido pelos mais indefesos, que n\u00e3o t\u00eam outro protetor ou defensor, aqueles que, pela sua fraqueza e pequenez, podem ser abusados pelos mais poderosos\u2026 <em>\u00a0<\/em><\/p>\n<p><strong>D <\/strong>\u2013 Por\u00e9m, ser\u00e1 o Filho, Jesus, quem conseguir\u00e1 \u2013 pelas suas palavras e pelo seu exemplo \u2013 p\u00f4r todos os humanos \u2013 quanto filhos do Pai-Deus \u2013 no mesmo n\u00edvel de import\u00e2ncia e dignidade.<\/p>\n<p><strong>C <\/strong>\u2013 Dignidade que, ao mesmo tempo, \u00e9 a mesma de Deus. N\u00e3o de outro modo podem ser explicadas as palavras do Filho Jesus, quando coloca em p\u00e9 de igualdade \u2013 \u201cDeus e o pr\u00f3ximo\u201d \u2013 ao resumir <em>\u2018toda a Lei e os Profetas\u2019<\/em> no \u201cSeu Mandamento do Amor\u201d.<\/p>\n<p><strong>O <\/strong>\u2013 Nunca ningu\u00e9m, como Jesus, teria autoridade para sintetizar ou condensar \u2018tudo\u2019 na palavra Amor: <em>\u201cAmar\u00e1s o Senhor, teu Deus, e amar\u00e1s o teu pr\u00f3ximo como a ti mesmo\u201d<\/em>.<\/p>\n<p><strong>C <\/strong>\u2013 Os primeiros disc\u00edpulos de Jesus \u2013 os primeiros crist\u00e3os \u2013 assim o entenderam e viveram, como atesta S. Paulo, escrevendo aos crist\u00e3os de Tessal\u00f3nica, que <em>\u201cacolhiam na sua terra os forasteiros\u201d<\/em>, como enviados de Deus. E parece que isto era \u2018p\u00fablico e not\u00f3rio\u2019: <em>\u201cdivulgou-se em toda a parte\u201d<\/em>.<\/p>\n<p><strong>\u00a0<\/strong><\/p>\n<p><strong>\u0092<\/strong> <strong>X &#8212; Embora \u2018Jav\u00e9\u2019 \u2013 o \u2018nome\u2019 que se dava a Deus no AT \u2013 n\u00e3o o manifestasse ainda claramente, alguns textos b\u00edblicos (Palavra de Deus!) como \u00e9 o caso de <em>\u00caxodo 22<\/em> (e outros, com mais aproxima\u00e7\u00e3o ainda) deixam entrever que o <em>feito aos outros<\/em> \u2013 em bem ou em mal \u2013 \u00e9 como se fosse<em> feito ao mesmo Deus<\/em>. Oh, grande e admir\u00e1vel mist\u00e9rio! Impens\u00e1vel para n\u00f3s, ainda que maravilhoso. E ao mesmo tempo, terr\u00edvel realidade, porque nos \u00e9 dif\u00edcil aceit\u00e1-lo, e ainda mais dif\u00edcil viv\u00ea-lo, em cada dia, na nossa realidade vital. Ent\u00e3o, podemos sentir-nos tentados a pensar que esta interpreta\u00e7\u00e3o dos textos do AT n\u00e3o deve ser correta&#8230; Mas, para n\u00e3o haver qualquer d\u00favida, o pr\u00f3prio Filho de Deus, Jesus, no-lo manifestou \u201cj\u00e1 abertamente\u201d: <em>\u201c\u00abEm verdade vos digo: \u2018Sempre que fizestes isto a um destes meus irm\u00e3os mais pequeninos, a Mim mesmo o fizestes\u2019 \u2026 \u2018Sempre que deixastes de fazer isto a um destes pequeninos, foi a Mim que o deixastes de fazer\u2019\u00bb\u201d<\/em>.<em>(Mt 25,<\/em><\/strong><strong><em>40.45<\/em><\/strong><strong><em>)<\/em><\/strong><strong>. Mas era bom lembrar <em>toda<\/em> a explica\u00e7\u00e3o que Jesus faz do <em>Ju\u00edzo Final<\/em> <\/strong><strong><em>[nos vers\u00edculos 31-46 desse c.25 <\/em><\/strong><strong>\/<\/strong><strong><em>Ver: fim]<\/em><\/strong><strong>. \u00a0&#8212; E n\u00f3s sabemos, Jesus,\u00a0 que esses \u2018pequeninos\u2019 somos todos os Teus irm\u00e3os, os humanos, com os quais Tu quiseste \u201cidentificar-Te\u201d ao realizares <em>o Mist\u00e9rio da Tua Encarna\u00e7\u00e3o<\/em>. Seremos n\u00f3s capazes de interiorizar e viver esta <em>\u201cidentifica\u00e7\u00e3o com todos os nossos irm\u00e3os\u201d<\/em>, a come\u00e7ar pelos \u2018mais pequenos\u2019? Isso queremos tentar sempre, com a for\u00e7a do Teu Esp\u00edrito!\u00a0\u00a0 \u00a0<\/strong><\/p>\n<p><strong>\u00a0<\/strong><\/p>\n<p><strong>&#8212;<\/strong> [<strong>\u266b<\/strong>] \u2013 <strong><u>ANT\u00cdFONA<\/u><\/strong><u>(S)<\/u><strong> <em>(~ \u2018Mantra<\/em><\/strong><em>(s)<strong>\u2019)<\/strong><\/em>:<\/p>\n<p>(<em>\u266a<\/em>) &#8211; <strong>\u00abComo o Pai Me amou Eu vos tenho amado. Permanecei no Meu Amor. Permanecei no Meu Amor!\u00bb \u2026<\/strong><\/p>\n<p>(<em>\u266a<\/em>) &#8211; <strong>\u00abN\u00e3o te importes das ra\u00e7as nem da cor da pele: Ama todos como irm\u00e3os e faz o bem.<\/strong><em>(2) <\/em><strong><em>Cristo quer a tua ajuda para amar, para amar, Cristo quer a tua ajuda para amar\u00bb<\/em><\/strong> <strong>\u2026 <\/strong><\/p>\n<p>(<em>\u266a<\/em>) &#8211; <strong>\u00abRecebemos do Senhor um <em>mandamento novo<\/em>: <em>\u201cAmemo-nos uns aos outros como Ele nos amou. Amemo-nos uns aos outros como Ele nos amou\u201d!<\/em>\u00bb \u2026<\/strong><\/p>\n<p>(<em>\u266a<\/em>) &#8211; <strong><em>\u00abConfitemini Domino quoniam bonus! Confitemini Domino! Alleluia!\u00bb<\/em><\/strong> <strong>\u2026 \u00a0\u00a0<\/strong><em>&#8211; Taiz\u00e9 &#8211; <\/em><em>\u00a0[Aclamai o Senhor porque \u00e9 bom! Aclamai o Senhor! Aleluia!] <\/em><em>\u00a0\u00a0\u00a0\u00a0\u00a0\u00a0\u00a0\u00a0\u00a0\u00a0<\/em><\/p>\n<p><span style=\"text-decoration: line-through;\">\u00a0<\/span><\/p>\n<p><strong><u>\u00abTEXTOS\u00bb \u00c0 LUZ DESTA <em>PALAVRA<\/em><\/u><\/strong><\/p>\n<p><strong><em>[ <\/em><\/strong><em><u>do Papa<\/u><\/em><em> \/ da <u>B\u00edblia<\/u> \/ <u>Outros<\/u> <strong>]<\/strong><\/em><\/p>\n<p><strong>&#8212; <\/strong><em><u>Papa Francisco<\/u><\/em><\/p>\n<p><em>\u00a0\u00a0\u00a0\u00a0 &#8211; \u2018Extratos\u2019 do Discurso\u2026 <\/em><strong><em>Chamamento \u00e0 Paz<\/em><\/strong> &#8211; \u00a0\u00a0\u00a0<em>[ Realizado num destes dias <\/em><em>(20-10-2020) <\/em><em>]<\/em><\/p>\n<p>\u00abQueridos irm\u00e3os e irm\u00e3s!<\/p>\n<p>\u00c9 motivo de alegria e gratid\u00e3o a Deus poder encontrar-nos aqui, no Capit\u00f3lio, no cora\u00e7\u00e3o de Roma\u2026 De v\u00e1rias religi\u00f5es, estamos a rezar, uns pr\u00f3ximos dos outros, pela paz. \u2026<\/p>\n<p>\u2026De facto, <em>\u201co mandamento da paz est\u00e1 inscrito nas profundezas das tradi\u00e7\u00f5es religiosas\u201d<\/em>. <em>(FRANCISCO, Enc. \u201cFratelli tutti\u201d &#8211; FT, 284)<\/em>.<\/p>\n<p><em>\u2026\u201cN\u00e3o fiquemos em discuss\u00f5es te\u00f3ricas, tomemos contato com as feridas, toquemos a carne de quem paga os danos. [&#8230;] Prestemos aten\u00e7\u00e3o aos pr\u00f3fugos, \u00e0queles que sofreram as radia\u00e7\u00f5es at\u00f3micas ou os ataques qu\u00edmicos, \u00e0s mulheres que perderam os filhos, \u00e0s crian\u00e7as mutiladas ou privadas da sua inf\u00e2ncia\u201d.<\/em><em>(FT, 261)<\/em>. Hoje, as tribula\u00e7\u00f5es das guerras s\u00e3o agravadas tamb\u00e9m pela pandemia do Coronav\u00edrus e pela impossibilidade, em muitos pa\u00edses, de se ter acesso aos tratamentos necess\u00e1rios. \u2026<\/p>\n<p>\u2026A li\u00e7\u00e3o da pandemia atual, se quisermos ser honestos, \u00e9 <em>\u201ca consci\u00eancia de sermos uma comunidade mundial que viaja no mesmo barco, onde o mal de um prejudica a todos. Lembremos que ningu\u00e9m se salva sozinho, que s\u00f3 \u00e9 poss\u00edvel salvar-nos juntos\u201d <\/em><em>(FT, 32)<\/em>. A fraternidade, que brota da consci\u00eancia de sermos uma \u00fanica humanidade, deve penetrar na vida dos povos, nas comunidades, no \u00edntimo dos governantes, nos foros internacionais. Deste modo, far\u00e1 crescer a consci\u00eancia de que s\u00f3 juntos nos salvaremos, encontrando-nos, negociando, desistindo de combater-nos, reconciliando-nos, moderando a linguagem da pol\u00edtica e da propaganda, desenvolvendo percursos concretos para a paz <em>(cf. FT, 231)<\/em> \u2026 De facto, com a ajuda de Deus, \u00e9 poss\u00edvel construir um mundo de paz, onde nos salvamos juntos. \u2026<\/p>\n<p>\u2026As guerras e a paz, as pandemias e o cuidado da sa\u00fade, a fome e o acesso ao alimento, o aquecimento global e a sustentabilidade do desenvolvimento, as migra\u00e7\u00f5es e deslocamentos das popula\u00e7\u00f5es, a elimina\u00e7\u00e3o do perigo nuclear e a redu\u00e7\u00e3o das desigualdades\u2026 n\u00e3o afetam unicamente a cada na\u00e7\u00e3o ou pa\u00eds. Hoje entendemo-lo melhor, num mundo cheio de conex\u00f5es, mas que frequentemente perde o sentido da fraternidade. Somos irm\u00e3os e irm\u00e3s, todos!&#8230; Pe\u00e7amos ao Alt\u00edssimo que, ap\u00f3s este tempo de prova, n\u00e3o haja mais um \u201cos outros\u201d, mas um grande \u201cn\u00f3s\u201d rico de diversidade. \u2026<\/p>\n<p>\u2026Pedimos aos governantes que rejeitem a linguagem da divis\u00e3o, que est\u00e1 suportada por sentimentos de medo e de desconfian\u00e7a, e para que n\u00e3o se iniciem caminhos que n\u00e3o tenham volta atr\u00e1s. Olhemos juntos para as v\u00edtimas, H\u00e1 muitos, demasiados, conflitos ainda abertos nos nosso mundo. \u2026<\/p>\n<p>\u2026Ningu\u00e9m pode alhear-se nem olhar para outro lado ou lavar as m\u00e3os. Somos todos correspons\u00e1veis. Todos precisamos de perdoar e sermos perdoados. As injusti\u00e7as do mundo e da hist\u00f3ria curam-se, n\u00e3o com \u00f3dio e vergonha, mas com o amor, di\u00e1logo e perd\u00e3o.<\/p>\n<p>Que Deus inspire estes ideais em todos n\u00f3s, neste caminho que fazemos juntos, e, transformando os cora\u00e7\u00f5es de cada um, nos fa\u00e7a <em>mensageiros do a mor e da paz<\/em>\u00bb.<\/p>\n<p><em>[ Piazza del Campidoglio \u2013 Roma-20.10.2020 ]<\/em><\/p>\n<p><strong>\u00a0<\/strong><\/p>\n<p><strong>&#8212; <\/strong><em><u>Texto B\u00edblico<\/u><\/em><\/p>\n<p><em>&#8211; O relato do <\/em><strong><em>Ju\u00edzo Final<\/em><\/strong><em> ou <\/em><strong><em>Ju\u00edzo<\/em><\/strong> <strong><em>Definitivo<\/em><\/strong> &#8211;\u00a0 (No <u>Evangelista Mateus<\/u>)<\/p>\n<p>\u00abQuando o Filho do Homem vier na sua gl\u00f3ria, acompanhado por todos os seus anjos, h\u00e1 de sentar-se no seu trono de gl\u00f3ria. Perante Ele, v\u00e3o reunir-se todos os povos e Ele separar\u00e1 as pessoas umas das outras, como o pastor separa as ovelhas dos cabritos. \u00c0 sua direita por\u00e1 as ovelhas e \u00e0 sua esquerda, os cabritos. O Rei dir\u00e1, ent\u00e3o, aos da sua direita: \u2018Vinde, benditos de meu Pai! Recebei em heran\u00e7a o Reino que vos est\u00e1 preparado desde a cria\u00e7\u00e3o do mundo. Porque tive fome e destes-Me de comer, tive sede e destes-Me de beber, era peregrino e recolhestes-Me, estava nu e destes-Me que vestir, adoeci e visitastes-Me, estive na pris\u00e3o e fostes ter coMigo\u2019. Ent\u00e3o, os justos v\u00e3o responder-lhe: \u2018Senhor, quando foi que Te vimos com fome e Te demos de comer, ou com sede e Te demos de beber? Quando Te vimos peregrino e Te recolhemos, ou nu e Te vestimos? E quando Te vimos doente ou na pris\u00e3o, e fomos visitar-Te?\u2019. E o Rei vai dizer-lhes, em resposta: \u2018Em verdade vos digo: Sempre que fizestes isto a um destes meus irm\u00e3os mais pequeninos, a Mim mesmo o fizestes\u2019. Em seguida dir\u00e1 aos da esquerda: \u2018Afastai-vos de mim, malditos, para o fogo eterno, que est\u00e1 preparado para o diabo e para os seus anjos! Porque tive fome e n\u00e3o Me destes de comer, tive sede e n\u00e3o Me destes de beber, era peregrino e n\u00e3o Me recolhestes, estava nu e n\u00e3o Me vestistes, doente e na pris\u00e3o e n\u00e3o fostes visitar-Me\u2019. Por sua vez, eles perguntar\u00e3o: \u2018Quando foi que Te vimos com fome, ou com sede, ou peregrino, ou nu, ou doente, ou na pris\u00e3o, e n\u00e3o Te socorremos?\u2019. Ele responder\u00e1 ent\u00e3o: \u2018Em verdade vos digo: Sempre que deixastes de fazer isto a um destes pequeninos, foi a Mim que o deixastes de fazer\u2019. Estes ir\u00e3o para o supl\u00edcio eterno, e os justos, para a vida eterna\u00bb.<\/p>\n<p><em>[ <\/em><strong><em>Mt 25<\/em><\/strong><em>,<\/em><em>31-46<\/em><em> ]<\/em><\/p>\n<p>&nbsp;<\/p>\n<p>&nbsp;<\/p>\n<p>\/\/ <em>PARA outras REFLEX\u00d5ES AFINS:<\/em>\u00a0 <a href=\"http:\/\/palavradeamorpalavra.sallep.net\">http:\/\/palavradeamorpalavra.sallep.net<\/a><\/p>\n","protected":false},"excerpt":{"rendered":"<p>Ex 22,20-22.26: \u201c\u00abN\u00e3o prejudicar\u00e1s o estrangeiro, nem o oprimir\u00e1s, porque v\u00f3s pr\u00f3prios fostes estrangeiros na terra do Egipto. N\u00e3o maltratar\u00e1s a vi\u00fava nem o \u00f3rf\u00e3o. Se lhes fizeres algum mal e eles clamarem por Mim, escutarei o seu clamor\u2026 Se eles Me invocarem, escut\u00e1-los-ei, porque sou misericordioso\u00bb\u201d. \/\/ Mt 22,36-40: \u201c\u00abMestre, qual \u00e9 o maior [&hellip;]<\/p>\n","protected":false},"author":2,"featured_media":0,"comment_status":"open","ping_status":"open","sticky":false,"template":"","format":"standard","meta":{"footnotes":""},"categories":[6],"tags":[],"class_list":["post-4884","post","type-post","status-publish","format-standard","hentry","category-refletida","has-post-title","has-post-date","has-post-category","has-post-tag","has-post-comment","has-post-author",""],"builder_content":"","_links":{"self":[{"href":"https:\/\/palavradeamorpalavra.sallep.net\/index.php?rest_route=\/wp\/v2\/posts\/4884","targetHints":{"allow":["GET"]}}],"collection":[{"href":"https:\/\/palavradeamorpalavra.sallep.net\/index.php?rest_route=\/wp\/v2\/posts"}],"about":[{"href":"https:\/\/palavradeamorpalavra.sallep.net\/index.php?rest_route=\/wp\/v2\/types\/post"}],"author":[{"embeddable":true,"href":"https:\/\/palavradeamorpalavra.sallep.net\/index.php?rest_route=\/wp\/v2\/users\/2"}],"replies":[{"embeddable":true,"href":"https:\/\/palavradeamorpalavra.sallep.net\/index.php?rest_route=%2Fwp%2Fv2%2Fcomments&post=4884"}],"version-history":[{"count":4,"href":"https:\/\/palavradeamorpalavra.sallep.net\/index.php?rest_route=\/wp\/v2\/posts\/4884\/revisions"}],"predecessor-version":[{"id":4889,"href":"https:\/\/palavradeamorpalavra.sallep.net\/index.php?rest_route=\/wp\/v2\/posts\/4884\/revisions\/4889"}],"wp:attachment":[{"href":"https:\/\/palavradeamorpalavra.sallep.net\/index.php?rest_route=%2Fwp%2Fv2%2Fmedia&parent=4884"}],"wp:term":[{"taxonomy":"category","embeddable":true,"href":"https:\/\/palavradeamorpalavra.sallep.net\/index.php?rest_route=%2Fwp%2Fv2%2Fcategories&post=4884"},{"taxonomy":"post_tag","embeddable":true,"href":"https:\/\/palavradeamorpalavra.sallep.net\/index.php?rest_route=%2Fwp%2Fv2%2Ftags&post=4884"}],"curies":[{"name":"wp","href":"https:\/\/api.w.org\/{rel}","templated":true}]}}