{"id":4898,"date":"2020-10-30T18:17:27","date_gmt":"2020-10-30T18:17:27","guid":{"rendered":"http:\/\/palavradeamorpalavra.sallep.net\/?p=4898"},"modified":"2022-11-17T02:30:55","modified_gmt":"2022-11-17T02:30:55","slug":"o-meu-direito-resplandece-como-a-luz-2","status":"publish","type":"post","link":"https:\/\/palavradeamorpalavra.sallep.net\/?p=4898","title":{"rendered":"\u00abO meu direito resplandece como a luz\u00bb"},"content":{"rendered":"<p><a href=\"http:\/\/palavradeamorpalavra.sallep.net\/wp-content\/uploads\/2020\/10\/65aa-O-meu-direito-resplandece-como-a-luz.jpg\"><img fetchpriority=\"high\" decoding=\"async\" class=\"aligncenter size-full wp-image-4899\" src=\"http:\/\/palavradeamorpalavra.sallep.net\/wp-content\/uploads\/2020\/10\/65aa-O-meu-direito-resplandece-como-a-luz.jpg\" alt=\"\" width=\"589\" height=\"556\" srcset=\"https:\/\/palavradeamorpalavra.sallep.net\/wp-content\/uploads\/2020\/10\/65aa-O-meu-direito-resplandece-como-a-luz.jpg 589w, https:\/\/palavradeamorpalavra.sallep.net\/wp-content\/uploads\/2020\/10\/65aa-O-meu-direito-resplandece-como-a-luz-300x283.jpg 300w, https:\/\/palavradeamorpalavra.sallep.net\/wp-content\/uploads\/2020\/10\/65aa-O-meu-direito-resplandece-como-a-luz-398x375.jpg 398w\" sizes=\"(max-width: 589px) 100vw, 589px\" \/><\/a><\/p>\n<p><strong>\u2013\u00a0<em>A<\/em>\u00a0<em>PALAVRA, Refletida<\/em>\u00a0ao ritmo Lit\u00fargico \u2013<\/strong><\/p>\n<p><em>(Ciclo A \u2013 TODOS OS SANTOS)<\/em><\/p>\n<p><em><strong>\u201c\u2026O vosso amor \u00e9 como a nuvem da manh\u00e3, como o orvalho matutino que logo se dissipa. Por isso vos castiguei por meio dos Profetas e vos matei com palavras da minha boca; e\u00a0<u>o meu direito resplandece como a luz<\/u>. Porque Eu quero a miseric\u00f3rdia e n\u00e3o o sacrif\u00edcio, o conhecimento de Deus, mais que os holocaustos\u00bb\u201d. (Os 6,4-6).<\/strong><\/em><\/p>\n<p><em><strong>\u00a0<\/strong><\/em><\/p>\n<p>Realmente, os escritos de alguns profetas n\u00e3o apresentam essa sequ\u00eancia l\u00f3gica, coes\u00e3o coerente e clareza que n\u00f3s desejar\u00edamos\u2026 Por exemplo, h\u00e1 uma parte \u2013 no texto de Oseias \u2013 de f\u00e1cil compreens\u00e3o: o facto de, os que s\u00e3o inconstantes no amor (<em>\u201ccomo o orvalho que se dissipa\u201d<\/em>), serem\u00a0<em>\u201ccastigados por meio dos Profetas\u201d. Existe uma certa coer\u00eancia\u2026 <\/em>Mas, logo a seguir, j\u00e1 n\u00e3o se compreende\u00a0<em>a conclus\u00e3o que aparece<\/em>, il\u00f3gica, aparentemente \u201cinconsequente\u201d:\u00a0<em>\u201cPorque Eu quero a miseric\u00f3rdia\u201d<\/em>\u2026 E ent\u00e3o!?<\/p>\n<p>&nbsp;<\/p>\n<p>A \u2013 Al\u00e9m disso, h\u00e1, no Texto, outros \u201cmist\u00e9rios\u201d ou\u00a0<em>express\u00f5es enigm\u00e1ticas<\/em>. Por exemplo,\u00a0<em>\u201cmatei-vos com palavras da minha boca\u201d<\/em>; express\u00e3o que, ali\u00e1s, n\u00e3o parece\u00a0<em>digna<\/em>\u00a0nos l\u00e1bios de Deus\u2026<\/p>\n<p>B \u2013 E logo esclarece que, ao fazer isso,\u00a0<em>\u201co Seu direito resplandece como a luz\u201d<\/em>. \u00c9 como se Deus se felicitasse pelo facto de algu\u00e9m\u00a0<em>ser castigado e morto<\/em>. Isso n\u00e3o condiz com\u00a0<em>\u201ca miseric\u00f3rdia\u201d!\u2026<\/em><\/p>\n<p>A \u2013 Ser\u00e1 preciso, ent\u00e3o, encontrar um outro significado, mais profundo, para tentar elucidar o sentido dessa express\u00e3o\u00a0<em>\u201ccastigar e matar com palavras da Sua boca\u201d<\/em>. M\u00e1xime, tendo em aten\u00e7\u00e3o que, com isso,\u00a0<em>\u201co Seu direito resplandece\u201d<\/em>; \u00abdireito\u00bb que se refere a \u00abexercer a justi\u00e7a\u00bb\u2026<\/p>\n<p>B \u2013 Analisemos aqui alguns textos do Evangelho que podem dar-nos a chave para interpretar este \u201cenigma\u201d. Em certa altura, Jesus dizia aos judeus:\u00a0<em>\u201cO Pai n\u00e3o julga ningu\u00e9m, mas entregou ao Filho todo o poder de julgar\u201d (Jo 5,22)<\/em>. Ent\u00e3o, ser\u00e1 o Filho quem vai julgar com o poder da sua <em>palavra<\/em>?<\/p>\n<p>A \u2013 Por\u00e9m, existe uma outra\u00a0<em>passagem<\/em>\u00a0evang\u00e9lica em que Jesus afirma (referindo-Se\u00a0<em>ao \u201cju\u00edzo final\u201d de cada um<\/em>) que <em>&#8220;Ele n\u00e3o julgar\u00e1 ningu\u00e9m&#8221;<\/em> (Jo 12,47-48). Afinal, quem \u00e9 que vai julgar?<\/p>\n<p>B \u2013 Pois \u00e9 precisamente nesta\u00a0<em>passagem<\/em>\u00a0onde encontramos\u00a0<em>a chave<\/em>:\u00a0<em>\u201cQuem me rejeita e n\u00e3o aceita as minhas palavras tem quem o julgue: a palavra que Eu anunciei, essa \u00e9 que o h\u00e1 de julgar no \u00faltimo dia\u201d.<\/em>\u00a0Portanto, em definitivo, ser\u00e1 a\u00a0<em>Palavra<\/em>\u00a0mesma que julgar\u00e1 a todos e cada um!<\/p>\n<p>A \u2013 Ou seja, o Pai n\u00e3o vai julgar, mas o Filho tamb\u00e9m \u201cn\u00e3o quer\u201d, pois Ele di-lo claramente nessa altura:\u00a0<em>\u201cN\u00e3o sou Eu que o julgo, pois n\u00e3o vim para condenar o mundo, mas sim para o salvar\u201d<\/em>\u2026<\/p>\n<p>B \u2013 E a nossa reflex\u00e3o final \u00e9 esta: No\u00a0<em>fim-do-nosso-mundo<\/em> (ou seja, isso que chamamos <em>morte<\/em>), n\u00e3o esperemos nenhum \u00abtribunal formal\u00bb, ou qualquer \u00abtipo de juiz\u00bb a presidi-lo solenemente\u2026 Nesse instante, cada um de n\u00f3s ser\u00e1 confrontado com\u00a0<em>a VERDADE, \u00e0 Luz da\u00a0<\/em><strong><em>Palavra<\/em><\/strong><em>.<\/em>\u00a0E mais nada!<\/p>\n<p>A \u2013 Quer dizer, afinal, cada qual\u00a0<em>vai julgar-se a si mesmo (!)<\/em>, ao comparar\u00a0<em>\u2018a sua\u2019 verdade<\/em>\u00a0com\u00a0<em>\u201ca Verdade da Palavra de Deus\u201d.<\/em>\u00a0E teremos que aceitar\u00a0<em>o veredicto<\/em>, sem qualquer hip\u00f3tese de engano!!!<\/p>\n<p>&nbsp;<\/p>\n<p style=\"text-align: right;\"><u>A\/B<\/u>:\u00a0<strong>N\u00e3o \u00edamos aceitar de bom grado, \u00f3 Pai nosso, que, no limiar do \u00ababra\u00e7o conTigo\u00bb,<\/strong><\/p>\n<p style=\"text-align: right;\"><strong>Depar\u00e1ssemos \u2013 em vez de com um\u00a0<\/strong><em><strong>Pai misericordioso \u2013<\/strong><\/em><strong>\u00a0com um \u201cjuiz terr\u00edvel\u201d\u2026<\/strong><\/p>\n<p style=\"text-align: right;\"><strong>Agora sabemos que nunca esteve nos Teus planos a \u201cmontagem\u201d de qualquer \u201ctribunal\u201d;<\/strong><\/p>\n<p style=\"text-align: right;\"><strong>e, por consequ\u00eancia, tamb\u00e9m era impens\u00e1vel para o Teu Filho, Jesus, uma atitude de \u201cjuiz\u201d.<\/strong><\/p>\n<p style=\"text-align: right;\"><strong>Ajuda-nos, Pai, a compreender e viver o que \u00e9, e ser\u00e1, a nossa confronta\u00e7\u00e3o com\u00a0<\/strong><em><strong>a Verdade;<\/strong><\/em><strong>\u00a0<\/strong><\/p>\n<p style=\"text-align: right;\"><strong>que saibamos deixar-nos penetrar pela Luz da Tua\u00a0<\/strong><em><strong>Palavra<\/strong><\/em><strong>, a \u00fanica que pode \u201cjulgar\u201d!\u2026<\/strong><\/p>\n<p>&nbsp;<\/p>\n<p>\/\/\u00a0<em>PARA uma outra REFLEX\u00c3O ALARGADA:<\/em> <a href=\"http:\/\/palavradeamorpalavra.sallep.net\">http:\/\/palavradeamorpalavra.sallep.net<\/a><\/p>\n","protected":false},"excerpt":{"rendered":"<p>\u2013\u00a0A\u00a0PALAVRA, Refletida\u00a0ao ritmo Lit\u00fargico \u2013 (Ciclo A \u2013 TODOS OS SANTOS) \u201c\u2026O vosso amor \u00e9 como a nuvem da manh\u00e3, como o orvalho matutino que logo se dissipa. Por isso vos castiguei por meio dos Profetas e vos matei com palavras da minha boca; e\u00a0o meu direito resplandece como a luz. Porque Eu quero a [&hellip;]<\/p>\n","protected":false},"author":2,"featured_media":0,"comment_status":"open","ping_status":"open","sticky":false,"template":"","format":"standard","meta":{"footnotes":""},"categories":[6],"tags":[],"class_list":["post-4898","post","type-post","status-publish","format-standard","hentry","category-refletida","has-post-title","has-post-date","has-post-category","has-post-tag","has-post-comment","has-post-author",""],"builder_content":"","_links":{"self":[{"href":"https:\/\/palavradeamorpalavra.sallep.net\/index.php?rest_route=\/wp\/v2\/posts\/4898","targetHints":{"allow":["GET"]}}],"collection":[{"href":"https:\/\/palavradeamorpalavra.sallep.net\/index.php?rest_route=\/wp\/v2\/posts"}],"about":[{"href":"https:\/\/palavradeamorpalavra.sallep.net\/index.php?rest_route=\/wp\/v2\/types\/post"}],"author":[{"embeddable":true,"href":"https:\/\/palavradeamorpalavra.sallep.net\/index.php?rest_route=\/wp\/v2\/users\/2"}],"replies":[{"embeddable":true,"href":"https:\/\/palavradeamorpalavra.sallep.net\/index.php?rest_route=%2Fwp%2Fv2%2Fcomments&post=4898"}],"version-history":[{"count":2,"href":"https:\/\/palavradeamorpalavra.sallep.net\/index.php?rest_route=\/wp\/v2\/posts\/4898\/revisions"}],"predecessor-version":[{"id":4901,"href":"https:\/\/palavradeamorpalavra.sallep.net\/index.php?rest_route=\/wp\/v2\/posts\/4898\/revisions\/4901"}],"wp:attachment":[{"href":"https:\/\/palavradeamorpalavra.sallep.net\/index.php?rest_route=%2Fwp%2Fv2%2Fmedia&parent=4898"}],"wp:term":[{"taxonomy":"category","embeddable":true,"href":"https:\/\/palavradeamorpalavra.sallep.net\/index.php?rest_route=%2Fwp%2Fv2%2Fcategories&post=4898"},{"taxonomy":"post_tag","embeddable":true,"href":"https:\/\/palavradeamorpalavra.sallep.net\/index.php?rest_route=%2Fwp%2Fv2%2Ftags&post=4898"}],"curies":[{"name":"wp","href":"https:\/\/api.w.org\/{rel}","templated":true}]}}