{"id":4902,"date":"2020-10-30T18:25:43","date_gmt":"2020-10-30T18:25:43","guid":{"rendered":"http:\/\/palavradeamorpalavra.sallep.net\/?p=4902"},"modified":"2022-11-17T08:49:27","modified_gmt":"2022-11-17T08:49:27","slug":"vede-o-admiravel-amor-do-pai-por-nos-chamar-filhos-de-deus","status":"publish","type":"post","link":"https:\/\/palavradeamorpalavra.sallep.net\/?p=4902","title":{"rendered":"\u00abVede o admir\u00e1vel amor do Pai&#8230; por nos chamar filhos de Deus\u00bb"},"content":{"rendered":"<p><a href=\"http:\/\/palavradeamorpalavra.sallep.net\/wp-content\/uploads\/2020\/10\/65aaa-Vede-o-admiravel-amor-do-Pai...-por-nos-chamar-filhos-de-Deus.png\"><img fetchpriority=\"high\" decoding=\"async\" class=\"aligncenter size-full wp-image-4903\" src=\"http:\/\/palavradeamorpalavra.sallep.net\/wp-content\/uploads\/2020\/10\/65aaa-Vede-o-admiravel-amor-do-Pai...-por-nos-chamar-filhos-de-Deus.png\" alt=\"\" width=\"3780\" height=\"3793\" srcset=\"https:\/\/palavradeamorpalavra.sallep.net\/wp-content\/uploads\/2020\/10\/65aaa-Vede-o-admiravel-amor-do-Pai...-por-nos-chamar-filhos-de-Deus.png 3780w, https:\/\/palavradeamorpalavra.sallep.net\/wp-content\/uploads\/2020\/10\/65aaa-Vede-o-admiravel-amor-do-Pai...-por-nos-chamar-filhos-de-Deus-300x300.png 300w, https:\/\/palavradeamorpalavra.sallep.net\/wp-content\/uploads\/2020\/10\/65aaa-Vede-o-admiravel-amor-do-Pai...-por-nos-chamar-filhos-de-Deus-1020x1024.png 1020w, https:\/\/palavradeamorpalavra.sallep.net\/wp-content\/uploads\/2020\/10\/65aaa-Vede-o-admiravel-amor-do-Pai...-por-nos-chamar-filhos-de-Deus-150x150.png 150w, https:\/\/palavradeamorpalavra.sallep.net\/wp-content\/uploads\/2020\/10\/65aaa-Vede-o-admiravel-amor-do-Pai...-por-nos-chamar-filhos-de-Deus-768x771.png 768w, https:\/\/palavradeamorpalavra.sallep.net\/wp-content\/uploads\/2020\/10\/65aaa-Vede-o-admiravel-amor-do-Pai...-por-nos-chamar-filhos-de-Deus-1531x1536.png 1531w, https:\/\/palavradeamorpalavra.sallep.net\/wp-content\/uploads\/2020\/10\/65aaa-Vede-o-admiravel-amor-do-Pai...-por-nos-chamar-filhos-de-Deus-2041x2048.png 2041w, https:\/\/palavradeamorpalavra.sallep.net\/wp-content\/uploads\/2020\/10\/65aaa-Vede-o-admiravel-amor-do-Pai...-por-nos-chamar-filhos-de-Deus-1020x1024-50x50.png 50w, https:\/\/palavradeamorpalavra.sallep.net\/wp-content\/uploads\/2020\/10\/65aaa-Vede-o-admiravel-amor-do-Pai...-por-nos-chamar-filhos-de-Deus-1020x1024-398x399.png 398w\" sizes=\"(max-width: 3780px) 100vw, 3780px\" \/><\/a><\/p>\n<p><strong><u>Ap<\/u><\/strong><u> 7<\/u><u>,<\/u><u>2-3.9<\/u>:<strong><em> \u201cEle (o \u2018Anjo do Nascente\u2019) clamou em alta voz aos quatro Anjos\u2026: \u00abN\u00e3o causeis dano \u00e0 terra, nem ao mar, nem \u00e0s \u00e1rvores, at\u00e9 que tenhamos marcado na fronte os servos do nosso Deus\u00bb\u2026 E vi uma multid\u00e3o imensa, que ningu\u00e9m podia contar, de todas as na\u00e7\u00f5es, tribos, povos e l\u00ednguas\u201d. <\/em><\/strong><strong>\/\/ <u>1Jo<\/u><\/strong><u> 3<\/u><u>,<\/u><span style=\"text-decoration: line-through;\"><u>8-9<\/u><\/span>:<strong><em> \u201cCar\u00edssimos: <u>Vede que admir\u00e1vel amor o Pai nos consagrou em nos chamar filhos de Deus<\/u>. E somo-lo de facto\u2026 Agora somos filhos de Deus e ainda n\u00e3o se manifestou o que havemos de ser\u2026 Todo aquele que tem n\u2019Ele esta esperan\u00e7a purifica-se a si mesmo, para ser puro, como Ele \u00e9 puro\u201d. <\/em>\/\/ <u>Mt <\/u><\/strong><u>5,<\/u><u>7-9<\/u>:<strong><em> \u201c\u00ab\u2026Bem-aventurados os misericordiosos, porque alcan\u00e7ar\u00e3o miseric\u00f3rdia. Bem-aventurados os puros de cora\u00e7\u00e3o, porque ver\u00e3o a Deus. Bem-aventurados os que promovem a paz, porque ser\u00e3o chamados filhos de Deus\u2026\u00bb\u201d.<\/em><\/strong><\/p>\n<p><strong>\u00a0<\/strong><\/p>\n<p><strong>D \u2013<\/strong> <strong>\u00abN\u00c3O CAUSEIS DANO \u00c0 TERRA, NEM AO MAR \u2026 AT\u00c9 QUE TENHAMOS MARCADO NA FRONTE OS SERVOS DO NOSSO DEUS\u00bb (Ap 7)<\/strong><\/p>\n<p><strong>O \u2013<\/strong> <strong>SOMOS, DE FACTO, FILHOS DE DEUS, MAS AINDA N\u00c3O SE MANIFESTOU O QUE HAVEMOS DE SER\u2026<\/strong> <strong>(1Jo 3)<\/strong><\/p>\n<p><strong>C \u2013<\/strong><strong> \u00ab\u2026BEM-AVENTURADOS OS QUE PROMOVEM A PAZ, PORQUE SER\u00c3O CHAMADOS FILHOS DE DEUS\u2026\u00bb (Mt 5)<\/strong><\/p>\n<p><strong>\u00a0<\/strong><\/p>\n<p><strong>O <\/strong>\u2013 Devemos saber que, na B\u00edblia, j\u00e1 desde o AT, o nome dado (\u201cchamado\u201d) por Deus a uma pessoa \u2013 e at\u00e9 a qualquer criatura, mormente \u00e0s \u2018animadas\u2019 (animais e plantas) \u2013 significa \u201ca exist\u00eancia\u201d desse ser\u2026<\/p>\n<p><strong>D <\/strong>\u2013 \u00c9 que<em>,<\/em> aquilo que \u00e9 <em>pronunciado<\/em> pela<em> Palavra Divina<\/em> \u00e9, desse modo, \u201cchamado \u00e0 exist\u00eancia\u201d, \u00e9 Criado. Assim, diz-se na <em>Escritura<\/em>, entre outras coisas, que <em>\u201ca Palavra de Deus \u00e9 viva e eficaz\u2026\u201d (Hb 4,<\/em><em>12<\/em><em>).<\/em><\/p>\n<p><strong>C <\/strong>\u2013 Isso quer dizer que, se na <em>Palavra<\/em> de hoje, na Carta 1\u00aa de Jo\u00e3o, lemos que <em>\u201co amor do Pai-Deus \u00e9 admir\u00e1vel por nos \u2018chamar\u2019 filhos\u201d<\/em>; e Jesus, o Filho, no Evangelho, diz que <em>\u201cos pacificadores ser\u00e3o \u2018chamados\u2019 filhos de Deus\u201d<\/em>, \u00e9 porque, realmente (<em>\u201cde facto\u201d, <\/em>diria Jo\u00e3o) <em>somos<\/em> filhos! <em>Chamar<\/em> \u00e9 criar.<\/p>\n<p><strong>O <\/strong>\u2013 Por\u00e9m, no meio disto tudo \u2013 e a pensar na \u00abSolenidade de Todos os Santos\u00bb \u2013 n\u00e3o acabamos de ver a conex\u00e3o que tem esta <em>Palavra,<\/em> que estamos a <em>refletir<\/em>, com a <em>Santidade<\/em> dos humanos, em todas as suas formas e cores e numa dimens\u00e3o universal\u2026<\/p>\n<p><strong>C <\/strong>\u2013 Bom, parece f\u00e1cil de ver e aceitar que, afinal, s\u00e3o <em>santos<\/em> todos os que chegaram, j\u00e1 nesta vida, a serem<em> conscientes<\/em> da sua <em>filia\u00e7\u00e3o divina<\/em>. Pois s\u00f3 somos <em>santos<\/em> quando ficamos convencidos de que <em>\u201csomos, de facto, filhos de Deus\u2026\u201d! (1Jo 3,<\/em><em>1<\/em><em>)<\/em>. E quem estiver, de veras, <em>convencido<\/em>, deve <em>viv\u00ea-lo!!!<\/em><\/p>\n<p><strong>\u00a0<\/strong><\/p>\n<p><strong>\u0092<\/strong> <strong>X &#8212; Quando um ser nasce de outro ser (ali\u00e1s, isto acontece n\u00e3o apenas nos <em>humanos<\/em> como tamb\u00e9m em todos os seres \u201cvivos&#8221;, <em>animais<\/em> e <em>plantas<\/em>) dizemos que o segundo ser \u00e9 filho do primeiro, e que o primeiro \u00e9 pai do segundo. Acontece, por\u00e9m, que em todos estes casos (salvo \u2018exce\u00e7\u00f5es\u2019 interessantes (!) que confirmam a regra) \u00e9 necess\u00e1rio o concurso de <em>dois<\/em> seres \u2013 o feminino e o masculino \u2013 para acontecer a nova <em>\u2018gera\u00e7\u00e3o\u2019<\/em> de um ser. \u00c9, portanto, preciso haver, normalmente, a coopera\u00e7\u00e3o de <em>dois<\/em> sexos, a que chamamos m\u00e3e e pai. Se nos cingirmos ao caso humano, dizemos que os pais \u201cgeram\u201d os filhos. Por consequ\u00eancia, um filho n\u00e3o \u2018fez nada\u2019, nem a bem nem a mal, para nascer; ou seja, n\u00e3o podemos dizer que tenha \u2018m\u00e9rito\u2019 ou \u2018culpa\u2019 de ter recebido a vida como tal. Ora bom, se bem o pensarmos, tamb\u00e9m n\u00e3o se trata de verdadeira \u201cgera\u00e7\u00e3o\u201d; n\u00e3o s\u00e3o esses \u2018pais\u2019 (ou esses \u2018sexos\u2019) que, na verdade, d\u00e3o a vida, uma vez que s\u00f3 pode dar vida \u2013 no sentido de \u201ccriar\u201d, \u201coriginar\u201d \u2013 quem \u00e9 capaz de dar aquilo que tem \u201cpor ess\u00eancia\u201d sem t\u00ea-lo recebido de outrem! Chegamos \u00e0 conclus\u00e3o (facilmente compreens\u00edvel por todos) de que aquilo que realmente acontece \u00e9 apenas uma \u2018transmiss\u00e3o\u2019 da vida, de pais para filhos, sendo eles apenas canais transmissores, e \u201ccolaboradores\u201d mais ou menos conscientes, isso sim!\u2026 Perguntar-se-\u00e1: de quem procede ent\u00e3o, na sua \u201corigem\u201d, a vida, toda a vida? Claro, s\u00f3 pode ser \u2018do\u2019 \u00fanico Criador! E por isso, s\u00f3 Ele \u00e9 verdadeiro Pai, ou Pai-M\u00e3e! Que sentido tem, ent\u00e3o, na Cria\u00e7\u00e3o, a rela\u00e7\u00e3o \u2018pais-filhos\u2019? &#8211; Sim, Deus criou as \u2018figuras\u2019 pai-m\u00e3e e filho-filha, apenas e s\u00f3, para que os humanos tiv\u00e9ssemos uma \u201cimagem e semelhan\u00e7a\u201d do que \u00e9 a <em><u>Paternidade<\/u> divina<\/em> e a conseguinte <em><u>filia\u00e7\u00e3o<\/u> divina <\/em>(!?). E tal como, enquanto filhos humanos, aceitamos agradecidos as nossas filia\u00e7\u00f5es humanas, com muito mais amor e gratid\u00e3o assumimos o facto \u2013 gratuito e n\u00e3o merecido! \u2013 de sermos \u00abfilhos de Deus\u00bb!&#8230;\u00a0 \u00a0&#8212; N\u00f3s j\u00e1 sab\u00edamos, \u00f3 Deus e Pai nosso, que s\u00f3 Tu podes ser o \u00fanico \u00abPai de toda a vida\u00bb, e assim, <em>tudo o que \u201cvive\u201d procede de Ti!<\/em> Por isso, s\u00f3 Tu \u00e9s o nosso \u201cPai-M\u00e3e\u201d (n\u00e3o podemos ter outro). Por\u00e9m, foi o Teu Filho, Jesus, quem nos \u201cRevelou\u201d <em>a aut\u00eantica verdade<\/em> quando nos ensinou a chamar-Te: \u00ab<em>Abb\u00e1<\/em> (Pai-M\u00e3e)\u00bb! <\/strong><\/p>\n<p><strong>\u00a0<\/strong><\/p>\n<p><strong>&#8212;<\/strong> [<strong>\u266b<\/strong>] \u2013 <strong><u>ANT\u00cdFONA<\/u><\/strong><u>(S)<\/u><strong> <em>(~ \u2018Mantra<\/em><\/strong><em>(s)<strong>\u2019)<\/strong><\/em>:<\/p>\n<p>(<em>\u266a<\/em>) &#8211; <strong>\u00abTeus santos brilhar\u00e3o como as estrelas: resplandecer\u00e3o eternamente no Teu Reino. De gl\u00f3ria vestes os teus santos, como as estrelas do c\u00e9u\u00bb \u2026<\/strong><\/p>\n<p>(<em>\u266a<\/em>) &#8211; <strong>\u00abPai, procuro o Teu amor! Pai, volto a Ti! Olha, que Teu filho sou! Pai, volto a Ti!<em>\u00bb<\/em><\/strong> <strong>\u2026 <\/strong><\/p>\n<p>(<em>\u266a<\/em>) &#8211; <strong>\u00abAconte\u00e7a o que acontecer, n\u00f3s temos um Pai que espera por n\u00f3s\u00bb <\/strong><em>(<\/em><em>x<\/em><em>2)<\/em><strong> \u2026<\/strong><em>\u00a0\u00a0\u00a0\u00a0\u00a0\u00a0\u00a0\u00a0 <\/em><\/p>\n<p><span style=\"text-decoration: line-through;\">\u00a0<\/span><\/p>\n<p><strong><u>\u00abTEXTOS\u00bb \u00c0 LUZ DESTA <em>PALAVRA<\/em><\/u><\/strong><\/p>\n<p><strong><em>[ <\/em><\/strong><em><u>do Papa<\/u><\/em><em> \/ da <u>B\u00edblia<\/u> \/ <u>Outros<\/u> <strong>]<\/strong><\/em><\/p>\n<p><strong>&#8212; <\/strong><em><u>Papa Francisco<\/u><\/em><\/p>\n<p><em>\u00a0\u00a0\u00a0\u00a0 \u00a0\u00a0\u00a0\u00a0\u00a0\u00a0\u00a0\u00a0 \u2018Extratos\u2019 de <u>dois Textos<\/u> do Papa, acerca da Santidade:<\/em><\/p>\n<p><em>A \/- Filhos de Deus, batizados no Esp\u00edrito. <\/em><\/p>\n<p>\u00ab\u00c9 importante fazermos um exame de consci\u00eancia, refletirmos no nosso interior, para conhecer o que acontece no cora\u00e7\u00e3o e sermos capazes de avan\u00e7ar movidos pelo Esp\u00edrito Santo e n\u00e3o pelo instinto animal: N\u00f3s somos <em>filhos de Deus<\/em>, n\u00e3o somos animais.<\/p>\n<p>O exame de consci\u00eancia e a reflex\u00e3o, permitem conhecer o que acontece no cora\u00e7\u00e3o. Se n\u00f3s n\u00e3o fizermos isso, se n\u00f3s n\u00e3o soubermos o que acontece no nosso cora\u00e7\u00e3o \u2013 e isso n\u00e3o o digo eu, di-lo a B\u00edblia \u2013 ent\u00e3o somos como os \u2018animais que n\u00e3o entendem nada\u2019, v\u00e3o avante com o instinto. Mas n\u00f3s n\u00e3o somos animais, somos filhos de Deus, batizados com o dom do Esp\u00edrito Santo. Por isso, \u00e9 importante entender o que acontece hoje no meu cora\u00e7\u00e3o\u00bb.<\/p>\n<p>[ Da <em>Homilia<\/em> \/ Missa &#8211; Casa Santa Marta &#8211; <em>(04.09.2018)<\/em> ]<\/p>\n<p>&nbsp;<\/p>\n<p><em>B \/- A Santidade, dom e voca\u00e7\u00e3o. <\/em><\/p>\n<p>\u00abAl\u00e9m de dom, a santidade \u00e9 tamb\u00e9m um chamado, uma voca\u00e7\u00e3o comum de todo o disc\u00edpulo de Cristo. \u00c9 a estrada de plenitude que todo crist\u00e3o \u00e9 chamado a percorrer na f\u00e9, procedendo rumo \u00e0 meta final: a comunh\u00e3o definitiva com Deus na vida eterna\u2026<\/p>\n<p>Desse modo, a santidade se torna resposta ao dom de Deus, porque se manifesta como aceita\u00e7\u00e3o de responsabilidade. Nesta perspetiva, \u00e9 importante assumir um s\u00e9rio e cotidiano compromisso de santifica\u00e7\u00e3o nas condi\u00e7\u00f5es, nos deveres e nas circunst\u00e2ncias da nossa vida, procurando viver tudo com amor, com caridade\u2026<\/p>\n<p>Os Santos da Igreja Celeste, abandonaram-se com confian\u00e7a \u00e0 luz divina e agora cantam eternamente a sua gl\u00f3ria. Eles constituem a <em>\u201cCidade santa\u201d<\/em> para a qual a humanidade olha com esperan\u00e7a, como a meta definitiva, enquanto \u00e9 peregrina na <em>\u201ccidade terrena\u201d<\/em>\u2026<\/p>\n<p><em>\u201cAo olharmos para a vida dos Santos, somos estimulados a imit\u00e1-los. Entre eles h\u00e1 tantos testemunhos de uma santidade \u2018ao p\u00e9 da porta\u2019, daqueles que viveram e dos que vivem perto de n\u00f3s e s\u00e3o um reflexo da presen\u00e7a de Deus\u201d<\/em>. (Exorta\u00e7\u00e3o apost\u00f3lica <em>\u2018Gaudete et exsultate\u2019<\/em> sobre: O chamamento \u00e0 santidade)\u2026<\/p>\n<p>A recorda\u00e7\u00e3o dos Santos anima-nos a elevar os olhos para o C\u00e9u: n\u00e3o para esquecer a realidade da terra, mas para enfrent\u00e1-la com mais coragem e esperan\u00e7a\u00bb.<\/p>\n<p>[ No <strong><em>Angelus<\/em><\/strong> \u2013 Roma (01.11.2019) ]<\/p>\n<p>&nbsp;<\/p>\n<p>\/\/ <em>PARA outras REFLEX\u00d5ES AFINS:<\/em>\u00a0 <a href=\"http:\/\/palavradeamorpalavra.sallep.net\">http:\/\/palavradeamorpalavra.sallep.net<\/a><\/p>\n","protected":false},"excerpt":{"rendered":"<p>Ap 7,2-3.9: \u201cEle (o \u2018Anjo do Nascente\u2019) clamou em alta voz aos quatro Anjos\u2026: \u00abN\u00e3o causeis dano \u00e0 terra, nem ao mar, nem \u00e0s \u00e1rvores, at\u00e9 que tenhamos marcado na fronte os servos do nosso Deus\u00bb\u2026 E vi uma multid\u00e3o imensa, que ningu\u00e9m podia contar, de todas as na\u00e7\u00f5es, tribos, povos e l\u00ednguas\u201d. \/\/ 1Jo [&hellip;]<\/p>\n","protected":false},"author":2,"featured_media":0,"comment_status":"open","ping_status":"open","sticky":false,"template":"","format":"standard","meta":{"footnotes":""},"categories":[6],"tags":[],"class_list":["post-4902","post","type-post","status-publish","format-standard","hentry","category-refletida","has-post-title","has-post-date","has-post-category","has-post-tag","has-post-comment","has-post-author",""],"builder_content":"","_links":{"self":[{"href":"https:\/\/palavradeamorpalavra.sallep.net\/index.php?rest_route=\/wp\/v2\/posts\/4902","targetHints":{"allow":["GET"]}}],"collection":[{"href":"https:\/\/palavradeamorpalavra.sallep.net\/index.php?rest_route=\/wp\/v2\/posts"}],"about":[{"href":"https:\/\/palavradeamorpalavra.sallep.net\/index.php?rest_route=\/wp\/v2\/types\/post"}],"author":[{"embeddable":true,"href":"https:\/\/palavradeamorpalavra.sallep.net\/index.php?rest_route=\/wp\/v2\/users\/2"}],"replies":[{"embeddable":true,"href":"https:\/\/palavradeamorpalavra.sallep.net\/index.php?rest_route=%2Fwp%2Fv2%2Fcomments&post=4902"}],"version-history":[{"count":2,"href":"https:\/\/palavradeamorpalavra.sallep.net\/index.php?rest_route=\/wp\/v2\/posts\/4902\/revisions"}],"predecessor-version":[{"id":4905,"href":"https:\/\/palavradeamorpalavra.sallep.net\/index.php?rest_route=\/wp\/v2\/posts\/4902\/revisions\/4905"}],"wp:attachment":[{"href":"https:\/\/palavradeamorpalavra.sallep.net\/index.php?rest_route=%2Fwp%2Fv2%2Fmedia&parent=4902"}],"wp:term":[{"taxonomy":"category","embeddable":true,"href":"https:\/\/palavradeamorpalavra.sallep.net\/index.php?rest_route=%2Fwp%2Fv2%2Fcategories&post=4902"},{"taxonomy":"post_tag","embeddable":true,"href":"https:\/\/palavradeamorpalavra.sallep.net\/index.php?rest_route=%2Fwp%2Fv2%2Ftags&post=4902"}],"curies":[{"name":"wp","href":"https:\/\/api.w.org\/{rel}","templated":true}]}}