{"id":4912,"date":"2020-11-02T18:48:00","date_gmt":"2020-11-02T18:48:00","guid":{"rendered":"http:\/\/palavradeamorpalavra.sallep.net\/?p=4912"},"modified":"2022-11-17T12:22:44","modified_gmt":"2022-11-17T12:22:44","slug":"um-so-e-o-vosso-mestre-e-vos-sois-todos-irmaos","status":"publish","type":"post","link":"https:\/\/palavradeamorpalavra.sallep.net\/?p=4912","title":{"rendered":"\u00abUm s\u00f3 \u00e9 o vosso Mestre e v\u00f3s sois todos irm\u00e3os\u00bb"},"content":{"rendered":"<p><a href=\"http:\/\/palavradeamorpalavra.sallep.net\/wp-content\/uploads\/2020\/11\/54aaa-Um-so-e-o-vosso-Mestre-e-vos-sois-todos-irmaos.png\"><img fetchpriority=\"high\" decoding=\"async\" class=\"aligncenter size-full wp-image-4913\" src=\"http:\/\/palavradeamorpalavra.sallep.net\/wp-content\/uploads\/2020\/11\/54aaa-Um-so-e-o-vosso-Mestre-e-vos-sois-todos-irmaos.png\" alt=\"\" width=\"3780\" height=\"3790\" srcset=\"https:\/\/palavradeamorpalavra.sallep.net\/wp-content\/uploads\/2020\/11\/54aaa-Um-so-e-o-vosso-Mestre-e-vos-sois-todos-irmaos.png 3780w, https:\/\/palavradeamorpalavra.sallep.net\/wp-content\/uploads\/2020\/11\/54aaa-Um-so-e-o-vosso-Mestre-e-vos-sois-todos-irmaos-300x300.png 300w, https:\/\/palavradeamorpalavra.sallep.net\/wp-content\/uploads\/2020\/11\/54aaa-Um-so-e-o-vosso-Mestre-e-vos-sois-todos-irmaos-1021x1024.png 1021w, https:\/\/palavradeamorpalavra.sallep.net\/wp-content\/uploads\/2020\/11\/54aaa-Um-so-e-o-vosso-Mestre-e-vos-sois-todos-irmaos-150x150.png 150w, https:\/\/palavradeamorpalavra.sallep.net\/wp-content\/uploads\/2020\/11\/54aaa-Um-so-e-o-vosso-Mestre-e-vos-sois-todos-irmaos-768x770.png 768w, https:\/\/palavradeamorpalavra.sallep.net\/wp-content\/uploads\/2020\/11\/54aaa-Um-so-e-o-vosso-Mestre-e-vos-sois-todos-irmaos-1532x1536.png 1532w, https:\/\/palavradeamorpalavra.sallep.net\/wp-content\/uploads\/2020\/11\/54aaa-Um-so-e-o-vosso-Mestre-e-vos-sois-todos-irmaos-2043x2048.png 2043w, https:\/\/palavradeamorpalavra.sallep.net\/wp-content\/uploads\/2020\/11\/54aaa-Um-so-e-o-vosso-Mestre-e-vos-sois-todos-irmaos-1021x1024-50x50.png 50w, https:\/\/palavradeamorpalavra.sallep.net\/wp-content\/uploads\/2020\/11\/54aaa-Um-so-e-o-vosso-Mestre-e-vos-sois-todos-irmaos-1021x1024-398x399.png 398w\" sizes=\"(max-width: 3780px) 100vw, 3780px\" \/><\/a><\/p>\n<p><strong><u>Ml<\/u><\/strong><u> 2<\/u><u>,<\/u><u>9-10<\/u>:<strong><em> \u201c- \u00abPor isso, como n\u00e3o seguis os meus caminhos e fazeis ace\u00e7\u00e3o de pessoas perante a lei, tamb\u00e9m Eu vos tornarei desprez\u00edveis e abjetos aos olhos de todo o povo\u00bb. &#8211; \u00abN\u00e3o temos todos n\u00f3s um s\u00f3 Pai? N\u00e3o foi o mesmo Deus que nos criou? Ent\u00e3o porque somos desleais uns para com os outros, profanando a alian\u00e7a dos nossos pais?\u00bb\u201d. <\/em><\/strong><strong>\/\/ <u>Mt <\/u><\/strong><u>23,<\/u><u>8-9<\/u>:<strong><em> \u201c\u00abV\u00f3s, por\u00e9m, n\u00e3o vos deixeis tratar por \u2018Mestres\u2019, porque <u>um s\u00f3 \u00e9 o vosso Mestre e v\u00f3s sois todos irm\u00e3os<\/u>. Na terra n\u00e3o chameis a ningu\u00e9m vosso \u2018Pai\u2019, porque um s\u00f3 \u00e9 o vosso pai, o Pai celeste\u2026 Aquele que for o maior entre v\u00f3s ser\u00e1 o vosso servo\u2026\u00bb\u201d. <\/em>\/\/ <u>1Ts<\/u><\/strong><u> 2<\/u><u>,<\/u><u>7-8<\/u>:<strong><em> \u201cIrm\u00e3os: Fomos afetuosos no meio de v\u00f3s\u2026 Assim n\u00f3s, pela viva afei\u00e7\u00e3o que vos dedicamos, desejar\u00edamos partilhar convosco, n\u00e3o s\u00f3 o Evangelho de Deus, mas ainda a pr\u00f3pria vida, t\u00e3o caros vos t\u00ednheis tornado para n\u00f3s\u2026\u201d.<\/em><\/strong><\/p>\n<p><strong>\u00a0<\/strong><\/p>\n<p><strong>D \u2013<\/strong> <strong>\u00abN\u00c3O TEMOS TODOS N\u00d3S UM S\u00d3 PAI? ENT\u00c3O PORQUE SOMOS DESLEAIS, UNS PARA COM OS OUTROS, VIOLANDO A LEI\u2026?\u00bb (Ml 2)<\/strong><\/p>\n<p><strong>C \u2013<\/strong><strong> \u00ab<\/strong><strong>V\u00d3S SOIS TODOS IRM\u00c3OS. NA TERRA N\u00c3O CHAMEIS A NINGU\u00c9M VOSSO \u2018PAI\u2019, PORQUE UM S\u00d3 \u00c9 O VOSSO PAI, O DO C\u00c9U\u00bb<\/strong> <strong>(Mt 23)<\/strong><\/p>\n<p><strong>O \u2013<\/strong> <strong>IRM\u00c3OS, DESEJAR\u00cdAMOS PARTILHAR CONVOSCO\u2026 AT\u00c9 \u00c0 PR\u00d3PRIA VIDA, T\u00c3O CAROS VOS T\u00cdNHEIS TORNADO PARA N\u00d3S\u2026 (1Ts 2)<\/strong><\/p>\n<p><strong>\u00a0<\/strong><\/p>\n<p><strong>C <\/strong>\u2013 Na <em>\u2018Palavra refletida\u2019<\/em> da Solenidade de <em>Todos os Santos<\/em>, <em>meditamos<\/em> no facto de <em>sermos \u201cfilhos\u201d,<\/em> <em>todos,<\/em> do \u00fanico Pai, que \u00e9 Deus. Esta \u00e9 a \u2018primeira <em>revela\u00e7\u00e3o\u2019, a<\/em> da nossa <em>filia\u00e7\u00e3o<\/em> divina, feita pelo Filho Jesus, ao ensinar-nos a chamar a Deus: <em>\u00abAbb\u00e1<\/em> (Pai-M\u00e3e) <em>nosso!\u00bb<\/em>.<\/p>\n<p><strong>D <\/strong>\u2013 E \u2018a segunda <em>revela\u00e7\u00e3o\u2019<\/em> (poderia ter dito Jesus) \u00e9 consequ\u00eancia da primeira: a nossa <em>fraternidade<\/em> universal. Ou seja: se <em>todos somos filhos <\/em>do mesmo PAI, \u2018somos todos irm\u00e3os\u2019. Sim, <em>\u00abIrm\u00e3os Todos\u00bb<\/em> [<em>\u201cFratelli Tutti\u201d<\/em>] (do<em> Papa Francisco<\/em>).<em>[Ver: Texto, no fim]<\/em>. \u00c9 que Jesus <em>revelou<\/em> tamb\u00e9m esta Verdade!&#8230;<\/p>\n<p><strong>O <\/strong>\u2013 Est\u00e1 bem claro, no Evangelho de hoje, e \u00e9 uma ordem: <em>\u201cNa terra, n\u00e3o chameis a ningu\u00e9m vosso \u2018Pai\u2019, porque um s\u00f3 \u00e9 o vosso pai, o Pai celeste\u201d<\/em>. E, por consequ\u00eancia, se <em>\u201cv\u00f3s sois todos irm\u00e3os, nenhum de v\u00f3s pode ser tratado por \u2018Mestre\u2019, pois um s\u00f3 \u00e9 o vosso Mestre<\/em> <em>(o Messias, Cristo)\u201d<\/em>.<\/p>\n<p><strong>C <\/strong>\u2013 O que n\u00e3o pod\u00edamos imaginar \u2013 mas foi um facto \u2013 \u00e9 que, ainda nos <em>Profetas do AT<\/em>, um destes (<em>Malaquias<\/em>) se perguntasse \u2013 inspirado por Deus, claro \u2013 e em nome de todos os humanos: <em>\u201cN\u00e3o temos todos n\u00f3s um s\u00f3 Pai?&#8230; Ent\u00e3o porque somos desleais uns para com os outros\u2026?\u201d<\/em>.<em>(Ml 2,<\/em><em>10<\/em><em>)<\/em>.<\/p>\n<p><strong>O <\/strong>\u2013 Assim, cada vez fica mais patente e transparente que somos <em>irm\u00e3os todos<\/em>. E n\u00e3o tem sentido, portanto, dizer: \u2018este sim, aquele n\u00e3o\u2019; uns, sim, s\u00e3o <em>meus irm\u00e3os<\/em>, outros <em>n\u00e3o, <\/em>de maneira nenhuma!&#8230; Quem somos n\u00f3s para <em>\u201cfazermos ace\u00e7\u00e3o de pessoas\u201d<\/em> como aqueles \u2018sacerdotes\u2019 a quem fala Malaquias!?<\/p>\n<p><strong>C <\/strong>\u2013 Paulo, por\u00e9m, ao escrever a sua Carta aos habitantes de Tessal\u00f3nica, considera todos como irm\u00e3os, e chega a dizer: <em>\u201cpela viva afei\u00e7\u00e3o que vos dedicamos, desejar\u00edamos partilhar convosco, n\u00e3o s\u00f3 o Evangelho de Deus, mas at\u00e9 a pr\u00f3pria vida\u2026\u201d<\/em>.<\/p>\n<p><strong>\u00a0<\/strong><\/p>\n<p><strong>\u0092<\/strong> <strong>X &#8212; O facto de sermos, todos, <em>filhos<\/em> do Pai-Deus, determina que sejamos, todos, <em>irm\u00e3os<\/em> uns dos outros, com todas as consequ\u00eancias\u2026 para todos os efeitos\u2026 e sem distin\u00e7\u00e3o ou <em>\u201cace\u00e7\u00e3o de pessoas\u201d<\/em>\u2026 Vimos noutra parte, que, mesmo considerando \u2018apenas\u2019 que somos <em>filhos,<\/em> de Deus, isso nos <em>obrigava<\/em> a sermos \u2018santos\u2019! Agora, se, para mais e na sequ\u00eancia do anterior, consideramos que somos <em>irm\u00e3os<\/em> de todos, temos mais um motivo capital para trabalharmos na nossa \u2018santifica\u00e7\u00e3o\u2019! E pode parecer-nos relativamente <em>f\u00e1cil<\/em> aceitarmos a nossa <em>filia\u00e7\u00e3o<\/em> divina; e muito <em>dif\u00edcil<\/em> assumirmos a <em>fraternidade<\/em> universal, <em>sem exce\u00e7\u00f5es<\/em>. N\u00e3o \u00e9? Mas, pelo facto de ser ambas <em>insepar\u00e1veis<\/em>, n\u00e3o poderemos conseguir a \u201csantidade\u201d sem aceitar e viver esta segunda verdade, t\u00e3o real como a primeira. A experi\u00eancia pr\u00f3pria nos diz que, por vezes, resulta-nos muito dif\u00edcil \u2013 para n\u00e3o dizer imposs\u00edvel! \u2013 <em>aceitar e amar<\/em> sinceramente tal pessoa (?) ou tal grupo (?) ou tal \u2018classe\u2019 de indiv\u00edduos (?), sejam eles conhecidos ou n\u00e3o\u2026 Mesmo assim, esse \u00e9 <em>o objetivo e a meta<\/em> a alcan\u00e7ar, ou ent\u00e3o n\u00e3o haver\u00e1 <em>amor<\/em> verdadeiro nem, portanto, qualquer <em>santidade!<\/em>&#8230;\u00a0 &#8212; \u00c9 verdade, Senhor. Como \u00e9 que eu posso acudir a Ti, em atitude <em>filial<\/em>, se, ao mesmo tempo, n\u00e3o quero aceitar e amar um <em>irm\u00e3o<\/em> ou <em>irm\u00e3<\/em>, que \u00e9 t\u00e3o filho Teu como eu? Isso equivale a negar que Tu \u00e9s o nosso Pai comum! N\u00e3o permitas, Pai nosso, que isto aconte\u00e7a. Infunde em n\u00f3s o Esp\u00edrito do Teu Filho! <\/strong><\/p>\n<p><strong>\u00a0<\/strong><\/p>\n<p><strong>&#8212;<\/strong> [<strong>\u266b<\/strong>] \u2013 <strong><u>ANT\u00cdFONA<\/u><\/strong><u>(S)<\/u><strong> <em>(~ \u2018Mantra<\/em><\/strong><em>(s)<strong>\u2019)<\/strong><\/em>:<\/p>\n<p>(<em>\u266a<\/em>) &#8211; <strong>\u00abComo o Pai Me amou, Eu vos tenho amado; permanecei no Meu amor, permanecei no Meu amor\u00bb \u2026<\/strong><\/p>\n<p>(<em>\u266a<\/em>) \u2013<strong>\u00abConvocados por Jesus, somos Comunidade. Convocados por Jesus, somos Comunidade. <em>Como \u00e9 belo estar unidos os irm\u00e3os! Como \u00e9 belo estar unidos os irm\u00e3os!<\/em>\u00bb <\/strong><strong>\u2026<\/strong><\/p>\n<p><em>\u00a0\u00a0 (do Salmo 132)<\/em><\/p>\n<p><strong>\u00a0<\/strong><\/p>\n<p><strong><u>\u00abTEXTOS\u00bb \u00c0 LUZ DESTA <em>PALAVRA<\/em><\/u><\/strong><\/p>\n<p><strong><em>[ <\/em><\/strong><em><u>do Papa<\/u><\/em><em> \/ da <u>B\u00edblia<\/u> \/ <u>Outros<\/u> <strong>]<\/strong><\/em><\/p>\n<p><strong>&#8212; <\/strong><em><u>Papa Francisco<\/u><\/em><\/p>\n<p><em>\u00a0\u00a0\u00a0\u00a0 \u00a0\u00a0\u00a0\u00a0\u00a0\u00a0\u00a0\u00a0 \u00a0\u00a0\u00a0\u00a0\u00a0&#8211; Na parte final da <u>Carta Enc\u00edclica \u201c<\/u><\/em><strong><em><u>Fratelli Tutti<\/u><\/em><\/strong><strong><em>\u201d<\/em><\/strong><em>-[\u201cIrm\u00e3os Todos\u201d] : <\/em><\/p>\n<p>\u00ab\u2026Quero retomar aqui o apelo \u00e0 paz, justi\u00e7a e fraternidade que fizemos juntos:<\/p>\n<p>\u201cEm nome de Deus, que criou todos os seres humanos iguais nos direitos, nos deveres e na dignidade e os chamou a conviver entre si como irm\u00e3os, a povoar a terra e espalhar sobre ela os valores do bem, da caridade e da paz.<\/p>\n<p>Em nome da alma humana inocente que Deus proibiu de matar, afirmando que qualquer um que mate uma pessoa \u00e9 como se tivesse morto toda a humanidade e quem quer que salve uma pessoa \u00e9 como se tivesse salvo toda a humanidade.<\/p>\n<p>Em nome dos pobres, dos miser\u00e1veis, dos necessitados e dos marginalizados, a quem Deus ordenou socorrer como um dever exigido a todos os homens\u2026<\/p>\n<p>Em nome dos \u00f3rf\u00e3os, das vi\u00favas, dos refugiados e dos exilados das suas casas e dos seus pa\u00edses; de todas as v\u00edtimas das guerras, das persegui\u00e7\u00f5es e das injusti\u00e7as\u2026<\/p>\n<p>Em nome da <em>\u201cfraternidade humana\u201d<\/em>, que abra\u00e7a todos os homens, une-os e torna-os iguais.<\/p>\n<p>Em nome desta <em>fraternidade<\/em>, dilacerada pelas pol\u00edticas de integralismo e divis\u00e3o, pelos sistemas de lucro desmesurado e pelas tend\u00eancias ideol\u00f3gicas odiosas, que manipulam as a\u00e7\u00f5es e os destinos dos homens.<\/p>\n<p>Em nome da liberdade, que Deus deu a todos os seres humanos, criando-os livres e enobrecendo-os com essa liberdade.<\/p>\n<p>Em nome da justi\u00e7a e miseric\u00f3rdia, fundamentos da prosperidade e pilares da f\u00e9.<\/p>\n<p>Em nome de todas as pessoas de boa vontade, presentes em todos os cantos da terra.<\/p>\n<p>Em nome de Deus e de tudo isto, (\u2026) declaramos adotar a cultura do di\u00e1logo como caminho; a colabora\u00e7\u00e3o comum como conduta; o conhecimento m\u00fatuo como m\u00e9todo e crit\u00e9rio\u201d <em>[Documento conjunto \u2013 <\/em>com o<em> Grande Im\u00e3 Ahmad Al-Tayyeb, <\/em>em <em>Abu Dhabi \u2013 04.02.2019]<\/em><em>.<\/em><\/p>\n<p>\u2026Neste espa\u00e7o de reflex\u00e3o sobre a fraternidade universal, senti-me motivado especialmente por S\u00e3o Francisco de Assis e tamb\u00e9m por outros irm\u00e3os que n\u00e3o s\u00e3o cat\u00f3licos: Martin Luther King, Desmond Tutu, Mahatma Mohandas Gandhi e muitos outros\u2026<\/p>\n<p>\u2026O ideal do Beato <em>Carlos de Foucauld<\/em>, de uma entrega total a Deus encaminhou-o para uma identifica\u00e7\u00e3o com os \u00faltimos, os mais abandonados no interior do deserto africano. Naquele contexto, afloravam os seus desejos de \u00absentir todo o ser humano como um irm\u00e3o\u00bb, e pedia a um amigo: <em>\u00abPe\u00e7a a Deus que eu seja realmente o irm\u00e3o de todos\u00bb<\/em>. Enfim queria ser <em>\u00abo irm\u00e3o universal\u00bb<\/em>. Mas somente identificando-se com os \u00faltimos \u00e9 que chegou a ser irm\u00e3o de todos. Que Deus inspire este ideal a cada um de n\u00f3s. \u00c1men.<\/p>\n<p><em><u>Ora\u00e7\u00e3o ao Criador<\/u><\/em><\/p>\n<p>Senhor e Pai da humanidade,<\/p>\n<p>que criastes todos os seres humanos com a mesma dignidade,<\/p>\n<p>infundi nos nossos cora\u00e7\u00f5es um esp\u00edrito fraterno.<\/p>\n<p>Inspirai-nos o sonho de um novo encontro, de di\u00e1logo, de justi\u00e7a e de paz.<\/p>\n<p>Estimulai-nos a criar sociedades mais sadias e um mundo mais digno,<\/p>\n<p>sem fome, sem pobreza, sem viol\u00eancia, sem guerras.<\/p>\n<p>Que o nosso cora\u00e7\u00e3o se abra<\/p>\n<p>a todos os povos e na\u00e7\u00f5es da terra,<\/p>\n<p>para reconhecer o bem e a beleza<\/p>\n<p>que semeastes em cada um deles,<\/p>\n<p>para estabelecer la\u00e7os de unidade, de projetos comuns,<\/p>\n<p>de esperan\u00e7as compartilhadas. \u00c1men.<\/p>\n<p><em><u>Ora\u00e7\u00e3o Crist\u00e3 Ecum\u00e9nica<\/u><\/em><\/p>\n<p>Deus nosso, Trindade de amor,<\/p>\n<p>a partir da poderosa comunh\u00e3o da vossa intimidade divina<\/p>\n<p>infundi no meio de n\u00f3s o rio do amor fraterno.<\/p>\n<p>Dai-nos o amor que transparecia nos gestos de Jesus,<\/p>\n<p>na sua fam\u00edlia de Nazar\u00e9 e na primeira comunidade crist\u00e3.<\/p>\n<p>Concedei-nos, a n\u00f3s crist\u00e3os, que vivamos o Evangelho<\/p>\n<p>e reconhe\u00e7amos Cristo em cada ser humano,<\/p>\n<p>para O vermos crucificado nas ang\u00fastias dos abandonados<\/p>\n<p>e dos esquecidos deste mundo<\/p>\n<p>e ressuscitado em cada irm\u00e3o que se levanta.<\/p>\n<p>Vinde, Esp\u00edrito Santo! Mostrai-nos a vossa beleza<\/p>\n<p>refletida em todos os povos da terra,<\/p>\n<p>para descobrirmos que todos s\u00e3o importantes,<\/p>\n<p>que todos s\u00e3o necess\u00e1rios, que s\u00e3o rostos diferentes<\/p>\n<p>da mesma humanidade amada por Deus. \u00c1men\u00bb.<\/p>\n<p><em>[ Da Enc\u00edclica <\/em><strong><em>\u00abFratelli Tutti\u00bb <\/em><\/strong><em>(\u201c<\/em><strong><em>Irm\u00e3os Todos<\/em><\/strong><em>\u201d)-Parte final <\/em><em>(n\u00ba 285-287\u2026)<\/em><em> &#8211;<\/em> <em><u>03.10.2020<\/u><\/em> <em>]<\/em><\/p>\n<p><strong>\u00a0<\/strong><\/p>\n<p>&nbsp;<\/p>\n<p>\/\/ <em>PARA outras REFLEX\u00d5ES AFINS:<\/em>\u00a0 <a href=\"http:\/\/palavradeamorpalavra.sallep.net\">http:\/\/palavradeamorpalavra.sallep.net<\/a><\/p>\n","protected":false},"excerpt":{"rendered":"<p>Ml 2,9-10: \u201c- \u00abPor isso, como n\u00e3o seguis os meus caminhos e fazeis ace\u00e7\u00e3o de pessoas perante a lei, tamb\u00e9m Eu vos tornarei desprez\u00edveis e abjetos aos olhos de todo o povo\u00bb. &#8211; \u00abN\u00e3o temos todos n\u00f3s um s\u00f3 Pai? N\u00e3o foi o mesmo Deus que nos criou? Ent\u00e3o porque somos desleais uns para com [&hellip;]<\/p>\n","protected":false},"author":2,"featured_media":0,"comment_status":"open","ping_status":"open","sticky":false,"template":"","format":"standard","meta":{"footnotes":""},"categories":[6],"tags":[],"class_list":["post-4912","post","type-post","status-publish","format-standard","hentry","category-refletida","has-post-title","has-post-date","has-post-category","has-post-tag","has-post-comment","has-post-author",""],"builder_content":"","_links":{"self":[{"href":"https:\/\/palavradeamorpalavra.sallep.net\/index.php?rest_route=\/wp\/v2\/posts\/4912","targetHints":{"allow":["GET"]}}],"collection":[{"href":"https:\/\/palavradeamorpalavra.sallep.net\/index.php?rest_route=\/wp\/v2\/posts"}],"about":[{"href":"https:\/\/palavradeamorpalavra.sallep.net\/index.php?rest_route=\/wp\/v2\/types\/post"}],"author":[{"embeddable":true,"href":"https:\/\/palavradeamorpalavra.sallep.net\/index.php?rest_route=\/wp\/v2\/users\/2"}],"replies":[{"embeddable":true,"href":"https:\/\/palavradeamorpalavra.sallep.net\/index.php?rest_route=%2Fwp%2Fv2%2Fcomments&post=4912"}],"version-history":[{"count":2,"href":"https:\/\/palavradeamorpalavra.sallep.net\/index.php?rest_route=\/wp\/v2\/posts\/4912\/revisions"}],"predecessor-version":[{"id":4915,"href":"https:\/\/palavradeamorpalavra.sallep.net\/index.php?rest_route=\/wp\/v2\/posts\/4912\/revisions\/4915"}],"wp:attachment":[{"href":"https:\/\/palavradeamorpalavra.sallep.net\/index.php?rest_route=%2Fwp%2Fv2%2Fmedia&parent=4912"}],"wp:term":[{"taxonomy":"category","embeddable":true,"href":"https:\/\/palavradeamorpalavra.sallep.net\/index.php?rest_route=%2Fwp%2Fv2%2Fcategories&post=4912"},{"taxonomy":"post_tag","embeddable":true,"href":"https:\/\/palavradeamorpalavra.sallep.net\/index.php?rest_route=%2Fwp%2Fv2%2Ftags&post=4912"}],"curies":[{"name":"wp","href":"https:\/\/api.w.org\/{rel}","templated":true}]}}